{"id":10442,"date":"2024-02-12T10:43:45","date_gmt":"2024-02-12T13:43:45","guid":{"rendered":"https:\/\/www.didasantos.com.br\/v1\/?p=10442"},"modified":"2024-02-12T10:43:45","modified_gmt":"2024-02-12T13:43:45","slug":"acidente-na-br-251-uma-pessoa-morta-e-outra-ferida-em-colisao-envolvendo-caminhao-e-carretas","status":"publish","type":"post","link":"https:\/\/www.didasantos.com.br\/v1\/2024\/02\/12\/acidente-na-br-251-uma-pessoa-morta-e-outra-ferida-em-colisao-envolvendo-caminhao-e-carretas\/","title":{"rendered":"Acidente na BR-251: Uma Pessoa Morta e Outra Ferida em Colis\u00e3o Envolvendo Caminh\u00e3o e Carretas"},"content":{"rendered":"<div class=\"w-full text-token-text-primary\" data-testid=\"conversation-turn-7\">\n<div class=\"px-4 py-2 justify-center text-base md:gap-6 m-auto\">\n<div class=\"flex flex-1 text-base mx-auto gap-3 md:px-5 lg:px-1 xl:px-5 md:max-w-3xl lg:max-w-[40rem] xl:max-w-[48rem] group\">\n<div class=\"relative flex w-full flex-col lg:w-[calc(100%-115px)] agent-turn\">\n<div class=\"flex-col gap-1 md:gap-3\">\n<div class=\"flex flex-grow flex-col max-w-full\">\n<div class=\"min-h-[20px] text-message flex flex-col items-start gap-3 whitespace-pre-wrap break-words [.text-message+&amp;]:mt-5 overflow-x-auto\" data-message-author-role=\"assistant\" data-message-id=\"6043588f-4c54-4c2c-817e-95392fd248f1\">\n<div class=\"markdown prose w-full break-words dark:prose-invert dark\">\n<p>No \u00faltimo domingo (11), um tr\u00e1gico acidente envolvendo um caminh\u00e3o, duas carretas e um carro resultou em uma v\u00edtima fatal e outra pessoa ferida grave na BR-251.<\/p>\n<p>Segundo relatos do Corpo de Bombeiros, o acidente ocorreu quando o caminh\u00e3o colidiu na traseira das duas carretas e, em seguida, atingiu lateralmente o carro que seguia no sentido contr\u00e1rio, subindo a Serra de Francisco S\u00e1. O caminh\u00e3o, carregado com frutas, estava em trajeto de Brumado (BA) para Belo Horizonte.<\/p>\n<p>O motorista do caminh\u00e3o, um jovem de 24 anos, ficou preso \u00e0s ferragens e foi resgatado pelos bombeiros. Ele foi transportado para a Santa Casa de Montes Claros pelo Suporte A\u00e9reo Avan\u00e7ado de Vida (SAAV) com fraturas na t\u00edbia e f\u00eamur, conforme informa\u00e7\u00f5es do Samu.<\/p>\n<p>Infelizmente, o passageiro do caminh\u00e3o, um idoso de 73 anos, n\u00e3o resistiu aos ferimentos e veio a \u00f3bito no local do acidente. Ele tamb\u00e9m ficou preso \u00e0s ferragens e foi resgatado pelos militares.<\/p>\n<p>O motorista de uma das carretas, de 62 anos, sofreu um corte na perna, foi atendido pelos socorristas do Samu e n\u00e3o precisou ser encaminhado ao hospital. J\u00e1 o condutor da terceira carreta saiu ileso do acidente.<\/p>\n<p>Felizmente, as tr\u00eas pessoas que viajavam no carro de passeio n\u00e3o sofreram ferimentos.<\/p>\n<p>A rodovia ficou interditada em ambos os sentidos e s\u00f3 foi liberada para tr\u00e1fego no sistema pare e siga ap\u00f3s 3 horas e meia. A per\u00edcia esteve no local e as causas do acidente ser\u00e3o investigadas.<\/p>\n<\/div>\n<\/div>\n<\/div>\n<div class=\"mt-1 flex justify-start gap-3 empty:hidden\">\n<div class=\"text-gray-400 flex self-end lg:self-center justify-center lg:justify-start mt-0 -ml-1 visible\"><button class=\"flex items-center gap-1.5 rounded-md p-1 text-xs text-token-text-tertiary hover:text-token-text-primary md:invisible md:group-hover:visible md:group-[.final-completion]:visible\"><\/button><\/p>\n<div class=\"flex\"><\/div>\n<\/div>\n<\/div>\n<\/div>\n<div class=\"absolute\">\n<div class=\"flex w-full gap-2 items-center justify-center\"><\/div>\n<\/div>\n<\/div>\n<\/div>\n<\/div>\n<\/div>\n<div class=\"w-full text-token-text-primary\" data-testid=\"conversation-turn-8\">\n<div class=\"px-4 py-2 justify-center text-base md:gap-6 m-auto\">\n<div class=\"flex flex-1 text-base mx-auto gap-3 md:px-5 lg:px-1 xl:px-5 md:max-w-3xl lg:max-w-[40rem] xl:max-w-[48rem] group\">\n<div class=\"flex-shrink-0 flex flex-col relative items-end\">\n<div>\n<div class=\"pt-0.5\">\n<div class=\"gizmo-shadow-stroke flex h-6 w-6 items-center justify-center overflow-hidden rounded-full\"><\/div>\n<\/div>\n<\/div>\n<\/div>\n<\/div>\n<\/div>\n<\/div>\n","protected":false},"excerpt":{"rendered":"<p>No \u00faltimo domingo (11), um tr\u00e1gico acidente envolvendo um caminh\u00e3o, duas carretas e um carro resultou em uma v\u00edtima fatal e outra pessoa ferida grave na BR-251. Segundo relatos do Corpo de Bombeiros, o acidente ocorreu quando o caminh\u00e3o colidiu na traseira das duas carretas e, em seguida, atingiu lateralmente o carro que seguia no &hellip;<\/p>\n","protected":false},"author":3,"featured_media":10443,"comment_status":"closed","ping_status":"closed","sticky":false,"template":"","format":"standard","meta":{"_links_to":"","_links_to_target":""},"categories":[25],"tags":[],"_links":{"self":[{"href":"https:\/\/www.didasantos.com.br\/v1\/wp-json\/wp\/v2\/posts\/10442"}],"collection":[{"href":"https:\/\/www.didasantos.com.br\/v1\/wp-json\/wp\/v2\/posts"}],"about":[{"href":"https:\/\/www.didasantos.com.br\/v1\/wp-json\/wp\/v2\/types\/post"}],"author":[{"embeddable":true,"href":"https:\/\/www.didasantos.com.br\/v1\/wp-json\/wp\/v2\/users\/3"}],"replies":[{"embeddable":true,"href":"https:\/\/www.didasantos.com.br\/v1\/wp-json\/wp\/v2\/comments?post=10442"}],"version-history":[{"count":1,"href":"https:\/\/www.didasantos.com.br\/v1\/wp-json\/wp\/v2\/posts\/10442\/revisions"}],"predecessor-version":[{"id":10444,"href":"https:\/\/www.didasantos.com.br\/v1\/wp-json\/wp\/v2\/posts\/10442\/revisions\/10444"}],"wp:featuredmedia":[{"embeddable":true,"href":"https:\/\/www.didasantos.com.br\/v1\/wp-json\/wp\/v2\/media\/10443"}],"wp:attachment":[{"href":"https:\/\/www.didasantos.com.br\/v1\/wp-json\/wp\/v2\/media?parent=10442"}],"wp:term":[{"taxonomy":"category","embeddable":true,"href":"https:\/\/www.didasantos.com.br\/v1\/wp-json\/wp\/v2\/categories?post=10442"},{"taxonomy":"post_tag","embeddable":true,"href":"https:\/\/www.didasantos.com.br\/v1\/wp-json\/wp\/v2\/tags?post=10442"}],"curies":[{"name":"wp","href":"https:\/\/api.w.org\/{rel}","templated":true}]}}