{"id":10463,"date":"2024-02-15T20:42:11","date_gmt":"2024-02-15T23:42:11","guid":{"rendered":"https:\/\/www.didasantos.com.br\/v1\/?p=10463"},"modified":"2024-02-15T20:42:11","modified_gmt":"2024-02-15T23:42:11","slug":"lider-comunitario-dida-santos-e-prefeita-sheila-lemos-discutem-demandas-do-bairro-vila-america-e-outras-comunidades","status":"publish","type":"post","link":"https:\/\/www.didasantos.com.br\/v1\/2024\/02\/15\/lider-comunitario-dida-santos-e-prefeita-sheila-lemos-discutem-demandas-do-bairro-vila-america-e-outras-comunidades\/","title":{"rendered":"L\u00edder Comunit\u00e1rio Dida Santos e Prefeita Sheila Lemos Discutem Demandas do Bairro Vila Am\u00e9rica e outras comunidades."},"content":{"rendered":"<div class=\"w-full text-token-text-primary\" data-testid=\"conversation-turn-23\">\n<div class=\"px-4 py-2 justify-center text-base md:gap-6 m-auto\">\n<div class=\"flex flex-1 text-base mx-auto gap-3 md:px-5 lg:px-1 xl:px-5 md:max-w-3xl lg:max-w-[40rem] xl:max-w-[48rem] group\">\n<div class=\"relative flex w-full flex-col agent-turn\">\n<div class=\"flex-col gap-1 md:gap-3\">\n<div class=\"flex flex-grow flex-col max-w-full\">\n<div class=\"min-h-[20px] text-message flex flex-col items-start gap-3 whitespace-pre-wrap break-words [.text-message+&amp;]:mt-5 overflow-x-auto\" data-message-author-role=\"assistant\" data-message-id=\"2856ca02-d824-4325-b0f6-8ce8ed3a12b5\">\n<div class=\"markdown prose w-full break-words dark:prose-invert dark\">\n<p>Na \u00faltima segunda-feira, 12 de fevereiro, o l\u00edder comunit\u00e1rio Dida Santos se reuniu com a Prefeita Sheila Lemos para discutir diversas demandas do bairro Vila Am\u00e9rica e de outros bairros da regi\u00e3o.<\/p>\n<p><iframe loading=\"lazy\" src=\"https:\/\/drive.google.com\/file\/d\/1Xy10owXRJC4ZetvrsURDK9qpfec1EnBh\/preview\" width=\"440\" height=\"280\" allow=\"autoplay\"><\/iframe>&nbsp;<\/p>\n<p>Um dos principais temas abordados durante o encontro foi a necessidade de pavimenta\u00e7\u00e3o das Avenidas Francisco Sabino e Jos\u00e9 de Sam Martins, duas importantes vias que servem n\u00e3o apenas o bairro Vila Am\u00e9rica, mas tamb\u00e9m \u00e1reas adjacentes. A pavimenta\u00e7\u00e3o dessas vias \u00e9 uma demanda antiga da comunidade, que enfrenta problemas de infraestrutura e mobilidade.<\/p>\n<p>Al\u00e9m da pavimenta\u00e7\u00e3o das avenidas, foram discutidos outros assuntos de interesse da comunidade, como melhorias na seguran\u00e7a, na educa\u00e7\u00e3o e na sa\u00fade p\u00fablica. O l\u00edder comunit\u00e1rio destacou a import\u00e2ncia da parceria entre a comunidade e a prefeitura para o desenvolvimento e o bem-estar de todos os moradores.<\/p>\n<p>A Prefeita Sheila Lemos se mostrou receptiva \u00e0s demandas apresentadas e se comprometeu a estudar as possibilidades de atender \u00e0s necessidades da comunidade. Ela ressaltou a import\u00e2ncia do di\u00e1logo e da participa\u00e7\u00e3o ativa dos cidad\u00e3os na constru\u00e7\u00e3o de uma cidade mais justa e inclusiva.<\/p>\n<p>A reuni\u00e3o entre o l\u00edder comunit\u00e1rio Dida Santos e a Prefeita Sheila Lemos demonstra o empenho conjunto em buscar solu\u00e7\u00f5es para os desafios enfrentados pela comunidade, reafirmando o compromisso com o desenvolvimento e o progresso do bairro Vila Am\u00e9rica e de toda a cidade.<\/p>\n<\/div>\n<\/div>\n<\/div>\n<div class=\"mt-1 flex justify-start gap-3 empty:hidden\">\n<div class=\"text-gray-400 flex self-end lg:self-center justify-center lg:justify-start mt-0 -ml-1 visible\"><button class=\"flex items-center gap-1.5 rounded-md p-1 text-xs text-token-text-tertiary hover:text-token-text-primary md:invisible md:group-hover:visible md:group-[.final-completion]:visible\"><\/button><\/p>\n<div class=\"flex\"><\/div>\n<\/div>\n<\/div>\n<\/div>\n<div class=\"absolute\">\n<div class=\"flex w-full gap-2 items-center justify-center\"><\/div>\n<\/div>\n<\/div>\n<\/div>\n<\/div>\n<\/div>\n<div class=\"w-full text-token-text-primary\" data-testid=\"conversation-turn-24\">\n<div class=\"px-4 py-2 justify-center text-base md:gap-6 m-auto\">\n<div class=\"flex flex-1 text-base mx-auto gap-3 md:px-5 lg:px-1 xl:px-5 md:max-w-3xl lg:max-w-[40rem] xl:max-w-[48rem] group\">\n<div class=\"flex-shrink-0 flex flex-col relative items-end\">\n<div>\n<div class=\"pt-0.5\">\n<div class=\"gizmo-shadow-stroke flex h-6 w-6 items-center justify-center overflow-hidden rounded-full\"><\/div>\n<\/div>\n<\/div>\n<\/div>\n<\/div>\n<\/div>\n<\/div>\n","protected":false},"excerpt":{"rendered":"<p>Na \u00faltima segunda-feira, 12 de fevereiro, o l\u00edder comunit\u00e1rio Dida Santos se reuniu com a Prefeita Sheila Lemos para discutir diversas demandas do bairro Vila Am\u00e9rica e de outros bairros da regi\u00e3o. &nbsp; Um dos principais temas abordados durante o encontro foi a necessidade de pavimenta\u00e7\u00e3o das Avenidas Francisco Sabino e Jos\u00e9 de Sam Martins, &hellip;<\/p>\n","protected":false},"author":3,"featured_media":10464,"comment_status":"closed","ping_status":"closed","sticky":false,"template":"","format":"standard","meta":{"_links_to":"","_links_to_target":""},"categories":[22],"tags":[],"_links":{"self":[{"href":"https:\/\/www.didasantos.com.br\/v1\/wp-json\/wp\/v2\/posts\/10463"}],"collection":[{"href":"https:\/\/www.didasantos.com.br\/v1\/wp-json\/wp\/v2\/posts"}],"about":[{"href":"https:\/\/www.didasantos.com.br\/v1\/wp-json\/wp\/v2\/types\/post"}],"author":[{"embeddable":true,"href":"https:\/\/www.didasantos.com.br\/v1\/wp-json\/wp\/v2\/users\/3"}],"replies":[{"embeddable":true,"href":"https:\/\/www.didasantos.com.br\/v1\/wp-json\/wp\/v2\/comments?post=10463"}],"version-history":[{"count":1,"href":"https:\/\/www.didasantos.com.br\/v1\/wp-json\/wp\/v2\/posts\/10463\/revisions"}],"predecessor-version":[{"id":10465,"href":"https:\/\/www.didasantos.com.br\/v1\/wp-json\/wp\/v2\/posts\/10463\/revisions\/10465"}],"wp:featuredmedia":[{"embeddable":true,"href":"https:\/\/www.didasantos.com.br\/v1\/wp-json\/wp\/v2\/media\/10464"}],"wp:attachment":[{"href":"https:\/\/www.didasantos.com.br\/v1\/wp-json\/wp\/v2\/media?parent=10463"}],"wp:term":[{"taxonomy":"category","embeddable":true,"href":"https:\/\/www.didasantos.com.br\/v1\/wp-json\/wp\/v2\/categories?post=10463"},{"taxonomy":"post_tag","embeddable":true,"href":"https:\/\/www.didasantos.com.br\/v1\/wp-json\/wp\/v2\/tags?post=10463"}],"curies":[{"name":"wp","href":"https:\/\/api.w.org\/{rel}","templated":true}]}}