{"id":11034,"date":"2024-06-18T11:46:32","date_gmt":"2024-06-18T14:46:32","guid":{"rendered":"https:\/\/www.didasantos.com.br\/v1\/?p=11034"},"modified":"2024-06-18T11:46:36","modified_gmt":"2024-06-18T14:46:36","slug":"prefeitura-assina-ordem-de-servico-para-construcao-da-praca-da-feira-da-urbis-6-estrutura-tera-areas-para-comercio-e-lazer","status":"publish","type":"post","link":"https:\/\/www.didasantos.com.br\/v1\/2024\/06\/18\/prefeitura-assina-ordem-de-servico-para-construcao-da-praca-da-feira-da-urbis-6-estrutura-tera-areas-para-comercio-e-lazer\/","title":{"rendered":"Prefeitura assina Ordem de Servi\u00e7o para constru\u00e7\u00e3o da Pra\u00e7a da Feira da Urbis 6. Estrutura ter\u00e1 \u00e1reas para com\u00e9rcio e lazer"},"content":{"rendered":"<p><img decoding=\"async\" loading=\"lazy\" class=\"alignnone size-full wp-image-11035\" src=\"https:\/\/www.didasantos.com.br\/v1\/wp-content\/uploads\/2024\/06\/1000088186.jpg\" alt=\"\" width=\"602\" height=\"550\" srcset=\"https:\/\/www.didasantos.com.br\/v1\/wp-content\/uploads\/2024\/06\/1000088186.jpg 602w, https:\/\/www.didasantos.com.br\/v1\/wp-content\/uploads\/2024\/06\/1000088186-300x274.jpg 300w\" sizes=\"(max-width: 602px) 100vw, 602px\" \/><\/p>\n<p>Neste domingo (16), em meio \u00e0 programa\u00e7\u00e3o da feira livre local e aos \u201cbabas\u201d na quadra de esportes e no campinho em frente \u00e0 Escola Municipal Fidelcina Carvalho, o Governo Municipal anunciou oficialmente a constru\u00e7\u00e3o da Pra\u00e7a da Feira da Urbis 6. Com a Ordem de Servi\u00e7o devidamente assinada pela prefeita Sheila Lemos e pelos respectivos secret\u00e1rios, as obras devem come\u00e7ar ap\u00f3s o S\u00e3o Jo\u00e3o, e ficar\u00e3o a cargo da empresa G3 Polaris Servi\u00e7os Eireli.<\/p>\n<p>Com um investimento de quase R$ 1,3 milh\u00e3o, a nova estrutura ser\u00e1 constru\u00edda em frente \u00e0 Unidade de Sa\u00fade da Urbis 6. O projeto criado pela Secretaria Municipal de Infraestrutura Urbana (Seinfra) prev\u00ea uma cobertura de 600 metros quadrados sobre uma \u00e1rea pavimentada de 2,5 mil metros quadrados \u2013 semelhante ao equipamento recentemente entregue pela Prefeitura na Feira do Bairro Brasil.<\/p>\n<p>Ordem de servi\u00e7o foi assinada pela prefeita Sheila Lemos\u2026<\/p>\n<p>\u2026e pelos secret\u00e1rios Jackson Yoshiura\u2026<\/p>\n<p>\u2026e Ana Cl\u00e1udia Passos\u2026<\/p>\n<p>\u2026al\u00e9m do vereador Herm\u00ednio Oliveira<\/p>\n<p>Al\u00e9m do espa\u00e7o destinado aos comerciantes, ser\u00e3o constru\u00eddos m\u00f3dulos que funcionar\u00e3o como \u00e1rea de servi\u00e7o e dep\u00f3sito para materiais de limpeza, sanit\u00e1rios, bancos, \u00e1rea de lazer com o plantio de \u00e1rvores, nova ilumina\u00e7\u00e3o e 39 vagas de estacionamento \u2013 tudo de acordo com as regras de acessibilidade.<\/p>\n<p>\u201c\u00c9 uma obra que vai beneficiar n\u00e3o s\u00f3 a Urbis 6. O local foi escolhido porque vai beneficiar tamb\u00e9m as comunidades de locais como Renato Magalh\u00e3es, Vila Elisa, Morada Real, Parque Lorena e outros. E para que, no futuro, tamb\u00e9m possamos expandir\u201d, explicou a prefeita Sheila Lemos. \u201cE n\u00e3o ser\u00e1 s\u00f3 a feira. Vamos fazer todo um complexo que tamb\u00e9m ter\u00e1 \u00e1rea de lazer para toda a comunidade\u201d.<\/p>\n<p>\u201cAmbiente mais convidativo\u201d<\/p>\n<p>Segundo o secret\u00e1rio municipal de Infraestrutura Urbana, Jackson Yoshiura, a concep\u00e7\u00e3o arquitet\u00f4nica da obra cont\u00e9m inova\u00e7\u00f5es que v\u00e3o al\u00e9m do espa\u00e7o dedicado ao com\u00e9rcio de frutas, verduras e outros produtos. \u201c\u00c9 uma nomenclatura nova. Estamos chamando de Pra\u00e7a da Feira exatamente porque ser\u00e1 uma novidade. N\u00f3s vamos relacionar esses elementos, trabalhando com pra\u00e7a e feira, para que o ambiente seja ainda mais convidativo e harm\u00f4nico, tanto para as pessoas que estar\u00e3o comercializando seus produtos quanto para as que v\u00e3o consumir\u201d, informou Jackson.<\/p>\n<p>Arnaldo Tamborim<\/p>\n<p>Representante dos feirantes que trabalham na tradicional feira do bairro, o comerciante Arnaldo Tamborim falou sobre as expectativas da categoria em rela\u00e7\u00e3o ao empreendimento. \u201cEstamos muito agradecidos. N\u00e3o s\u00f3 os feirantes, mas tamb\u00e9m os moradores\u201d, afirmou Tamborim. \u201cTenho certeza de que estaremos todos organizados, cada um no seu lugar\u201d.<\/p>\n<p>A prefeita anunciou tamb\u00e9m o recapeamento asf\u00e1ltico das ruas B, C, D, E, H, I e J, como parte do programa municipal Acelera Conquista. A Seinfra pretende iniciar o servi\u00e7o j\u00e1 nesta semana, se o clima permitir. \u201cS\u00e3o muitas coisas que n\u00f3s estamos fazendo, com muitos recursos para Vit\u00f3ria da Conquista\u201d, resumiu Sheila.<\/p>\n<p>Daniele Rodrigues, com a prima Thamires<\/p>\n<p>\u201cObra vai impactar\u201d<\/p>\n<p>A feirante Elizabete Prates, 53 anos, que mant\u00e9m uma barraca na Feira da Urbis 6 h\u00e1 tr\u00eas anos, tamb\u00e9m comentou sobre o que espera da nova Pra\u00e7a da Feira. \u201cA expectativa \u00e9 a melhor. Porque aqui a gente trabalha dentro da lama e da terra. E a\u00ed, \u00e9 uma coisa melhor pra nossa comunidade. Ent\u00e3o, espero que seja uma coisa boa. A gente t\u00e1 precisando, mesmo\u201d, observou a vendedora, cujas esperan\u00e7as positivas incluem ainda um aumento nas vendas: \u201cAcho que vai melhorar bastante e aumentar o n\u00famero de pessoas\u201d.<\/p>\n<p>Elizabete Prates<\/p>\n<p>Eliz\u00e2ngela Gusm\u00e3o<\/p>\n<p>A manicure Eliz\u00e2ngela Gusm\u00e3o, 44 anos, irm\u00e3 de Elizabete, mora no Loteamento Morada Real e frequenta a Feira da Urbis 6 todos os domingos. Ela tamb\u00e9m viu com bons olhos a novidade sobre a constru\u00e7\u00e3o da Pra\u00e7a da Feira. \u201c\u00c9 muito interessante, porque o pessoal aqui vem sofrendo, quando chove \u00e9 uma lama\u201d, contou. \u201cE ia dar mais, muito mais, gente pra comprar\u201d.<\/p>\n<p>Para Daniela Rodrigues, 49 anos, que trabalha como coordenadora de qualidade numa ind\u00fastria de cal\u00e7ados, o projeto de unir os espa\u00e7os para com\u00e9rcio e lazer ser\u00e1 bem-vindo. \u201c\u00c9 uma obra que realmente vai impactar para os clientes da feira. E acho que para mim, tamb\u00e9m. Eu tenho um filho de 14 anos, e acho que essa pracinha tamb\u00e9m ser\u00e1 bem bacana, bem legal para nossos filhos. Para sentar um pouco, conversar. Acho que vai ser bem legal. Gostei muito da ideia. Parab\u00e9ns pela iniciativa da Prefeitura\u201d, analisou.<\/p>\n<p>\u201cCidade est\u00e1 sendo alavancada\u201d<\/p>\n<p>O presidente da C\u00e2mara Municipal, Herm\u00ednio Oliveira, respons\u00e1vel por solicitar a constru\u00e7\u00e3o da Pra\u00e7a da Feira junto ao Governo Municipal, agradeceu pela assinatura da ordem de servi\u00e7o e mencionou uma lista de obras que v\u00eam sendo realizadas na cidade, nas \u00e1reas de infraestrutura, educa\u00e7\u00e3o e sa\u00fade. \u201cA cidade est\u00e1 com um novo horizonte. Est\u00e1 sendo edificada, alavancada\u201d, observou Herm\u00ednio.<\/p>\n<p>Al\u00e9m dele, tamb\u00e9m participaram da cerim\u00f4nia de assinatura os vereadores Nildo Freitas, Lu\u00eds Carlos Dud\u00e9, Adinilson Pereira e Edivaldo Ferreira J\u00fanior.<\/p>\n","protected":false},"excerpt":{"rendered":"<p>Neste domingo (16), em meio \u00e0 programa\u00e7\u00e3o da feira livre local e aos \u201cbabas\u201d na quadra de esportes e no campinho em frente \u00e0 Escola Municipal Fidelcina Carvalho, o Governo Municipal anunciou oficialmente a constru\u00e7\u00e3o da Pra\u00e7a da Feira da Urbis 6. Com a Ordem de Servi\u00e7o devidamente assinada pela prefeita Sheila Lemos e pelos &hellip;<\/p>\n","protected":false},"author":3,"featured_media":11036,"comment_status":"closed","ping_status":"closed","sticky":false,"template":"","format":"standard","meta":{"_links_to":"","_links_to_target":""},"categories":[1],"tags":[],"_links":{"self":[{"href":"https:\/\/www.didasantos.com.br\/v1\/wp-json\/wp\/v2\/posts\/11034"}],"collection":[{"href":"https:\/\/www.didasantos.com.br\/v1\/wp-json\/wp\/v2\/posts"}],"about":[{"href":"https:\/\/www.didasantos.com.br\/v1\/wp-json\/wp\/v2\/types\/post"}],"author":[{"embeddable":true,"href":"https:\/\/www.didasantos.com.br\/v1\/wp-json\/wp\/v2\/users\/3"}],"replies":[{"embeddable":true,"href":"https:\/\/www.didasantos.com.br\/v1\/wp-json\/wp\/v2\/comments?post=11034"}],"version-history":[{"count":1,"href":"https:\/\/www.didasantos.com.br\/v1\/wp-json\/wp\/v2\/posts\/11034\/revisions"}],"predecessor-version":[{"id":11037,"href":"https:\/\/www.didasantos.com.br\/v1\/wp-json\/wp\/v2\/posts\/11034\/revisions\/11037"}],"wp:featuredmedia":[{"embeddable":true,"href":"https:\/\/www.didasantos.com.br\/v1\/wp-json\/wp\/v2\/media\/11036"}],"wp:attachment":[{"href":"https:\/\/www.didasantos.com.br\/v1\/wp-json\/wp\/v2\/media?parent=11034"}],"wp:term":[{"taxonomy":"category","embeddable":true,"href":"https:\/\/www.didasantos.com.br\/v1\/wp-json\/wp\/v2\/categories?post=11034"},{"taxonomy":"post_tag","embeddable":true,"href":"https:\/\/www.didasantos.com.br\/v1\/wp-json\/wp\/v2\/tags?post=11034"}],"curies":[{"name":"wp","href":"https:\/\/api.w.org\/{rel}","templated":true}]}}