{"id":11087,"date":"2024-06-21T10:24:46","date_gmt":"2024-06-21T13:24:46","guid":{"rendered":"https:\/\/www.didasantos.com.br\/v1\/?p=11087"},"modified":"2024-06-21T10:24:52","modified_gmt":"2024-06-21T13:24:52","slug":"arraia-da-conquista-2024-uma-celebracao-de-cultura-e-alegria","status":"publish","type":"post","link":"https:\/\/www.didasantos.com.br\/v1\/2024\/06\/21\/arraia-da-conquista-2024-uma-celebracao-de-cultura-e-alegria\/","title":{"rendered":"Arrai\u00e1 da Conquista 2024: Uma Celebra\u00e7\u00e3o de Cultura e Alegria"},"content":{"rendered":"<p>&nbsp;<\/p>\n<p>O Centro Cultural Glauber Rocha, no bairro Brasil, tem sido o epicentro da anima\u00e7\u00e3o em Vit\u00f3ria da Conquista durante os dias do Arrai\u00e1 da Conquista. A festa, que atrai pessoas de todas as idades, bem como fam\u00edlias e amigos, tem sido um sucesso retumbante.<\/p>\n<p>Os shows no palco principal do Arrai\u00e1 da Conquista come\u00e7aram na ter\u00e7a-feira, 18 de junho, com apresenta\u00e7\u00f5es emocionantes das artistas Liv Moraes, Elba Ramalho, Robertinha e Ranechyas. Na quarta-feira, 19 de junho, a festa continuou com os talentosos artistas Alcimar Monteiro, Frank Aguiar e Leonardo de Luna.<\/p>\n<p>Nas redes sociais prefeita Sheila Lemos (Uni\u00e3o Brasil) destacou a grande presen\u00e7a do p\u00fablico e a seguran\u00e7a nos dois primeiros dias de festa: \u201cUma festa muito linda. Casa cheia. A fam\u00edlia conquistense est\u00e1 presente. Muitas crian\u00e7as, muitos idosos. Um espa\u00e7o bem organizado, maravilhoso, sem nenhum tipo de confus\u00e3o, sem intercorr\u00eancias\u201d, disse Lemos.<\/p>\n<p>Na noite de quinta-feira, 20 de junho, o palco principal ser\u00e1 iluminado pelas apresenta\u00e7\u00f5es de Nadson Ferinha, Forr\u00f3 do Mari\u00e1, Rony Barbosa e aTargino Gondim. A expectativa \u00e9 de um recorde de p\u00fablico, segundo a prefeita. Na sexta-feira, 21 de junho, ser\u00e1 a vez de Nando Cordel encantar o p\u00fablico. E no s\u00e1bado, 22 de junho, a expectativa \u00e9 de casa cheia com as apresenta\u00e7\u00f5es de Amado Batista e Chambinho.<\/p>\n<p>\u201cEstamos aguardando ansiosamente pelas pr\u00f3ximas tr\u00eas noites. Lembrando que esperamos o maior p\u00fablico na noite de quinta-feira, com a apresenta\u00e7\u00e3o nacional de Nadson Ferinha, e no s\u00e1bado com nosso querido Amado Batista, que \u00e9 t\u00e3o adorado pela nossa enorme e querida zona rural\u201d, disse Lemos.<\/p>\n<p>Sheila Lemos assumiu a Prefeitura de Vit\u00f3ria da Conquista em 2021, ap\u00f3s a morte do ex-prefeito Herzem Gusm\u00e3o (MDB), que foi homenageado na Sala de Imprensa do Arrai\u00e1 da Conquista 2024. Para ela, a edi\u00e7\u00e3o deste ano \u00e9 a maior de sua gest\u00e3o, reafirmando o compromisso de tornar o Arraial da Conquista cada vez mais grandioso e especial. A cidade, com sua voca\u00e7\u00e3o para o turismo, finalmente est\u00e1 aproveitando ao m\u00e1ximo essa celebra\u00e7\u00e3o cultural e festiva.<\/p>\n","protected":false},"excerpt":{"rendered":"<p>&nbsp; O Centro Cultural Glauber Rocha, no bairro Brasil, tem sido o epicentro da anima\u00e7\u00e3o em Vit\u00f3ria da Conquista durante os dias do Arrai\u00e1 da Conquista. A festa, que atrai pessoas de todas as idades, bem como fam\u00edlias e amigos, tem sido um sucesso retumbante. Os shows no palco principal do Arrai\u00e1 da Conquista come\u00e7aram &hellip;<\/p>\n","protected":false},"author":3,"featured_media":11090,"comment_status":"closed","ping_status":"closed","sticky":false,"template":"","format":"standard","meta":{"_links_to":"","_links_to_target":""},"categories":[1],"tags":[],"_links":{"self":[{"href":"https:\/\/www.didasantos.com.br\/v1\/wp-json\/wp\/v2\/posts\/11087"}],"collection":[{"href":"https:\/\/www.didasantos.com.br\/v1\/wp-json\/wp\/v2\/posts"}],"about":[{"href":"https:\/\/www.didasantos.com.br\/v1\/wp-json\/wp\/v2\/types\/post"}],"author":[{"embeddable":true,"href":"https:\/\/www.didasantos.com.br\/v1\/wp-json\/wp\/v2\/users\/3"}],"replies":[{"embeddable":true,"href":"https:\/\/www.didasantos.com.br\/v1\/wp-json\/wp\/v2\/comments?post=11087"}],"version-history":[{"count":1,"href":"https:\/\/www.didasantos.com.br\/v1\/wp-json\/wp\/v2\/posts\/11087\/revisions"}],"predecessor-version":[{"id":11091,"href":"https:\/\/www.didasantos.com.br\/v1\/wp-json\/wp\/v2\/posts\/11087\/revisions\/11091"}],"wp:featuredmedia":[{"embeddable":true,"href":"https:\/\/www.didasantos.com.br\/v1\/wp-json\/wp\/v2\/media\/11090"}],"wp:attachment":[{"href":"https:\/\/www.didasantos.com.br\/v1\/wp-json\/wp\/v2\/media?parent=11087"}],"wp:term":[{"taxonomy":"category","embeddable":true,"href":"https:\/\/www.didasantos.com.br\/v1\/wp-json\/wp\/v2\/categories?post=11087"},{"taxonomy":"post_tag","embeddable":true,"href":"https:\/\/www.didasantos.com.br\/v1\/wp-json\/wp\/v2\/tags?post=11087"}],"curies":[{"name":"wp","href":"https:\/\/api.w.org\/{rel}","templated":true}]}}