{"id":11092,"date":"2024-06-22T10:16:03","date_gmt":"2024-06-22T13:16:03","guid":{"rendered":"https:\/\/www.didasantos.com.br\/v1\/?p=11092"},"modified":"2024-06-22T10:16:03","modified_gmt":"2024-06-22T13:16:03","slug":"arraia-da-conquista-amado-batista-chambinho-do-acordeon-xamego-proibido-e-erlan-forrozao-encerram-a-festa-no-centro-cultural-glauber-rocha-neste-sabado-22","status":"publish","type":"post","link":"https:\/\/www.didasantos.com.br\/v1\/2024\/06\/22\/arraia-da-conquista-amado-batista-chambinho-do-acordeon-xamego-proibido-e-erlan-forrozao-encerram-a-festa-no-centro-cultural-glauber-rocha-neste-sabado-22\/","title":{"rendered":"Arrai\u00e1 da Conquista: Amado Batista, Chambinho do Acordeon, Xamego Proibido e Erlan Forroz\u00e3o encerram a festa no Centro Cultural Glauber Rocha neste s\u00e1bado (22)"},"content":{"rendered":"<div class=\"not_tit\"><\/div>\n<p class=\"post-information\">O Arrai\u00e1 da Conquista chega a sua \u00faltima noite, no Centro Cultural Glauber Rocha, neste s\u00e1bado (22), com a apresenta\u00e7\u00e3o de grandes nomes da m\u00fasica brasileira, como Amado Batista, Chambinho do Acordeon, Xamego Proibido e Erlan Forroz\u00e3o. Mas calma que a festa por aqui est\u00e1 longe de terminar: o arrai\u00e1 continua na Zona Rural\u00a0 nos dias 23 e 24, e segue na Pra\u00e7a Nove de Novembro at\u00e9 o pr\u00f3ximo dia 29.<\/p>\n<div class=\"post-content\">\n<p><b>Amado Batista\u00a0<\/b><\/p>\n<p><a class=\"cboxElement\" href=\"https:\/\/www.pmvc.ba.gov.br\/wp-content\/uploads\/Arrai%C3%A1-da-Conquista-Amado-Batista.jpg\"><img decoding=\"async\" loading=\"lazy\" class=\"alignleft wp-image-351034  colorbox-353347\" src=\"https:\/\/www.pmvc.ba.gov.br\/wp-content\/uploads\/Arrai%C3%A1-da-Conquista-Amado-Batista-315x315.jpg\" sizes=\"(max-width: 413px) 100vw, 413px\" srcset=\"https:\/\/www.pmvc.ba.gov.br\/wp-content\/uploads\/Arrai\u00e1-da-Conquista-Amado-Batista-315x315.jpg 315w, https:\/\/www.pmvc.ba.gov.br\/wp-content\/uploads\/Arrai\u00e1-da-Conquista-Amado-Batista-768x768.jpg 768w, https:\/\/www.pmvc.ba.gov.br\/wp-content\/uploads\/Arrai\u00e1-da-Conquista-Amado-Batista-680x680.jpg 680w, https:\/\/www.pmvc.ba.gov.br\/wp-content\/uploads\/Arrai\u00e1-da-Conquista-Amado-Batista-150x150.jpg 150w, https:\/\/www.pmvc.ba.gov.br\/wp-content\/uploads\/Arrai\u00e1-da-Conquista-Amado-Batista.jpg 1080w\" alt=\"\" width=\"413\" height=\"413\" \/><\/a>O cantor mais amado do Brasil retorna a Vit\u00f3ria da Conquista para subir ao palco do Arrai\u00e1 da Conquista e encerrar o \u00faltimo dia de festa por volta de 1h, no Centro Cultural Glauber Rocha. Neste ano, o artista comemora 49 anos de uma trajet\u00f3ria marcada por n\u00fameros impressionantes: mais de 38 milh\u00f5es de discos vendidos e mais de tr\u00eas bilh\u00f5es de visualiza\u00e7\u00f5es em plataformas digitais. O artista j\u00e1 recebeu centenas de pr\u00eamios, incluindo 28 discos de ouro, 28 de platina e um de diamante, consolidando-se como um dos m\u00fasicos de maior sucesso na hist\u00f3ria da m\u00fasica popular brasileira. Em meados dos anos 1970, Amado Batista inovou ao combinar modas de viola com o estilo da Jovem Guarda, incorporando refer\u00eancias que v\u00e3o de Elvis Presley aos Beatles. Em quase cinco d\u00e9cadas de carreira, lan\u00e7ou in\u00fameros sucessos, entre eles, Grande Cantor (1985), Seresteiro da Noite (1985) e Meu ex-amor (1989).<\/p>\n<p><b>Chambinho do Acordeon<\/b><\/p>\n<p><a class=\"cboxElement\" href=\"https:\/\/www.pmvc.ba.gov.br\/wp-content\/uploads\/Arrai%C3%A1-da-Conquista-Chambinho.jpg\"><img decoding=\"async\" loading=\"lazy\" class=\"alignright wp-image-351036 colorbox-353347\" src=\"https:\/\/www.pmvc.ba.gov.br\/wp-content\/uploads\/Arrai%C3%A1-da-Conquista-Chambinho-315x315.jpg\" sizes=\"(max-width: 409px) 100vw, 409px\" srcset=\"https:\/\/www.pmvc.ba.gov.br\/wp-content\/uploads\/Arrai\u00e1-da-Conquista-Chambinho-315x315.jpg 315w, https:\/\/www.pmvc.ba.gov.br\/wp-content\/uploads\/Arrai\u00e1-da-Conquista-Chambinho-768x768.jpg 768w, https:\/\/www.pmvc.ba.gov.br\/wp-content\/uploads\/Arrai\u00e1-da-Conquista-Chambinho-680x680.jpg 680w, https:\/\/www.pmvc.ba.gov.br\/wp-content\/uploads\/Arrai\u00e1-da-Conquista-Chambinho-150x150.jpg 150w, https:\/\/www.pmvc.ba.gov.br\/wp-content\/uploads\/Arrai\u00e1-da-Conquista-Chambinho.jpg 1080w\" alt=\"\" width=\"409\" height=\"409\" \/><\/a>O talentoso acordeonista, cantor, compositor e ator se apresenta a partir de 21h e promete uma performance emocionante, celebrando a heran\u00e7a cultural nordestina e fazendo o p\u00fablico dan\u00e7ar ao som do verdadeiro forr\u00f3. A carreira de Chambinho ganhou destaque no cinema, onde ele interpretou o lend\u00e1rio Luiz Gonzaga no filme Gonzaga: de Pai para Filho, trazendo \u00e0 vida a hist\u00f3ria do Rei do Bai\u00e3o. Atualmente, o artista dedica-se \u00e0 sua carreira solo, com um repert\u00f3rio que celebra a rica tradi\u00e7\u00e3o musical do Nordeste, incluindo bai\u00e3o, xote, xaxado e arrasta-p\u00e9. Seu CD \u201cGrito de S\u00e3o Jo\u00e3o\u201d \u00e9 um tributo ao forr\u00f3 das antigas, apresentando vers\u00f5es regravadas de cl\u00e1ssicos como Numa Sala de Reboco\/Sabi\u00e1, Que nem Jil\u00f3, Xote das Meninas e Respeita Janu\u00e1rio, composi\u00e7\u00f5es do eterno Luiz Gonzaga em parceria com outros grandes artistas.<\/p>\n<p><b>Xamego Proibido\u00a0<\/b><\/p>\n<p>A banda, que \u00e9 popular entre o p\u00fablico da regi\u00e3o h\u00e1 mais de duas d\u00e9cadas, \u00e9 a primeira atra\u00e7\u00e3o a se apresentar a partir das 21h. Tocando e recriando o som que faz todo mundo dan\u00e7ar, agregando emo\u00e7\u00e3o, divers\u00e3o e romantismo para o p\u00fablico, os integrande da banda misturam o cl\u00e1ssico e o inovador mantendo as ra\u00edzes do tradicional P\u00e9 de Serra e refor\u00e7ando a cultura nordestina<\/p>\n<p><b>Erlan Forroz\u00e3o\u00a0<\/b><\/p>\n<p>O cantor e sanfoneiro conquistense come\u00e7ou sua carreira na adolesc\u00eancia, quando aprendeu a tocar acordeon. Atualmente, segue fazendo sucesso por onde passa com o instrumento, mesclando no seu repert\u00f3rio cl\u00e1ssicos do forr\u00f3 e tamb\u00e9m um pouco de sofr\u00eancia, arrocha e pizeiro que fazem sucesso em todo pa\u00eds. Erlan se apresenta \u00e0s 23h.<\/p>\n<p><a class=\"cboxElement\" href=\"https:\/\/www.pmvc.ba.gov.br\/wp-content\/uploads\/Capa-dia-22.png\"><img decoding=\"async\" loading=\"lazy\" class=\"aligncenter size-large wp-image-352554 colorbox-353347\" src=\"https:\/\/www.pmvc.ba.gov.br\/wp-content\/uploads\/Capa-dia-22-1020x680.png\" sizes=\"(max-width: 1020px) 100vw, 1020px\" srcset=\"https:\/\/www.pmvc.ba.gov.br\/wp-content\/uploads\/Capa-dia-22-1020x680.png 1020w, https:\/\/www.pmvc.ba.gov.br\/wp-content\/uploads\/Capa-dia-22-200x133.png 200w, https:\/\/www.pmvc.ba.gov.br\/wp-content\/uploads\/Capa-dia-22-473x315.png 473w, https:\/\/www.pmvc.ba.gov.br\/wp-content\/uploads\/Capa-dia-22-768x512.png 768w, https:\/\/www.pmvc.ba.gov.br\/wp-content\/uploads\/Capa-dia-22-680x452.png 680w, https:\/\/www.pmvc.ba.gov.br\/wp-content\/uploads\/Capa-dia-22.png 1200w\" alt=\"\" width=\"1020\" height=\"680\" \/><\/a><\/p>\n<p><b>Arrai\u00e1 da Conquista 2024<\/b>\u00a0\u2013 O arrasta-p\u00e9 conquistense come\u00e7ou no dia 10 de junho na Pra\u00e7a 9 de Novembro, e se estende at\u00e9 o dia 29 deste m\u00eas, contando com a presen\u00e7a de diversas bandas regionais.<\/p>\n<p>No Centro Cultural Glauber Rocha, a festan\u00e7a segue at\u00e9 hoje (22), com diversas atra\u00e7\u00f5es nacionais. Por l\u00e1 j\u00e1 passaram Elba Ramalho, Liv Moraes, Frank Aguiar, Alcymar Monteiro, Nadson Ferinha, Targino Gondim, Alcymar Monteiro, Robertinha, entre outros.<\/p>\n<p>Na Lagoa das Bateias, a Vila Junina contar\u00e1 com apresenta\u00e7\u00f5es de trios locais de forr\u00f3 p\u00e9-de-serra, \u00e0s sextas-feiras e aos s\u00e1bados, de 14 a 29 de junho. J\u00e1 na Zona Rural, os 11 distritos recebem a festa junina nos dias 23 e 24 de junho.<\/p>\n<\/div>\n","protected":false},"excerpt":{"rendered":"<p>O Arrai\u00e1 da Conquista chega a sua \u00faltima noite, no Centro Cultural Glauber Rocha, neste s\u00e1bado (22), com a apresenta\u00e7\u00e3o de grandes nomes da m\u00fasica brasileira, como Amado Batista, Chambinho do Acordeon, Xamego Proibido e Erlan Forroz\u00e3o. Mas calma que a festa por aqui est\u00e1 longe de terminar: o arrai\u00e1 continua na Zona Rural\u00a0 nos &hellip;<\/p>\n","protected":false},"author":3,"featured_media":11093,"comment_status":"closed","ping_status":"closed","sticky":false,"template":"","format":"standard","meta":{"_links_to":"","_links_to_target":""},"categories":[1],"tags":[],"_links":{"self":[{"href":"https:\/\/www.didasantos.com.br\/v1\/wp-json\/wp\/v2\/posts\/11092"}],"collection":[{"href":"https:\/\/www.didasantos.com.br\/v1\/wp-json\/wp\/v2\/posts"}],"about":[{"href":"https:\/\/www.didasantos.com.br\/v1\/wp-json\/wp\/v2\/types\/post"}],"author":[{"embeddable":true,"href":"https:\/\/www.didasantos.com.br\/v1\/wp-json\/wp\/v2\/users\/3"}],"replies":[{"embeddable":true,"href":"https:\/\/www.didasantos.com.br\/v1\/wp-json\/wp\/v2\/comments?post=11092"}],"version-history":[{"count":1,"href":"https:\/\/www.didasantos.com.br\/v1\/wp-json\/wp\/v2\/posts\/11092\/revisions"}],"predecessor-version":[{"id":11094,"href":"https:\/\/www.didasantos.com.br\/v1\/wp-json\/wp\/v2\/posts\/11092\/revisions\/11094"}],"wp:featuredmedia":[{"embeddable":true,"href":"https:\/\/www.didasantos.com.br\/v1\/wp-json\/wp\/v2\/media\/11093"}],"wp:attachment":[{"href":"https:\/\/www.didasantos.com.br\/v1\/wp-json\/wp\/v2\/media?parent=11092"}],"wp:term":[{"taxonomy":"category","embeddable":true,"href":"https:\/\/www.didasantos.com.br\/v1\/wp-json\/wp\/v2\/categories?post=11092"},{"taxonomy":"post_tag","embeddable":true,"href":"https:\/\/www.didasantos.com.br\/v1\/wp-json\/wp\/v2\/tags?post=11092"}],"curies":[{"name":"wp","href":"https:\/\/api.w.org\/{rel}","templated":true}]}}