{"id":11532,"date":"2024-07-13T15:11:33","date_gmt":"2024-07-13T18:11:33","guid":{"rendered":"https:\/\/www.didasantos.com.br\/v1\/?p=11532"},"modified":"2024-07-13T15:12:20","modified_gmt":"2024-07-13T18:12:20","slug":"11532","status":"publish","type":"post","link":"https:\/\/www.didasantos.com.br\/v1\/2024\/07\/13\/11532\/","title":{"rendered":"Lula e Bolsonaro vir\u00e3o a Vit\u00f3ria da Conquista? \u00c9 certo que Neto e Jer\u00f4nimo estar\u00e3o por aqui."},"content":{"rendered":"<p>&nbsp;<\/p>\n<div class=\"PostContent\">\n<p class=\"p1\"><span class=\"s1\">Com o pa\u00eds polarizado, sendo Lula e Bolsonaro os dois extremos que a popula\u00e7\u00e3o ter\u00e1 que escolher para definir o destino da na\u00e7\u00e3o, essa situa\u00e7\u00e3o j\u00e1 chegou de forma antecipada aos munic\u00edpios, quando os eleitores ter\u00e3o que escolher os seus gestores em 6 de outubro do ano em curso.<\/span><\/p>\n<p class=\"p1\"><span class=\"s1\">J\u00e1 sabemos que a prefeita Sheila Lemos ter\u00e1 a prefer\u00eancia da direita, centro-direita e at\u00e9 de uma parcela da popula\u00e7\u00e3o que normalmente votaria em qualquer candidato da centro-esquerda.<\/span><\/p>\n<p class=\"p1\"><span class=\"s1\">O deputado Waldenor Pereira, claro, ter\u00e1, a priori, os votos da esquerda, e tamb\u00e9m de setores da esquerda mais radical, pelo menos \u00e9 o que indica, se depender do PSOL, da c\u00fapula partid\u00e1ria que j\u00e1 definiu o seu apoio ao candidato do PT.<\/span><\/p>\n<p class=\"p1\"><span class=\"s1\">Diante desse quadro de polariza\u00e7\u00e3o, Sheila e Waldenor trar\u00e3o os dois principais nomes que representam a direita e a esquerda no pa\u00eds, que s\u00e3o Bolsonaro e Lula?<\/span><span id=\"more-45727\"><\/span><\/p>\n<p class=\"p1\"><span class=\"s1\">Sheila ganha ou perde votos com a presen\u00e7a de Bolsonaro? A mesma pergunta \u00e9 feita em rela\u00e7\u00e3o a Waldenor: o deputado ganha ou perde votos se o presidente vier \u00e0 cidade?<\/span><\/p>\n<p class=\"p1\"><span class=\"s1\">Seria, talvez, que a quest\u00e3o local seja resolvida por aqui entre os dois, sem precisar nacionalizar a campanha?<\/span><\/p>\n<p class=\"p1\"><span class=\"s1\">Uma coisa \u00e9 certa: Jer\u00f4nimo e ACM Neto estar\u00e3o na cidade na tentativa de ajudar os seus candidatos. Jer\u00f4nimo dizendo que far\u00e1, enquanto Neto perguntando por que n\u00e3o fez antes.<\/span><\/p>\n<p class=\"p1\"><span class=\"s1\">Em tempo: vale lembrar que a vereadora L\u00facia Rocha est\u00e1 na disputa e, com certeza, os irm\u00e3os Vieira Lima, Geddel e L\u00facio, far\u00e3o visitas \u00e0 nossa cidade.<\/span><\/p>\n<p class=\"p1\"><span class=\"s1\">Quanto ao pr\u00e9-candidato Marcos Adriano, do Avante, segue carreira solo.<\/span><\/p>\n<p>Reprodu\u00e7\u00e3o do Blog do Agito Geral<\/p>\n<\/div>\n","protected":false},"excerpt":{"rendered":"<p>&nbsp; Com o pa\u00eds polarizado, sendo Lula e Bolsonaro os dois extremos que a popula\u00e7\u00e3o ter\u00e1 que escolher para definir o destino da na\u00e7\u00e3o, essa situa\u00e7\u00e3o j\u00e1 chegou de forma antecipada aos munic\u00edpios, quando os eleitores ter\u00e3o que escolher os seus gestores em 6 de outubro do ano em curso. J\u00e1 sabemos que a prefeita &hellip;<\/p>\n","protected":false},"author":3,"featured_media":11534,"comment_status":"closed","ping_status":"closed","sticky":false,"template":"","format":"standard","meta":{"_links_to":"","_links_to_target":""},"categories":[1],"tags":[],"_links":{"self":[{"href":"https:\/\/www.didasantos.com.br\/v1\/wp-json\/wp\/v2\/posts\/11532"}],"collection":[{"href":"https:\/\/www.didasantos.com.br\/v1\/wp-json\/wp\/v2\/posts"}],"about":[{"href":"https:\/\/www.didasantos.com.br\/v1\/wp-json\/wp\/v2\/types\/post"}],"author":[{"embeddable":true,"href":"https:\/\/www.didasantos.com.br\/v1\/wp-json\/wp\/v2\/users\/3"}],"replies":[{"embeddable":true,"href":"https:\/\/www.didasantos.com.br\/v1\/wp-json\/wp\/v2\/comments?post=11532"}],"version-history":[{"count":2,"href":"https:\/\/www.didasantos.com.br\/v1\/wp-json\/wp\/v2\/posts\/11532\/revisions"}],"predecessor-version":[{"id":11535,"href":"https:\/\/www.didasantos.com.br\/v1\/wp-json\/wp\/v2\/posts\/11532\/revisions\/11535"}],"wp:featuredmedia":[{"embeddable":true,"href":"https:\/\/www.didasantos.com.br\/v1\/wp-json\/wp\/v2\/media\/11534"}],"wp:attachment":[{"href":"https:\/\/www.didasantos.com.br\/v1\/wp-json\/wp\/v2\/media?parent=11532"}],"wp:term":[{"taxonomy":"category","embeddable":true,"href":"https:\/\/www.didasantos.com.br\/v1\/wp-json\/wp\/v2\/categories?post=11532"},{"taxonomy":"post_tag","embeddable":true,"href":"https:\/\/www.didasantos.com.br\/v1\/wp-json\/wp\/v2\/tags?post=11532"}],"curies":[{"name":"wp","href":"https:\/\/api.w.org\/{rel}","templated":true}]}}