{"id":11845,"date":"2024-08-02T09:42:38","date_gmt":"2024-08-02T12:42:38","guid":{"rendered":"https:\/\/www.didasantos.com.br\/v1\/?p=11845"},"modified":"2024-08-02T09:42:38","modified_gmt":"2024-08-02T12:42:38","slug":"clima-quente-nos-bastidores-da-politica-conquistense","status":"publish","type":"post","link":"https:\/\/www.didasantos.com.br\/v1\/2024\/08\/02\/clima-quente-nos-bastidores-da-politica-conquistense\/","title":{"rendered":"Clima quente nos bastidores da pol\u00edtica Conquistense"},"content":{"rendered":"<div class=\"entry-header blog-entry-header has-meta\">\n<h1 class=\"entry-title\"><\/h1>\n<\/div>\n<div class=\"entry-content-wrap\">\n<div id=\"post-body\" class=\"post-body entry-content\">\n<p>Foto: Captura no Instagram<\/p>\n<p>A Federa\u00e7\u00e3o Brasil da Esperan\u00e7a pediu a suspens\u00e3o da candidatura \u00e0 reelei\u00e7\u00e3o da prefeita Sheila Lemos (UB).<\/p>\n<p>Em resposta, Sheila se manifestou nas redes sociais, subindo o tom contra os advers\u00e1rios e afirmando estar preparada para qualquer situa\u00e7\u00e3o, destacando a confian\u00e7a da popula\u00e7\u00e3o nela, conforme pesquisa eleitoral recente.<\/p>\n<p>O pedido da Federa\u00e7\u00e3o se baseia no fato de que Sheila assumiu o cargo durante as f\u00e9rias do ex-prefeito e continuou ap\u00f3s ele se afastar por complica\u00e7\u00f5es de sa\u00fade, o que, segundo eles, violaria regras eleitorais que pro\u00edbem a reelei\u00e7\u00e3o nesses casos para evitar a perpetua\u00e7\u00e3o de grupos pol\u00edticos familiares no poder. Com a judicializa\u00e7\u00e3o, Sheila deve lutar para manter sua candidatura.<\/p>\n<\/div>\n<\/div>\n","protected":false},"excerpt":{"rendered":"<p>Foto: Captura no Instagram A Federa\u00e7\u00e3o Brasil da Esperan\u00e7a pediu a suspens\u00e3o da candidatura \u00e0 reelei\u00e7\u00e3o da prefeita Sheila Lemos (UB). Em resposta, Sheila se manifestou nas redes sociais, subindo o tom contra os advers\u00e1rios e afirmando estar preparada para qualquer situa\u00e7\u00e3o, destacando a confian\u00e7a da popula\u00e7\u00e3o nela, conforme pesquisa eleitoral recente. O pedido da &hellip;<\/p>\n","protected":false},"author":3,"featured_media":11847,"comment_status":"closed","ping_status":"closed","sticky":false,"template":"","format":"standard","meta":{"_links_to":"","_links_to_target":""},"categories":[1],"tags":[],"_links":{"self":[{"href":"https:\/\/www.didasantos.com.br\/v1\/wp-json\/wp\/v2\/posts\/11845"}],"collection":[{"href":"https:\/\/www.didasantos.com.br\/v1\/wp-json\/wp\/v2\/posts"}],"about":[{"href":"https:\/\/www.didasantos.com.br\/v1\/wp-json\/wp\/v2\/types\/post"}],"author":[{"embeddable":true,"href":"https:\/\/www.didasantos.com.br\/v1\/wp-json\/wp\/v2\/users\/3"}],"replies":[{"embeddable":true,"href":"https:\/\/www.didasantos.com.br\/v1\/wp-json\/wp\/v2\/comments?post=11845"}],"version-history":[{"count":1,"href":"https:\/\/www.didasantos.com.br\/v1\/wp-json\/wp\/v2\/posts\/11845\/revisions"}],"predecessor-version":[{"id":11846,"href":"https:\/\/www.didasantos.com.br\/v1\/wp-json\/wp\/v2\/posts\/11845\/revisions\/11846"}],"wp:featuredmedia":[{"embeddable":true,"href":"https:\/\/www.didasantos.com.br\/v1\/wp-json\/wp\/v2\/media\/11847"}],"wp:attachment":[{"href":"https:\/\/www.didasantos.com.br\/v1\/wp-json\/wp\/v2\/media?parent=11845"}],"wp:term":[{"taxonomy":"category","embeddable":true,"href":"https:\/\/www.didasantos.com.br\/v1\/wp-json\/wp\/v2\/categories?post=11845"},{"taxonomy":"post_tag","embeddable":true,"href":"https:\/\/www.didasantos.com.br\/v1\/wp-json\/wp\/v2\/tags?post=11845"}],"curies":[{"name":"wp","href":"https:\/\/api.w.org\/{rel}","templated":true}]}}