{"id":12350,"date":"2024-09-14T09:19:31","date_gmt":"2024-09-14T12:19:31","guid":{"rendered":"https:\/\/www.didasantos.com.br\/v1\/?p=12350"},"modified":"2024-09-14T09:19:31","modified_gmt":"2024-09-14T12:19:31","slug":"brasil-tem-ao-menos-10-milhoes-de-pessoas-afetadas-por-queimadas","status":"publish","type":"post","link":"https:\/\/www.didasantos.com.br\/v1\/2024\/09\/14\/brasil-tem-ao-menos-10-milhoes-de-pessoas-afetadas-por-queimadas\/","title":{"rendered":"Brasil tem ao menos 10 milh\u00f5es de pessoas afetadas por queimadas"},"content":{"rendered":"<p>&nbsp;<\/p>\n<div class=\"entry-content-wrap\">\n<div id=\"post-body\" class=\"post-body entry-content\">\n<div class=\"separator\"><\/div>\n<p>Foto: Reprodu\u00e7\u00e3o<\/p>\n<p>N\u00famero leva em considera\u00e7\u00e3o pessoas diretamente afetadas, n\u00e3o a popula\u00e7\u00e3o total dos munic\u00edpios em situa\u00e7\u00e3o de emerg\u00eancia.<\/p>\n<p>Desde o in\u00edcio de agosto, o Brasil teve ao menos 10,1 milh\u00f5es de pessoas diretamente afetadas pelos efeitos dos inc\u00eandios florestais que atingem boa parte do pa\u00eds h\u00e1 semanas. A estimativa \u00e9 da CNM (Confedera\u00e7\u00e3o Nacional dos Munic\u00edpios) e tem como base as informa\u00e7\u00f5es de prefeituras que decretaram situa\u00e7\u00e3o de emerg\u00eancia por inc\u00eandios florestais nesse per\u00edodo.<\/p>\n<p>O n\u00famero \u00e9 conservador pois leva em considera\u00e7\u00e3o apenas aqueles diretamente afetados pelos inc\u00eandios, e n\u00e3o a popula\u00e7\u00e3o total dos munic\u00edpios. Entre os afetados, h\u00e1 987 pessoas que deixaram suas casas por causa dos inc\u00eandios e est\u00e3o em abrigos ou casas de conhecidos, segundo o Sistema Integrado de Informa\u00e7\u00f5es sobre Desastres, do Minist\u00e9rio da Integra\u00e7\u00e3o e Desenvolvimento Regional.<\/p>\n<p>S\u00e3o 531 prefeituras em todo o Brasil que decretaram emerg\u00eancia por causa das queimadas do in\u00edcio de agosto at\u00e9 a manh\u00e3 desta sexta-feira (13). Al\u00e9m disso, cidades com registros de focos de inc\u00eandio, mas que n\u00e3o decretaram emerg\u00eancia n\u00e3o est\u00e3o computadas -caso, por exemplo, da capital paulista.<\/p>\n<p>No mesmo per\u00edodo do ano passado, segundo a CNM, a popula\u00e7\u00e3o afetada por queimadas era de 3.800 pessoas, em apenas 23 munic\u00edpios. Isso significa dizer que esse contingente no pa\u00eds desde o in\u00edcio de agosto \u00e9 mais de 2.500 vezes maior do que no ano passado.<\/p>\n<p>Todas as regi\u00f5es do Brasil t\u00eam ao menos um munic\u00edpio com decreto de emerg\u00eancia por queimadas<\/p>\n<p>Todas as regi\u00f5es do Brasil t\u00eam ao menos um munic\u00edpio que decretou emerg\u00eancia por causa das queimadas. A regi\u00e3o menos afetada \u00e9 o Sul: at\u00e9 a \u00faltima ter\u00e7a-feira (10), apenas a cidade de Garuva, no nordeste de Santa Catarina, est\u00e1 nessa situa\u00e7\u00e3o.<\/p>\n<p>O estado com a maior quantidade de munic\u00edpios afetados \u00e9 Mato Grosso, no Centro-Oeste. Eram 141 munic\u00edpios mato-grossenses em emerg\u00eancia at\u00e9 a \u00faltima quarta. Em seguida est\u00e3o Tocantins (com 139 munic\u00edpios em emerg\u00eancia , na regi\u00e3o Norte, e S\u00e3o Paulo (108 munic\u00edpios), no Sudeste.<\/p>\n<p>Na compara\u00e7\u00e3o com o mesmo per\u00edodo do ano passado, a quantidade de munic\u00edpios que decretou emerg\u00eancia por inc\u00eandios florestais cresceu 2.200% em todo o pa\u00eds.<\/p>\n<p>O preju\u00edzo causado por esse tipo de ocorr\u00eancia neste ano \u00e9 de R$ 1,1 bilh\u00e3o, nos c\u00e1lculos da entidade. Praticamente todo o dano financeiro foi provocado pelas queimadas a partir de agosto. Entre as atividades mais afetadas financeiramente est\u00e3o a agricultura, o atendimento m\u00e9dico emergencial e a pecu\u00e1ria.<\/p>\n<p>\u201cOs inc\u00eandios florestais impactam diretamente o sistema municipal de sa\u00fade com sobrecarga de atendimentos, bem como prejudicam o abastecimento de \u00e1gua pot\u00e1vel, suspens\u00e3o de aulas e outros impactos\u201d, informou a confedera\u00e7\u00e3o, em nota. \u201cOs impactos ambientais s\u00e3o incalcul\u00e1veis e se traduzem na perda da biodiversidade do pa\u00eds.\u201d<\/p>\n<p>Questionado sobre a atua\u00e7\u00e3o do governo federal, o presidente da CNM, Paulo Ziulkosk, afirmou que a entidade n\u00e3o tem dados sobre como a Uni\u00e3o e os governos estaduais t\u00eam atuado no combate aos inc\u00eandios.<\/p>\n<p>Ele defendeu mais medidas de preven\u00e7\u00e3o, em especial a cria\u00e7\u00e3o do a estrutura\u00e7\u00e3o de um cons\u00f3rcio nacional discutir pol\u00edticas de preven\u00e7\u00e3o contra desastres clim\u00e1ticos e a aprova\u00e7\u00e3o da Proposta de Emenda \u00e0 Constitui\u00e7\u00e3o 31\/2024, que cria o Conselho Nacional de Mudan\u00e7a Clim\u00e1tica, a Autoridade Clim\u00e1tica Nacional e o Fundo Nacional de Mudan\u00e7a Clim\u00e1tica.<\/p>\n<p>\u201cEnquanto a PEC do Clima vai estruturar a atua\u00e7\u00e3o interfederativa estrat\u00e9gica, disponibilizando recursos de cerca de R$ 30 bilh\u00f5es para a preven\u00e7\u00e3o de desastres, o cons\u00f3rcio atuar\u00e1 na adapta\u00e7\u00e3o das cidades \u00e0s mudan\u00e7as clim\u00e1ticas, fortalecendo as defesas civis municipais\u201d, argumentou Ziulkosk. \u201cSe o Brasil n\u00e3o enfrentar a situa\u00e7\u00e3o com di\u00e1logo e atua\u00e7\u00e3o interfederativa respaldada em recursos conforme prev\u00ea a PEC do Clima, o dia a dia dos gestores municipais ser\u00e1 sempre decretar emerg\u00eancia.\u201d<\/p>\n<p>Como mostrou a Folha de S.Paulo, a \u00e1rea atingida por inc\u00eandios florestais em todo o pa\u00eds dobrou no m\u00eas passado, segundo dados do Monitor do Fogo da plataforma MapBiomas. A \u00e1rea queimada no pa\u00eds no \u00faltimo m\u00eas foi de 56.516 km\u00b2, maior do que o territ\u00f3rio de cinco estados brasileiros (Sergipe, Alagoas, Rio de Janeiro, Esp\u00edrito Santo e Rio Grande do Norte).<\/p>\n<p>Os dados da CNM tamb\u00e9m demonstram essa explos\u00e3o de inc\u00eandios florestais. Desde janeiro, no per\u00edodo anterior a agosto, foram cerca de 900 mil pessoas afetadas por queimadas. Em um m\u00eas e meio, o fogo atingiu um n\u00famero mais de dez vezes maior.<\/p>\n<p>Seca atinge popula\u00e7\u00e3o de 1,4 milh\u00e3o desde agosto<\/p>\n<p>Diretamente ligada aos inc\u00eandios florestais, a estiagem em v\u00e1rias regi\u00f5es do pa\u00eds tamb\u00e9m afeta mais de um milh\u00e3o de pessoas, atinge centenas de munic\u00edpios e causa preju\u00edzo bilion\u00e1rio. De acordo com a CNM, um total de 154 munic\u00edpios decretou emerg\u00eancia causada pela falta de chuva, e com isso ao menos 1,4 milh\u00e3o de pessoas s\u00e3o afetadas pelos efeitos da seca.<\/p>\n<p>Nesse caso, o \u00faltimo m\u00eas e meio faz parte de um cen\u00e1rio observado em meses anteriores. Foram 1.326 decretos de emerg\u00eancia por causa da seca desde o in\u00edcio deste ano. Desse total, 159 munic\u00edpios em todo o Brasil entraram nessa situa\u00e7\u00e3o no \u00faltimo m\u00eas e meio.<\/p>\n<p>Considerando os decretos de emerg\u00eancia, a seca de 2024 ainda atinge um n\u00famero menor do que no ano passado. No entanto, os preju\u00edzos s\u00e3o consider\u00e1veis nos dois casos.<\/p>\n<p>A confedera\u00e7\u00e3o calcula em R$ 1 bilh\u00e3o as perdas financeiras causadas pela estiagem desde o in\u00edcio de agosto. Em todo o ano de 2024, esse montante j\u00e1 chega a R$ 41,4 bilh\u00f5es.<\/p>\n<p>O bloqueio atmosf\u00e9rico que causa o calor extremo e o tempo seco nas \u00faltimas semanas tem aumentado a probabilidade de inc\u00eandios e agravado as condi\u00e7\u00f5es de sa\u00fade em boa parte do Brasil.<\/p>\n<p>No interior de S\u00e3o Paulo, por exemplo, h\u00e1 cidades que n\u00e3o registram chuva h\u00e1 mais de 150 dias e avaliam a necessidade de adotar racionamento de \u00e1gua nas pr\u00f3ximas semanas. Al\u00e9m da queda de capta\u00e7\u00e3o de \u00e1gua, a situa\u00e7\u00e3o \u00e9 agravada pelo calor, que tem aumentado o consumo.<\/p>\n<p>(Folhapress)<\/p>\n<\/div>\n<\/div>\n","protected":false},"excerpt":{"rendered":"<p>&nbsp; Foto: Reprodu\u00e7\u00e3o N\u00famero leva em considera\u00e7\u00e3o pessoas diretamente afetadas, n\u00e3o a popula\u00e7\u00e3o total dos munic\u00edpios em situa\u00e7\u00e3o de emerg\u00eancia. Desde o in\u00edcio de agosto, o Brasil teve ao menos 10,1 milh\u00f5es de pessoas diretamente afetadas pelos efeitos dos inc\u00eandios florestais que atingem boa parte do pa\u00eds h\u00e1 semanas. A estimativa \u00e9 da CNM (Confedera\u00e7\u00e3o &hellip;<\/p>\n","protected":false},"author":3,"featured_media":12352,"comment_status":"closed","ping_status":"closed","sticky":false,"template":"","format":"standard","meta":{"_links_to":"","_links_to_target":""},"categories":[1],"tags":[],"_links":{"self":[{"href":"https:\/\/www.didasantos.com.br\/v1\/wp-json\/wp\/v2\/posts\/12350"}],"collection":[{"href":"https:\/\/www.didasantos.com.br\/v1\/wp-json\/wp\/v2\/posts"}],"about":[{"href":"https:\/\/www.didasantos.com.br\/v1\/wp-json\/wp\/v2\/types\/post"}],"author":[{"embeddable":true,"href":"https:\/\/www.didasantos.com.br\/v1\/wp-json\/wp\/v2\/users\/3"}],"replies":[{"embeddable":true,"href":"https:\/\/www.didasantos.com.br\/v1\/wp-json\/wp\/v2\/comments?post=12350"}],"version-history":[{"count":1,"href":"https:\/\/www.didasantos.com.br\/v1\/wp-json\/wp\/v2\/posts\/12350\/revisions"}],"predecessor-version":[{"id":12351,"href":"https:\/\/www.didasantos.com.br\/v1\/wp-json\/wp\/v2\/posts\/12350\/revisions\/12351"}],"wp:featuredmedia":[{"embeddable":true,"href":"https:\/\/www.didasantos.com.br\/v1\/wp-json\/wp\/v2\/media\/12352"}],"wp:attachment":[{"href":"https:\/\/www.didasantos.com.br\/v1\/wp-json\/wp\/v2\/media?parent=12350"}],"wp:term":[{"taxonomy":"category","embeddable":true,"href":"https:\/\/www.didasantos.com.br\/v1\/wp-json\/wp\/v2\/categories?post=12350"},{"taxonomy":"post_tag","embeddable":true,"href":"https:\/\/www.didasantos.com.br\/v1\/wp-json\/wp\/v2\/tags?post=12350"}],"curies":[{"name":"wp","href":"https:\/\/api.w.org\/{rel}","templated":true}]}}