{"id":12818,"date":"2024-11-01T21:37:25","date_gmt":"2024-11-02T00:37:25","guid":{"rendered":"https:\/\/www.didasantos.com.br\/v1\/?p=12818"},"modified":"2024-11-01T21:37:25","modified_gmt":"2024-11-02T00:37:25","slug":"horror-jovem-de-23-anos-e-preso-apos-matar-a-mae-com-varias-facadas-corp","status":"publish","type":"post","link":"https:\/\/www.didasantos.com.br\/v1\/2024\/11\/01\/horror-jovem-de-23-anos-e-preso-apos-matar-a-mae-com-varias-facadas-corp\/","title":{"rendered":"Horror: Jovem de 23 anos \u00e9 preso ap\u00f3s matar a m\u00e3e com v\u00e1rias facadas. Corp"},"content":{"rendered":"<p>Com o im\u00f3vel trancado, foi necess\u00e1rio acionar um chaveiro para liberar a entrada. D\u00e9bora estava sentada no ch\u00e3o da sala de TV, com ferimentos de faca no rosto, pesco\u00e7o e peito.<\/p>\n<p>Um jovem de 23 anos foi preso na manh\u00e3 desta sexta-feira (1\u00ba) suspeito de matar a pr\u00f3pria m\u00e3e, de 58 anos, no bairro Serra, Regi\u00e3o Centro-Sul de Belo Horizonte. De acordo com a Pol\u00edcia Militar (PM), ele foi encontrado em um bar no momento da pris\u00e3o. A m\u00e3e, D\u00e9bora Silveira Vila\u00e7a, foi localizada morta em seu apartamento no bairro Silveira, na Regi\u00e3o Nordeste da capital mineira, na \u00faltima quinta-feira (31).<\/p>\n<p>Segundo o boletim de ocorr\u00eancia, a descoberta do crime foi feita por uma irm\u00e3 da v\u00edtima, que, sem conseguir contato com D\u00e9bora desde a quarta-feira (30), decidiu ir at\u00e9 a resid\u00eancia. Com o im\u00f3vel trancado, foi necess\u00e1rio acionar um chaveiro para liberar a entrada. D\u00e9bora estava sentada no ch\u00e3o da sala de TV, com ferimentos de faca no rosto, pesco\u00e7o e peito, indicando sinais de viol\u00eancia f\u00edsica.<\/p>\n<p>Ainda conforme a pol\u00edcia, o suspeito teria ido \u00e0 casa da m\u00e3e para pegar o carro dela, um Peugeot 207 prata, mas ap\u00f3s a negativa dela, a esfaqueou. Ele fugiu levando o carro, duas televis\u00f5es e cart\u00f5es banc\u00e1rios. Um dos aparelhos foi trocado por droga, e os cart\u00f5es foram descartados. A pol\u00edcia j\u00e1 monitorava o ve\u00edculo, o que facilitou a localiza\u00e7\u00e3o do suspeito. A faca utilizada no crime foi apreendida, e o corpo de D\u00e9bora foi levado ao Instituto M\u00e9dico Legal (IML).<\/p>\n","protected":false},"excerpt":{"rendered":"<p>Com o im\u00f3vel trancado, foi necess\u00e1rio acionar um chaveiro para liberar a entrada. D\u00e9bora estava sentada no ch\u00e3o da sala de TV, com ferimentos de faca no rosto, pesco\u00e7o e peito. Um jovem de 23 anos foi preso na manh\u00e3 desta sexta-feira (1\u00ba) suspeito de matar a pr\u00f3pria m\u00e3e, de 58 anos, no bairro Serra, &hellip;<\/p>\n","protected":false},"author":3,"featured_media":12820,"comment_status":"closed","ping_status":"closed","sticky":false,"template":"","format":"standard","meta":{"_links_to":"","_links_to_target":""},"categories":[1],"tags":[],"_links":{"self":[{"href":"https:\/\/www.didasantos.com.br\/v1\/wp-json\/wp\/v2\/posts\/12818"}],"collection":[{"href":"https:\/\/www.didasantos.com.br\/v1\/wp-json\/wp\/v2\/posts"}],"about":[{"href":"https:\/\/www.didasantos.com.br\/v1\/wp-json\/wp\/v2\/types\/post"}],"author":[{"embeddable":true,"href":"https:\/\/www.didasantos.com.br\/v1\/wp-json\/wp\/v2\/users\/3"}],"replies":[{"embeddable":true,"href":"https:\/\/www.didasantos.com.br\/v1\/wp-json\/wp\/v2\/comments?post=12818"}],"version-history":[{"count":1,"href":"https:\/\/www.didasantos.com.br\/v1\/wp-json\/wp\/v2\/posts\/12818\/revisions"}],"predecessor-version":[{"id":12819,"href":"https:\/\/www.didasantos.com.br\/v1\/wp-json\/wp\/v2\/posts\/12818\/revisions\/12819"}],"wp:featuredmedia":[{"embeddable":true,"href":"https:\/\/www.didasantos.com.br\/v1\/wp-json\/wp\/v2\/media\/12820"}],"wp:attachment":[{"href":"https:\/\/www.didasantos.com.br\/v1\/wp-json\/wp\/v2\/media?parent=12818"}],"wp:term":[{"taxonomy":"category","embeddable":true,"href":"https:\/\/www.didasantos.com.br\/v1\/wp-json\/wp\/v2\/categories?post=12818"},{"taxonomy":"post_tag","embeddable":true,"href":"https:\/\/www.didasantos.com.br\/v1\/wp-json\/wp\/v2\/tags?post=12818"}],"curies":[{"name":"wp","href":"https:\/\/api.w.org\/{rel}","templated":true}]}}