{"id":13743,"date":"2025-01-14T17:46:17","date_gmt":"2025-01-14T20:46:17","guid":{"rendered":"https:\/\/www.didasantos.com.br\/v1\/?p=13743"},"modified":"2025-01-14T17:46:17","modified_gmt":"2025-01-14T20:46:17","slug":"sidonio-palmeira-toma-posse-como-ministro-da-secretaria-de-comunicacao","status":"publish","type":"post","link":"https:\/\/www.didasantos.com.br\/v1\/2025\/01\/14\/sidonio-palmeira-toma-posse-como-ministro-da-secretaria-de-comunicacao\/","title":{"rendered":"Sid\u00f4nio Palmeira toma posse como ministro da Secretaria de Comunica\u00e7\u00e3o"},"content":{"rendered":"<div class=\"entry-header blog-entry-header has-meta\">\n<h1 class=\"entry-title\"><\/h1>\n<\/div>\n<div class=\"entry-content-wrap\">\n<div id=\"post-body\" class=\"post-body entry-content\">\n<p><b>Publicit\u00e1rio promete comunica\u00e7\u00e3o de governo mais digital e popular<\/b><\/p>\n<p>O novo ministro da Secretaria de Comunica\u00e7\u00e3o Social da Presid\u00eancia, Sid\u00f4nio Palmeira, durante entrevista coletiva no Pal\u00e1cio do Planalto.<\/p>\n<div class=\"separator\"><a href=\"https:\/\/blogger.googleusercontent.com\/img\/b\/R29vZ2xl\/AVvXsEiV35VUdK_K0iND54cLEF-kI192Q67EXrKj7XNwXv5rnWBDnKTZfgk5FjODuZIuq6bePeJFIT1WmmI2OKYtrUL0Q725RZq9XSteoA87OUBaxqTzN56hfyTNuwcvtTwT_cAvdL9NXfTEO75JBQfjKSwWkYNfzArntqzI4O2WULDoJ_HSxAenKqFVw5amhQS2\/s1170\/1000359090.webp\"><img decoding=\"async\" loading=\"lazy\" src=\"https:\/\/blogger.googleusercontent.com\/img\/b\/R29vZ2xl\/AVvXsEiV35VUdK_K0iND54cLEF-kI192Q67EXrKj7XNwXv5rnWBDnKTZfgk5FjODuZIuq6bePeJFIT1WmmI2OKYtrUL0Q725RZq9XSteoA87OUBaxqTzN56hfyTNuwcvtTwT_cAvdL9NXfTEO75JBQfjKSwWkYNfzArntqzI4O2WULDoJ_HSxAenKqFVw5amhQS2\/w400-h239-rw\/1000359090.webp\" width=\"400\" height=\"239\" border=\"0\" data-original-height=\"700\" data-original-width=\"1170\" \/><\/a><\/div>\n<p>Foto: Marcelo Camargo\/Ag\u00eancia Brasil\u00a9 Marcelo Camargo\/Ag\u00eancia Brasil<\/p>\n<p>O publicit\u00e1rio Sid\u00f4nio Palmeira tomou posse, nesta ter\u00e7a-feira (14), como novo ministro da Secretaria de Comunica\u00e7\u00e3o Social da Presid\u00eancia da Rep\u00fablica (Secom). Palmeira assume com a miss\u00e3o de reformular a comunica\u00e7\u00e3o e de melhorar a percep\u00e7\u00e3o da popula\u00e7\u00e3o sobre as a\u00e7\u00f5es positivas do governo federal.<\/p>\n<p>A cerim\u00f4nia no Pal\u00e1cio do Planalto, em Bras\u00edlia, teve a presen\u00e7a do presidente Lula, al\u00e9m de ministros, parlamentares e autoridades. Sid\u00f4nio assume o lugar do jornalista e deputado federal Paulo Pimenta, que estava no cargo desde janeiro de 2023.<\/p>\n<p>O publicit\u00e1rio baiano atua h\u00e1 d\u00e9cadas em campanhas pol\u00edticas. Ele trabalhou na campanha vitoriosa de Lula em 2022 e tamb\u00e9m nas elei\u00e7\u00f5es ao governo da Bahia de pol\u00edticos do PT, como Rui Costa e Jacques Wagner. No discurso de posse, Palmeira disse \u00e9 preciso tornar mais digital e popular a comunica\u00e7\u00e3o do Executivo.<\/p>\n<p>&#8220;Temos um presidente que recebeu um pa\u00eds destru\u00eddo e desmoralizado para governar. Em apenas dois anos o seu governo arrumou a casa, mas esse trabalho n\u00e3o est\u00e1 sendo percebido por parte da popula\u00e7\u00e3o. A informa\u00e7\u00e3o dos servi\u00e7os n\u00e3o chega na ponta, a mentira nos ambientes digitais fomentada pela extrema-direita cria uma cortina de fuma\u00e7a na vida real, manipula pessoas inocentes e amea\u00e7a a humanidade. Para fazer frente a esse movimento macabro n\u00e3o basta apenas chamar um marqueteiro. Precisamos ampliar nossa concep\u00e7\u00e3o do papel da comunica\u00e7\u00e3o nesse novo mundo&#8221;.<\/p>\n<p>A Secom \u00e9 respons\u00e1vel por formular e implementar a pol\u00edtica de comunica\u00e7\u00e3o e divulga\u00e7\u00e3o do Executivo federal.<\/p>\n<\/div>\n<\/div>\n","protected":false},"excerpt":{"rendered":"<p>Publicit\u00e1rio promete comunica\u00e7\u00e3o de governo mais digital e popular O novo ministro da Secretaria de Comunica\u00e7\u00e3o Social da Presid\u00eancia, Sid\u00f4nio Palmeira, durante entrevista coletiva no Pal\u00e1cio do Planalto. Foto: Marcelo Camargo\/Ag\u00eancia Brasil\u00a9 Marcelo Camargo\/Ag\u00eancia Brasil O publicit\u00e1rio Sid\u00f4nio Palmeira tomou posse, nesta ter\u00e7a-feira (14), como novo ministro da Secretaria de Comunica\u00e7\u00e3o Social da Presid\u00eancia da &hellip;<\/p>\n","protected":false},"author":3,"featured_media":13745,"comment_status":"closed","ping_status":"closed","sticky":false,"template":"","format":"standard","meta":{"_links_to":"","_links_to_target":""},"categories":[1],"tags":[],"_links":{"self":[{"href":"https:\/\/www.didasantos.com.br\/v1\/wp-json\/wp\/v2\/posts\/13743"}],"collection":[{"href":"https:\/\/www.didasantos.com.br\/v1\/wp-json\/wp\/v2\/posts"}],"about":[{"href":"https:\/\/www.didasantos.com.br\/v1\/wp-json\/wp\/v2\/types\/post"}],"author":[{"embeddable":true,"href":"https:\/\/www.didasantos.com.br\/v1\/wp-json\/wp\/v2\/users\/3"}],"replies":[{"embeddable":true,"href":"https:\/\/www.didasantos.com.br\/v1\/wp-json\/wp\/v2\/comments?post=13743"}],"version-history":[{"count":1,"href":"https:\/\/www.didasantos.com.br\/v1\/wp-json\/wp\/v2\/posts\/13743\/revisions"}],"predecessor-version":[{"id":13744,"href":"https:\/\/www.didasantos.com.br\/v1\/wp-json\/wp\/v2\/posts\/13743\/revisions\/13744"}],"wp:featuredmedia":[{"embeddable":true,"href":"https:\/\/www.didasantos.com.br\/v1\/wp-json\/wp\/v2\/media\/13745"}],"wp:attachment":[{"href":"https:\/\/www.didasantos.com.br\/v1\/wp-json\/wp\/v2\/media?parent=13743"}],"wp:term":[{"taxonomy":"category","embeddable":true,"href":"https:\/\/www.didasantos.com.br\/v1\/wp-json\/wp\/v2\/categories?post=13743"},{"taxonomy":"post_tag","embeddable":true,"href":"https:\/\/www.didasantos.com.br\/v1\/wp-json\/wp\/v2\/tags?post=13743"}],"curies":[{"name":"wp","href":"https:\/\/api.w.org\/{rel}","templated":true}]}}