{"id":13876,"date":"2025-01-25T09:49:12","date_gmt":"2025-01-25T12:49:12","guid":{"rendered":"https:\/\/www.didasantos.com.br\/v1\/?p=13876"},"modified":"2025-01-25T09:49:12","modified_gmt":"2025-01-25T12:49:12","slug":"acordo-no-stf-reconhece-eleicao-ednaldo-rodrigues-na-cbf-em-2022","status":"publish","type":"post","link":"https:\/\/www.didasantos.com.br\/v1\/2025\/01\/25\/acordo-no-stf-reconhece-eleicao-ednaldo-rodrigues-na-cbf-em-2022\/","title":{"rendered":"Acordo no STF reconhece elei\u00e7\u00e3o Ednaldo Rodrigues na CBF em 2022"},"content":{"rendered":"<div class=\"entry-header blog-entry-header has-meta\">\n<nav id=\"breadcrumb\">Foto: Jo\u00e9dson Alves | Ag\u00eancia Brasil<\/nav>\n<nav><\/nav>\n<\/div>\n<div class=\"entry-content-wrap\">\n<div id=\"post-body\" class=\"post-body entry-content\">\n<p>A Confedera\u00e7\u00e3o Brasileira de Futebol (CBF) levou ao Supremo Tribunal Federal (STF) um acordo assinado por cinco dirigentes e um representante da Federa\u00e7\u00e3o Mineira de Futebol, que reconhece a legalidade da elei\u00e7\u00e3o de Ednaldo Rodrigues \u00e0 presid\u00eancia entidade, em mar\u00e7o de 2022. O documento de peti\u00e7\u00e3o de acordo deve ser homologado pela Corte e encerra a disputa judicial que tramita no Supremo desde dezembro de 2023.<\/p>\n<p>Assinaram o protocolo de acordo Ant\u00f4nio Carlos Nunes de Lima (Coronel Nunes), Castellar Neto, Fernando Sarney, Gustavo Feij\u00f3, Rog\u00e9rio Caboclo, a Federa\u00e7\u00e3o Mineira de Futebol e a pr\u00f3pria CBF.\u00a0 A not\u00edcia foi divulgada inicialmente pela revista Veja, que informou que o acordo foi protocolado perto das 22h desta sexta-feira na A\u00e7\u00e3o Direta de Inconstitucionalidade, impetrada pelo PCdoB.<\/p>\n<p>As partes justificam o acordo com men\u00e7\u00e3o \u00e0 &#8220;controv\u00e9rsia jur\u00eddica que dura mais de sete anos&#8221; e ainda lembram que &#8220;causa riscos para o futebol brasileiro, que podem levar \u00e0 suspens\u00e3o da sele\u00e7\u00e3o e clubes brasileiros de competi\u00e7\u00f5es internacionais, como j\u00e1 alertado pela Fifa&#8221;.<\/p>\n<p>Os riscos de d\u00e3o, pois, em dezembro de 2023, o Tribunal de Justi\u00e7a do Rio de Janeiro (TJ-RJ) afastou Ednaldo e os vice-presidentes da CBF eleitos em 2022 por entenderem que o pleito havia sido ilegal. Tr\u00eas desembargadores do TJ-RJ defenderam que a CBF n\u00e3o poderia ter realizado elei\u00e7\u00e3o sob regras de acordo celebrado com o Minist\u00e9rio P\u00fablico do Rio &#8211; por meio de um TAC (Termo de Ajustamento de Conduta) -, considerando ilegitima a interfer\u00eancia do MP numa entidade de direito privado.<\/p>\n<p>O caso remete ao processo que come\u00e7ou com a\u00e7\u00e3o civil p\u00fablica do Minist\u00e9rio P\u00fablico do Rio de Janeiro em junho de 2017 e que levou anos depois \u00e0 destitui\u00e7\u00e3o do atual presidente da CBF, Ednaldo Rodrigues. A a\u00e7\u00e3o do MP encerrou a\u00e7\u00e3o civil p\u00fablica e aprovou reforma estatut\u00e1ria.<\/p>\n<p>O TJ-RJ nomeou o ent\u00e3o presidente do Superior Tribunal de Justi\u00e7a Desportiva (STJD), Jos\u00e9 Perdiz, como interventor durante um m\u00eas, per\u00edodo em que deveria convocar elei\u00e7\u00f5es \u2013 o que n\u00e3o chegou a ocorrer. Segundo informa\u00e7\u00f5es do Ge, a interven\u00e7\u00e3o durou menos de um m\u00eas, de 7 de dezembro de 2023 a 4 de janeiro de 2024, quando o ministro Gilmar Mendes deu a liminar que derrubou a decis\u00e3o do TJ-RJ.<\/p>\n<p>Nesse per\u00edodo, a Fifa e a Conmebol se posicionaram a favor de Ednaldo Rodrigues. As duas entidades foram decisivas para embasar a liminar concedida por Gilmar Mendes em janeiro, num recurso chamado ADI (A\u00e7\u00e3o Direta de Inconstitucionalidade), apresentado pelo PC do B. O ministro mencionou o risco de exclus\u00e3o das competi\u00e7\u00f5es na decis\u00e3o de reconduzir Ednaldo Rodrigues ao cargo de presidente.<\/p>\n<p>Ednaldo Rodrigues \u00e9 ex-presidente da Federa\u00e7\u00e3o Baiana de Futebol e foi eleito vice-presidente na diretoria do antecessor Rog\u00e9rio Caboclo, afastado sob acusa\u00e7\u00f5es de ass\u00e9dio sexual na CBF e depois, foi eleito em 2022 para mandato de quatro anos na chapa Renova\u00e7\u00e3o e Purifica\u00e7\u00e3o do Futebol Brasileiro, onde agora se mant\u00e9m at\u00e9 2026. As pr\u00f3ximas elei\u00e7\u00f5es da CBF j\u00e1 podem ser convocadas a partir de\u00a0 23 de mar\u00e7o deste ano de 2025. Este texto possui informa\u00e7\u00f5es da revista Veja, Globo Esporte e Metr\u00f3poles.<\/p>\n<p>do Bahia Not\u00edcias<\/p>\n<\/div>\n<\/div>\n","protected":false},"excerpt":{"rendered":"<p>Foto: Jo\u00e9dson Alves | Ag\u00eancia Brasil A Confedera\u00e7\u00e3o Brasileira de Futebol (CBF) levou ao Supremo Tribunal Federal (STF) um acordo assinado por cinco dirigentes e um representante da Federa\u00e7\u00e3o Mineira de Futebol, que reconhece a legalidade da elei\u00e7\u00e3o de Ednaldo Rodrigues \u00e0 presid\u00eancia entidade, em mar\u00e7o de 2022. O documento de peti\u00e7\u00e3o de acordo deve &hellip;<\/p>\n","protected":false},"author":3,"featured_media":13879,"comment_status":"closed","ping_status":"closed","sticky":false,"template":"","format":"standard","meta":{"_links_to":"","_links_to_target":""},"categories":[1],"tags":[],"_links":{"self":[{"href":"https:\/\/www.didasantos.com.br\/v1\/wp-json\/wp\/v2\/posts\/13876"}],"collection":[{"href":"https:\/\/www.didasantos.com.br\/v1\/wp-json\/wp\/v2\/posts"}],"about":[{"href":"https:\/\/www.didasantos.com.br\/v1\/wp-json\/wp\/v2\/types\/post"}],"author":[{"embeddable":true,"href":"https:\/\/www.didasantos.com.br\/v1\/wp-json\/wp\/v2\/users\/3"}],"replies":[{"embeddable":true,"href":"https:\/\/www.didasantos.com.br\/v1\/wp-json\/wp\/v2\/comments?post=13876"}],"version-history":[{"count":2,"href":"https:\/\/www.didasantos.com.br\/v1\/wp-json\/wp\/v2\/posts\/13876\/revisions"}],"predecessor-version":[{"id":13878,"href":"https:\/\/www.didasantos.com.br\/v1\/wp-json\/wp\/v2\/posts\/13876\/revisions\/13878"}],"wp:featuredmedia":[{"embeddable":true,"href":"https:\/\/www.didasantos.com.br\/v1\/wp-json\/wp\/v2\/media\/13879"}],"wp:attachment":[{"href":"https:\/\/www.didasantos.com.br\/v1\/wp-json\/wp\/v2\/media?parent=13876"}],"wp:term":[{"taxonomy":"category","embeddable":true,"href":"https:\/\/www.didasantos.com.br\/v1\/wp-json\/wp\/v2\/categories?post=13876"},{"taxonomy":"post_tag","embeddable":true,"href":"https:\/\/www.didasantos.com.br\/v1\/wp-json\/wp\/v2\/tags?post=13876"}],"curies":[{"name":"wp","href":"https:\/\/api.w.org\/{rel}","templated":true}]}}