{"id":14672,"date":"2025-03-28T18:54:24","date_gmt":"2025-03-28T21:54:24","guid":{"rendered":"https:\/\/www.didasantos.com.br\/v1\/?p=14672"},"modified":"2025-03-28T19:55:58","modified_gmt":"2025-03-28T22:55:58","slug":"motociclista-se-envolve-em-acidente-no-anel-rodoviario-de-vitoria-da-conquist","status":"publish","type":"post","link":"https:\/\/www.didasantos.com.br\/v1\/2025\/03\/28\/motociclista-se-envolve-em-acidente-no-anel-rodoviario-de-vitoria-da-conquist\/","title":{"rendered":"Motociclista se envolve em acidente no anel rodovi\u00e1rio de Vit\u00f3ria da Conquista"},"content":{"rendered":"<div class=\"entry-header blog-entry-header has-meta\">\n<h1 class=\"entry-title\"><span style=\"font-size: 16px; font-weight: 400;\">Foto: Reprodu\u00e7\u00e3o\u00a0<\/span><\/h1>\n<\/div>\n<div class=\"entry-content-wrap\">\n<div id=\"post-body\" class=\"post-body entry-content\">\n<p>Na manh\u00e3 desta sexta-feira (29), um grave acidente chamou aten\u00e7\u00e3o no anel rodovi\u00e1rio de Vit\u00f3ria da Conquista, pr\u00f3ximo ao acesso ao bairro Vila Am\u00e9rica. Um motociclista colidiu frontalmente com um caminh\u00e3o, e, por pouco, uma trag\u00e9dia maior foi evitada.<\/p>\n<div class=\"separator\"><a href=\"https:\/\/blogger.googleusercontent.com\/img\/b\/R29vZ2xl\/AVvXsEg5XfDx-cESEuVb6oJFgy33hYpJxYWSAp224Uw3Zty6KfiRNyP-8iE51PbTf1CfIykvZDQJXSOTkD-29yvnio0Cb2iltiuRsSkDilGBwJs_aY0BfRf7MDJShMApcgWQgJmulZmRiCqsS82Jm2NRoxvH3-IRjo1sb9f1rRUuAPpQboKeRmBwIBlmQ2vwQ7Fe\/s656\/Screenshot_20250328-184940.jpg\"><img decoding=\"async\" loading=\"lazy\" src=\"https:\/\/blogger.googleusercontent.com\/img\/b\/R29vZ2xl\/AVvXsEg5XfDx-cESEuVb6oJFgy33hYpJxYWSAp224Uw3Zty6KfiRNyP-8iE51PbTf1CfIykvZDQJXSOTkD-29yvnio0Cb2iltiuRsSkDilGBwJs_aY0BfRf7MDJShMApcgWQgJmulZmRiCqsS82Jm2NRoxvH3-IRjo1sb9f1rRUuAPpQboKeRmBwIBlmQ2vwQ7Fe\/w400-h371-rw\/Screenshot_20250328-184940.jpg\" width=\"400\" height=\"371\" border=\"0\" data-original-height=\"608\" data-original-width=\"656\" \/><\/a><\/div>\n<p>As primeiras imagens divulgadas nas redes sociais mostram dois indiv\u00edduos deitados no ch\u00e3o, enquanto moradores da regi\u00e3o, em uma a\u00e7\u00e3o solid\u00e1ria, prestavam os primeiros socorros enquanto aguardavam a chegada das equipes de resgate. A cena revela um tr\u00e1fego intenso na regi\u00e3o, evidenciando a import\u00e2ncia de interven\u00e7\u00f5es para melhorar a seguran\u00e7a no local.<\/p>\n<p>At\u00e9 o momento, n\u00e3o h\u00e1 informa\u00e7\u00f5es oficiais sobre o estado de sa\u00fade das v\u00edtimas ou os detalhes que levaram \u00e0 colis\u00e3o. Equipes do SAMU e da Pol\u00edcia Rodovi\u00e1ria foram acionadas e estiveram presentes para prestar socorro e controlar a situa\u00e7\u00e3o no local.<\/p>\n<p>O epis\u00f3dio reacende a discuss\u00e3o sobre a necessidade de medidas urgentes para garantir a seguran\u00e7a dos motoristas e pedestres que transitam pelo anel rodovi\u00e1rio da cidade, uma via frequentemente citada por moradores como perigosa.<\/p>\n<\/div>\n<\/div>\n","protected":false},"excerpt":{"rendered":"<p>Foto: Reprodu\u00e7\u00e3o\u00a0 Na manh\u00e3 desta sexta-feira (29), um grave acidente chamou aten\u00e7\u00e3o no anel rodovi\u00e1rio de Vit\u00f3ria da Conquista, pr\u00f3ximo ao acesso ao bairro Vila Am\u00e9rica. Um motociclista colidiu frontalmente com um caminh\u00e3o, e, por pouco, uma trag\u00e9dia maior foi evitada. As primeiras imagens divulgadas nas redes sociais mostram dois indiv\u00edduos deitados no ch\u00e3o, enquanto &hellip;<\/p>\n","protected":false},"author":3,"featured_media":14674,"comment_status":"closed","ping_status":"closed","sticky":false,"template":"","format":"standard","meta":{"_links_to":"","_links_to_target":""},"categories":[1],"tags":[],"_links":{"self":[{"href":"https:\/\/www.didasantos.com.br\/v1\/wp-json\/wp\/v2\/posts\/14672"}],"collection":[{"href":"https:\/\/www.didasantos.com.br\/v1\/wp-json\/wp\/v2\/posts"}],"about":[{"href":"https:\/\/www.didasantos.com.br\/v1\/wp-json\/wp\/v2\/types\/post"}],"author":[{"embeddable":true,"href":"https:\/\/www.didasantos.com.br\/v1\/wp-json\/wp\/v2\/users\/3"}],"replies":[{"embeddable":true,"href":"https:\/\/www.didasantos.com.br\/v1\/wp-json\/wp\/v2\/comments?post=14672"}],"version-history":[{"count":2,"href":"https:\/\/www.didasantos.com.br\/v1\/wp-json\/wp\/v2\/posts\/14672\/revisions"}],"predecessor-version":[{"id":14675,"href":"https:\/\/www.didasantos.com.br\/v1\/wp-json\/wp\/v2\/posts\/14672\/revisions\/14675"}],"wp:featuredmedia":[{"embeddable":true,"href":"https:\/\/www.didasantos.com.br\/v1\/wp-json\/wp\/v2\/media\/14674"}],"wp:attachment":[{"href":"https:\/\/www.didasantos.com.br\/v1\/wp-json\/wp\/v2\/media?parent=14672"}],"wp:term":[{"taxonomy":"category","embeddable":true,"href":"https:\/\/www.didasantos.com.br\/v1\/wp-json\/wp\/v2\/categories?post=14672"},{"taxonomy":"post_tag","embeddable":true,"href":"https:\/\/www.didasantos.com.br\/v1\/wp-json\/wp\/v2\/tags?post=14672"}],"curies":[{"name":"wp","href":"https:\/\/api.w.org\/{rel}","templated":true}]}}