{"id":14835,"date":"2025-04-10T15:28:28","date_gmt":"2025-04-10T18:28:28","guid":{"rendered":"https:\/\/www.didasantos.com.br\/v1\/?p=14835"},"modified":"2025-04-10T15:28:28","modified_gmt":"2025-04-10T18:28:28","slug":"alerta-de-chuvas-intensas-e-emitido-pelo-inmet-para-vitoria-da-conquista-e-regiao","status":"publish","type":"post","link":"https:\/\/www.didasantos.com.br\/v1\/2025\/04\/10\/alerta-de-chuvas-intensas-e-emitido-pelo-inmet-para-vitoria-da-conquista-e-regiao\/","title":{"rendered":"Alerta de Chuvas Intensas \u00e9 Emitido pelo INMET para Vit\u00f3ria da Conquista e Regi\u00e3o"},"content":{"rendered":"<div class=\"entry-header blog-entry-header has-meta\">\n<div class=\"entry-meta\">\n<div class=\"align-right\"><\/div>\n<\/div>\n<\/div>\n<div class=\"entry-content-wrap\">\n<div id=\"post-body\" class=\"post-body entry-content\">\n<p>O Instituto Nacional de Meteorologia (INMET) emitiu, nesta quinta-feira (10), um\u00a0<strong>alerta amarelo<\/strong>\u00a0para chuvas intensas que devem atingir Vit\u00f3ria da Conquista e regi\u00e3o. Segundo o \u00f3rg\u00e3o, a previs\u00e3o indica precipita\u00e7\u00f5es de at\u00e9\u00a0<strong>30 mm por hora<\/strong>\u00a0e ventos que podem alcan\u00e7ar\u00a0<strong>60 km\/h<\/strong>, trazendo riscos de alagamentos, deslizamentos e quedas de energia.<\/p>\n<p>A popula\u00e7\u00e3o deve estar atenta \u00e0s condi\u00e7\u00f5es clim\u00e1ticas e seguir orienta\u00e7\u00f5es de seguran\u00e7a, como evitar locais de alagamento, n\u00e3o se abrigar debaixo de \u00e1rvores durante ventanias e desconectar aparelhos eletr\u00f4nicos em caso de tempestade.<\/p>\n<p>O alerta permanece v\u00e1lido at\u00e9 sexta-feira (11), podendo ser estendido dependendo das condi\u00e7\u00f5es meteorol\u00f3gicas. As autoridades locais est\u00e3o monitorando a situa\u00e7\u00e3o para minimizar os impactos e garantir a seguran\u00e7a dos moradores.<\/p>\n<p>A previs\u00e3o refor\u00e7a a import\u00e2ncia da aten\u00e7\u00e3o redobrada durante os pr\u00f3ximos dias. Fique atento \u00e0s atualiza\u00e7\u00f5es dos canais oficiais e tome as precau\u00e7\u00f5es necess\u00e1rias para proteger voc\u00ea e sua fam\u00edlia.<\/p>\n<\/div>\n<\/div>\n","protected":false},"excerpt":{"rendered":"<p>O Instituto Nacional de Meteorologia (INMET) emitiu, nesta quinta-feira (10), um\u00a0alerta amarelo\u00a0para chuvas intensas que devem atingir Vit\u00f3ria da Conquista e regi\u00e3o. Segundo o \u00f3rg\u00e3o, a previs\u00e3o indica precipita\u00e7\u00f5es de at\u00e9\u00a030 mm por hora\u00a0e ventos que podem alcan\u00e7ar\u00a060 km\/h, trazendo riscos de alagamentos, deslizamentos e quedas de energia. A popula\u00e7\u00e3o deve estar atenta \u00e0s condi\u00e7\u00f5es &hellip;<\/p>\n","protected":false},"author":3,"featured_media":14838,"comment_status":"closed","ping_status":"closed","sticky":false,"template":"","format":"standard","meta":{"_links_to":"","_links_to_target":""},"categories":[1],"tags":[],"_links":{"self":[{"href":"https:\/\/www.didasantos.com.br\/v1\/wp-json\/wp\/v2\/posts\/14835"}],"collection":[{"href":"https:\/\/www.didasantos.com.br\/v1\/wp-json\/wp\/v2\/posts"}],"about":[{"href":"https:\/\/www.didasantos.com.br\/v1\/wp-json\/wp\/v2\/types\/post"}],"author":[{"embeddable":true,"href":"https:\/\/www.didasantos.com.br\/v1\/wp-json\/wp\/v2\/users\/3"}],"replies":[{"embeddable":true,"href":"https:\/\/www.didasantos.com.br\/v1\/wp-json\/wp\/v2\/comments?post=14835"}],"version-history":[{"count":2,"href":"https:\/\/www.didasantos.com.br\/v1\/wp-json\/wp\/v2\/posts\/14835\/revisions"}],"predecessor-version":[{"id":14837,"href":"https:\/\/www.didasantos.com.br\/v1\/wp-json\/wp\/v2\/posts\/14835\/revisions\/14837"}],"wp:featuredmedia":[{"embeddable":true,"href":"https:\/\/www.didasantos.com.br\/v1\/wp-json\/wp\/v2\/media\/14838"}],"wp:attachment":[{"href":"https:\/\/www.didasantos.com.br\/v1\/wp-json\/wp\/v2\/media?parent=14835"}],"wp:term":[{"taxonomy":"category","embeddable":true,"href":"https:\/\/www.didasantos.com.br\/v1\/wp-json\/wp\/v2\/categories?post=14835"},{"taxonomy":"post_tag","embeddable":true,"href":"https:\/\/www.didasantos.com.br\/v1\/wp-json\/wp\/v2\/tags?post=14835"}],"curies":[{"name":"wp","href":"https:\/\/api.w.org\/{rel}","templated":true}]}}