{"id":14844,"date":"2025-04-11T13:41:02","date_gmt":"2025-04-11T16:41:02","guid":{"rendered":"https:\/\/www.didasantos.com.br\/v1\/?p=14844"},"modified":"2025-04-11T13:41:02","modified_gmt":"2025-04-11T16:41:02","slug":"vitoria-da-conquista-sedia-evento-historico-em-prol-do-desenvolvimento-sustentavel","status":"publish","type":"post","link":"https:\/\/www.didasantos.com.br\/v1\/2025\/04\/11\/vitoria-da-conquista-sedia-evento-historico-em-prol-do-desenvolvimento-sustentavel\/","title":{"rendered":"Vit\u00f3ria da Conquista sedia evento hist\u00f3rico em prol do desenvolvimento sustent\u00e1vel"},"content":{"rendered":"<div class=\"entry-header blog-entry-header has-meta\">Fotos: Reprodu\u00e7\u00e3o Instagram<\/div>\n<div class=\"entry-content-wrap\">\n<div id=\"post-body\" class=\"post-body entry-content\">\n<p>Vit\u00f3ria da Conquista foi palco nesta quinta-feira (10) de um momento crucial para os debates sobre sustentabilidade e o futuro das cidades. O 1\u00ba Encontro ODS do Sudoeste da Bahia reuniu autoridades, especialistas e representantes da comunidade internacional no Centro de Cultura Camilo de Jesus Lima. Com o tema \u201cInspirando Cidades Sustent\u00e1veis, Conectando o futuro da Gest\u00e3o Municipal\u201d, o evento teve como objetivo impulsionar estrat\u00e9gias e parcerias para cumprir os Objetivos de Desenvolvimento Sustent\u00e1vel (ODS) da Agenda 2030, promovida pela ONU.<\/p>\n<p>Mais de 80 munic\u00edpios das regi\u00f5es Sudoeste, M\u00e9dio Sudoeste, Rios de Contas e Norte de Minas Gerais participaram, ao lado de delega\u00e7\u00f5es da Uni\u00e3o Europeia (UE), Organiza\u00e7\u00e3o das Na\u00e7\u00f5es Unidas (ONU) e outros importantes \u00f3rg\u00e3os nacionais e internacionais. Gestores p\u00fablicos, sociedade civil, acad\u00eamicos e a comunidade em geral marcaram presen\u00e7a, evidenciando o compromisso coletivo com o desenvolvimento sustent\u00e1vel.<\/p>\n<div class=\"separator\"><a href=\"https:\/\/blogger.googleusercontent.com\/img\/b\/R29vZ2xl\/AVvXsEg9c4ne2IYnhv3Ambcg5ASUUrFIQqEZl6u24J8lx12Hbl68FsZLMUYfdllQ8tcONtk0xqlOU7z17ruHvUJNvZMRg2bUh4DNu2yovSf2mn6XeW0PLAgexSt2SL8EYyxACRdtBFUWjglQJqp0oxbsDi74xYzwU8fa_iBruHLI0HPlYR4fS-ii16iILFLn7EH3\/s968\/1000022852.jpg\"><img decoding=\"async\" loading=\"lazy\" src=\"https:\/\/blogger.googleusercontent.com\/img\/b\/R29vZ2xl\/AVvXsEg9c4ne2IYnhv3Ambcg5ASUUrFIQqEZl6u24J8lx12Hbl68FsZLMUYfdllQ8tcONtk0xqlOU7z17ruHvUJNvZMRg2bUh4DNu2yovSf2mn6XeW0PLAgexSt2SL8EYyxACRdtBFUWjglQJqp0oxbsDi74xYzwU8fa_iBruHLI0HPlYR4fS-ii16iILFLn7EH3\/w340-h400-rw\/1000022852.jpg\" width=\"340\" height=\"400\" border=\"0\" data-original-height=\"968\" data-original-width=\"822\" \/><\/a><\/div>\n<p>Compromisso local como modelo regional<\/p>\n<p>A prefeita de Vit\u00f3ria da Conquista, Sheila Lemos, anfitri\u00e3 do evento, enfatizou o papel da cidade como exemplo de gest\u00e3o alinhada aos ODS. \u201c\u00c9 um privil\u00e9gio sediar este encontro e compartilhar experi\u00eancias que mostram como \u00e9 poss\u00edvel crescer de maneira sustent\u00e1vel. Este \u00e9 um momento de uni\u00e3o para pensar no futuro das cidades, porque nenhum munic\u00edpio avan\u00e7a sozinho\u201d, disse a prefeita.<\/p>\n<p>Vit\u00f3ria da Conquista tem sido pioneira na implementa\u00e7\u00e3o dos ODS, com iniciativas lideradas pela Secretaria Municipal de Meio Ambiente (Semma), como a cria\u00e7\u00e3o do N\u00facleo e Comit\u00ea T\u00e9cnico ODS, articulando pol\u00edticas intersetoriais. Sheila Lemos destacou que o desenvolvimento sustent\u00e1vel \u00e9 um compromisso que permeia todas as secretarias e guia o plano de governo municipal.<\/p>\n<p>Programa\u00e7\u00e3o e parcerias estrat\u00e9gicas<\/p>\n<p>A abertura do evento foi marcada por apresenta\u00e7\u00f5es culturais e discursos de autoridades, como o vice-prefeito Aloisio Alan e o chefe da Se\u00e7\u00e3o de Coopera\u00e7\u00e3o da Uni\u00e3o Europeia no Brasil, Robert Steinlechner, que ressaltou a import\u00e2ncia da colabora\u00e7\u00e3o internacional para construir cidades mais justas e sustent\u00e1veis.<\/p>\n<p>O professor universit\u00e1rio Ca\u00ea Matos, participante do evento, destacou a relev\u00e2ncia de reunir diferentes setores da sociedade para debater solu\u00e7\u00f5es conjuntas. J\u00e1 o secret\u00e1rio do Tribunal de Contas da Uni\u00e3o na Bahia (TCU), Pedro Suffredini, elogiou o esfor\u00e7o regional em adotar as metas da Agenda 2030.<\/p>\n<p>Conquista \u00e0 frente de um movimento global<\/p>\n<p>O encontro representou um marco para o Sudoeste da Bahia, colocando a regi\u00e3o no centro das discuss\u00f5es globais sobre desenvolvimento sustent\u00e1vel. Com diversas propostas e debates realizados nos pain\u00e9is, o evento reflete o engajamento local e a capacidade de transformar ideias em a\u00e7\u00f5es concretas para o bem das cidades e das pr\u00f3ximas gera\u00e7\u00f5es.<\/p>\n<\/div>\n<\/div>\n","protected":false},"excerpt":{"rendered":"<p>Fotos: Reprodu\u00e7\u00e3o Instagram Vit\u00f3ria da Conquista foi palco nesta quinta-feira (10) de um momento crucial para os debates sobre sustentabilidade e o futuro das cidades. O 1\u00ba Encontro ODS do Sudoeste da Bahia reuniu autoridades, especialistas e representantes da comunidade internacional no Centro de Cultura Camilo de Jesus Lima. Com o tema \u201cInspirando Cidades Sustent\u00e1veis, &hellip;<\/p>\n","protected":false},"author":3,"featured_media":14847,"comment_status":"closed","ping_status":"closed","sticky":false,"template":"","format":"standard","meta":{"_links_to":"","_links_to_target":""},"categories":[1],"tags":[],"_links":{"self":[{"href":"https:\/\/www.didasantos.com.br\/v1\/wp-json\/wp\/v2\/posts\/14844"}],"collection":[{"href":"https:\/\/www.didasantos.com.br\/v1\/wp-json\/wp\/v2\/posts"}],"about":[{"href":"https:\/\/www.didasantos.com.br\/v1\/wp-json\/wp\/v2\/types\/post"}],"author":[{"embeddable":true,"href":"https:\/\/www.didasantos.com.br\/v1\/wp-json\/wp\/v2\/users\/3"}],"replies":[{"embeddable":true,"href":"https:\/\/www.didasantos.com.br\/v1\/wp-json\/wp\/v2\/comments?post=14844"}],"version-history":[{"count":2,"href":"https:\/\/www.didasantos.com.br\/v1\/wp-json\/wp\/v2\/posts\/14844\/revisions"}],"predecessor-version":[{"id":14846,"href":"https:\/\/www.didasantos.com.br\/v1\/wp-json\/wp\/v2\/posts\/14844\/revisions\/14846"}],"wp:featuredmedia":[{"embeddable":true,"href":"https:\/\/www.didasantos.com.br\/v1\/wp-json\/wp\/v2\/media\/14847"}],"wp:attachment":[{"href":"https:\/\/www.didasantos.com.br\/v1\/wp-json\/wp\/v2\/media?parent=14844"}],"wp:term":[{"taxonomy":"category","embeddable":true,"href":"https:\/\/www.didasantos.com.br\/v1\/wp-json\/wp\/v2\/categories?post=14844"},{"taxonomy":"post_tag","embeddable":true,"href":"https:\/\/www.didasantos.com.br\/v1\/wp-json\/wp\/v2\/tags?post=14844"}],"curies":[{"name":"wp","href":"https:\/\/api.w.org\/{rel}","templated":true}]}}