{"id":15021,"date":"2025-04-24T21:53:13","date_gmt":"2025-04-25T00:53:13","guid":{"rendered":"https:\/\/www.didasantos.com.br\/v1\/?p=15021"},"modified":"2025-04-24T21:53:13","modified_gmt":"2025-04-25T00:53:13","slug":"prefeitura-entrega-praca-ceu-j-murilo-revitalizada-nesta-sexta-feira-25","status":"publish","type":"post","link":"https:\/\/www.didasantos.com.br\/v1\/2025\/04\/24\/prefeitura-entrega-praca-ceu-j-murilo-revitalizada-nesta-sexta-feira-25\/","title":{"rendered":"Prefeitura entrega pra\u00e7a CEU J. Murilo revitalizada nesta sexta-feira, 25"},"content":{"rendered":"<div class=\"not_tit\"><\/div>\n<p class=\"post-information\">Nesta sexta-feira (25), \u00e0s 14h, mais um importante equipamento de esporte, cultura e lazer ser\u00e1 entregue pela Prefeitura. O Centro de Artes e Esportes Unificados J. Murilo, conhecido como pra\u00e7a CEU, passou por um completo processo de revitaliza\u00e7\u00e3o.<\/p>\n<div class=\"post-content\">\n<p>&nbsp;<\/p>\n<p>Situado no bairro Alto Maron, a pra\u00e7a CEU \u00e9 composta por uma quadra poliesportiva coberta, pista de skate, al\u00e9m de biblioteca, sala multiuso, telecentro e cineteatro, e atraem crian\u00e7as, jovens, adultos e idosos para uma s\u00e9rie de atividades oferecidas gratuitamente. No espa\u00e7o tamb\u00e9m funciona uma unidade do Centro de Refer\u00eancia em Assist\u00eancia Social (Cras).<\/p>\n<p>A requalifica\u00e7\u00e3o da pra\u00e7a foi realizada pela Prefeitura, por meio de uma emenda parlamentar de R$ 350 mil do deputado federal Ronaldo Carletto, e teve in\u00edcio em novembro de 2024. Deste valor, foram utilizados R$ 250 mil para a reestrutura\u00e7\u00e3o e R$ 100 mil ser\u00e3o revertidos para equipar a biblioteca e a sala multiuso. As melhorias foram feitas nas \u00e1reas interna e externa da pra\u00e7a, com a pintura completa, reforma do parque infantil, da quadra e dos equipamentos de gin\u00e1stica.<\/p>\n<p>No cineteatro, as interven\u00e7\u00f5es incluem a troca do forro, reparos em vazamentos, pintura e limpeza do ar-condicionado, al\u00e9m da substitui\u00e7\u00e3o de uma porta com sa\u00edda de emerg\u00eancia. Um novo paisagismo foi implementado e tamb\u00e9m as cal\u00e7adas, al\u00e9m da instala\u00e7\u00e3o de c\u00e2meras de seguran\u00e7a e ilumina\u00e7\u00e3o em LED.<\/p>\n<p><img decoding=\"async\" loading=\"lazy\" class=\"size-large wp-image-392510 aligncenter colorbox-392436\" src=\"https:\/\/www.pmvc.ba.gov.br\/wp-content\/uploads\/Pra%C3%A7a_CEUS_17_04_2025SCI_3868-1024x680.jpg\" sizes=\"(max-width: 1024px) 100vw, 1024px\" srcset=\"https:\/\/www.pmvc.ba.gov.br\/wp-content\/uploads\/Pra\u00e7a_CEUS_17_04_2025SCI_3868-1024x680.jpg 1024w, https:\/\/www.pmvc.ba.gov.br\/wp-content\/uploads\/Pra\u00e7a_CEUS_17_04_2025SCI_3868-200x133.jpg 200w, https:\/\/www.pmvc.ba.gov.br\/wp-content\/uploads\/Pra\u00e7a_CEUS_17_04_2025SCI_3868-474x315.jpg 474w, https:\/\/www.pmvc.ba.gov.br\/wp-content\/uploads\/Pra\u00e7a_CEUS_17_04_2025SCI_3868-768x511.jpg 768w, https:\/\/www.pmvc.ba.gov.br\/wp-content\/uploads\/Pra\u00e7a_CEUS_17_04_2025SCI_3868-680x452.jpg 680w, https:\/\/www.pmvc.ba.gov.br\/wp-content\/uploads\/Pra\u00e7a_CEUS_17_04_2025SCI_3868.jpg 1200w\" alt=\"\" width=\"1024\" height=\"680\" \/><\/p>\n<p><strong>Interven\u00e7\u00e3o art\u00edstica com homenagens<\/strong><\/p>\n<p>Um dos destaques da reforma \u00e9 a nova decora\u00e7\u00e3o com grafites feitas pelo artista Lans Chosen, que homenageia figuras importantes da cultura conquistense como o pr\u00f3prio J. Murillo e tamb\u00e9m o ativista do cinema, Jorge Melquisedeque, que dar\u00e1 nome \u00e0 sala do cineteatro. Tradi\u00e7\u00f5es culturais como o Terno de Reis receberam destaque na decora\u00e7\u00e3o.<\/p>\n<p><img decoding=\"async\" loading=\"lazy\" class=\"size-large wp-image-392508 aligncenter colorbox-392436\" src=\"https:\/\/www.pmvc.ba.gov.br\/wp-content\/uploads\/Pra%C3%A7a_CEUS_17_04_2025SCI_3859-1024x680.jpg\" sizes=\"(max-width: 1024px) 100vw, 1024px\" srcset=\"https:\/\/www.pmvc.ba.gov.br\/wp-content\/uploads\/Pra\u00e7a_CEUS_17_04_2025SCI_3859-1024x680.jpg 1024w, https:\/\/www.pmvc.ba.gov.br\/wp-content\/uploads\/Pra\u00e7a_CEUS_17_04_2025SCI_3859-200x133.jpg 200w, https:\/\/www.pmvc.ba.gov.br\/wp-content\/uploads\/Pra\u00e7a_CEUS_17_04_2025SCI_3859-474x315.jpg 474w, https:\/\/www.pmvc.ba.gov.br\/wp-content\/uploads\/Pra\u00e7a_CEUS_17_04_2025SCI_3859-768x511.jpg 768w, https:\/\/www.pmvc.ba.gov.br\/wp-content\/uploads\/Pra\u00e7a_CEUS_17_04_2025SCI_3859-680x452.jpg 680w, https:\/\/www.pmvc.ba.gov.br\/wp-content\/uploads\/Pra\u00e7a_CEUS_17_04_2025SCI_3859.jpg 1200w\" alt=\"\" width=\"1024\" height=\"680\" \/><\/p>\n<p>Lans foi o artista selecionado pela Secretaria Municipal de Cultura, Esporte, Turismo e Lazer (Sectel) para produzir as interven\u00e7\u00f5es, cuja beleza contrasta com o cen\u00e1rio de picha\u00e7\u00f5es e depreda\u00e7\u00f5es recentemente causadas no espa\u00e7o.<\/p>\n<div class=\"not_line\"><\/div>\n<p class=\"post-information\"><i class=\"fa fa-folder-open-o\" aria-hidden=\"true\"><\/i>\u00a0Cultura, Turismo, Esporte e Lazer\/PMVC<\/p>\n<\/div>\n","protected":false},"excerpt":{"rendered":"<p>Nesta sexta-feira (25), \u00e0s 14h, mais um importante equipamento de esporte, cultura e lazer ser\u00e1 entregue pela Prefeitura. O Centro de Artes e Esportes Unificados J. Murilo, conhecido como pra\u00e7a CEU, passou por um completo processo de revitaliza\u00e7\u00e3o. &nbsp; Situado no bairro Alto Maron, a pra\u00e7a CEU \u00e9 composta por uma quadra poliesportiva coberta, pista &hellip;<\/p>\n","protected":false},"author":3,"featured_media":15023,"comment_status":"closed","ping_status":"closed","sticky":false,"template":"","format":"standard","meta":{"_links_to":"","_links_to_target":""},"categories":[1],"tags":[],"_links":{"self":[{"href":"https:\/\/www.didasantos.com.br\/v1\/wp-json\/wp\/v2\/posts\/15021"}],"collection":[{"href":"https:\/\/www.didasantos.com.br\/v1\/wp-json\/wp\/v2\/posts"}],"about":[{"href":"https:\/\/www.didasantos.com.br\/v1\/wp-json\/wp\/v2\/types\/post"}],"author":[{"embeddable":true,"href":"https:\/\/www.didasantos.com.br\/v1\/wp-json\/wp\/v2\/users\/3"}],"replies":[{"embeddable":true,"href":"https:\/\/www.didasantos.com.br\/v1\/wp-json\/wp\/v2\/comments?post=15021"}],"version-history":[{"count":1,"href":"https:\/\/www.didasantos.com.br\/v1\/wp-json\/wp\/v2\/posts\/15021\/revisions"}],"predecessor-version":[{"id":15022,"href":"https:\/\/www.didasantos.com.br\/v1\/wp-json\/wp\/v2\/posts\/15021\/revisions\/15022"}],"wp:featuredmedia":[{"embeddable":true,"href":"https:\/\/www.didasantos.com.br\/v1\/wp-json\/wp\/v2\/media\/15023"}],"wp:attachment":[{"href":"https:\/\/www.didasantos.com.br\/v1\/wp-json\/wp\/v2\/media?parent=15021"}],"wp:term":[{"taxonomy":"category","embeddable":true,"href":"https:\/\/www.didasantos.com.br\/v1\/wp-json\/wp\/v2\/categories?post=15021"},{"taxonomy":"post_tag","embeddable":true,"href":"https:\/\/www.didasantos.com.br\/v1\/wp-json\/wp\/v2\/tags?post=15021"}],"curies":[{"name":"wp","href":"https:\/\/api.w.org\/{rel}","templated":true}]}}