{"id":16157,"date":"2025-07-09T08:22:21","date_gmt":"2025-07-09T11:22:21","guid":{"rendered":"https:\/\/www.didasantos.com.br\/v1\/?p=16157"},"modified":"2025-07-09T08:22:21","modified_gmt":"2025-07-09T11:22:21","slug":"suspeito-de-feminicidio-e-preso-e-encontra-se-custodiado-em-vitoria-da-conquista","status":"publish","type":"post","link":"https:\/\/www.didasantos.com.br\/v1\/2025\/07\/09\/suspeito-de-feminicidio-e-preso-e-encontra-se-custodiado-em-vitoria-da-conquista\/","title":{"rendered":"Suspeito de Feminic\u00eddio \u00e9 Preso e Encontra-se Custodiado em Vit\u00f3ria da Conquista"},"content":{"rendered":"<div class=\"entry-header blog-entry-header has-meta\">\n<div class=\"entry-meta\">\n<div class=\"align-right\" style=\"text-align: left;\">Foi preso e j\u00e1 est\u00e1 custodiado no Conjunto Penal de Vit\u00f3ria da Conquista o homem identificado como Jo\u00e3o Paulo Silva de S\u00e1, principal suspeito de cometer o assassinato de Edilaine de Jesus da Silva Luz, de 34 anos. O crime brutal, ocorrido na manh\u00e3 do \u00faltimo s\u00e1bado (5), abalou profundamente os moradores de Planalto e de toda a regi\u00e3o Centro Sul da Bahia.<\/div>\n<\/div>\n<\/div>\n<div class=\"entry-content-wrap\">\n<div id=\"post-body\" class=\"post-body entry-content\">\n<p>De acordo com a Pol\u00edcia Civil e testemunhas que presenciaram o fato, Jo\u00e3o Paulo \u2014 ex-companheiro da v\u00edtima \u2014 teria aguardado o momento em que Edilaine passava de moto a caminho do trabalho. O suspeito a atropelou com um carro, desceu do ve\u00edculo e desferiu cinco golpes de punhal contra ela. A amiga que a acompanhava tamb\u00e9m se feriu ao cair da moto e precisou de atendimento m\u00e9dico.<\/p>\n<p>Com a pris\u00e3o, o suspeito permanece sob responsabilidade da Justi\u00e7a enquanto o caso segue em investiga\u00e7\u00e3o. A comunidade exige justi\u00e7a e cobra a\u00e7\u00f5es mais eficazes de prote\u00e7\u00e3o \u00e0s mulheres contra a viol\u00eancia dom\u00e9stica e o feminic\u00eddio.<\/p>\n<\/div>\n<\/div>\n","protected":false},"excerpt":{"rendered":"<p>Foi preso e j\u00e1 est\u00e1 custodiado no Conjunto Penal de Vit\u00f3ria da Conquista o homem identificado como Jo\u00e3o Paulo Silva de S\u00e1, principal suspeito de cometer o assassinato de Edilaine de Jesus da Silva Luz, de 34 anos. O crime brutal, ocorrido na manh\u00e3 do \u00faltimo s\u00e1bado (5), abalou profundamente os moradores de Planalto e &hellip;<\/p>\n","protected":false},"author":3,"featured_media":16161,"comment_status":"closed","ping_status":"closed","sticky":false,"template":"","format":"standard","meta":{"_links_to":"","_links_to_target":""},"categories":[22],"tags":[],"_links":{"self":[{"href":"https:\/\/www.didasantos.com.br\/v1\/wp-json\/wp\/v2\/posts\/16157"}],"collection":[{"href":"https:\/\/www.didasantos.com.br\/v1\/wp-json\/wp\/v2\/posts"}],"about":[{"href":"https:\/\/www.didasantos.com.br\/v1\/wp-json\/wp\/v2\/types\/post"}],"author":[{"embeddable":true,"href":"https:\/\/www.didasantos.com.br\/v1\/wp-json\/wp\/v2\/users\/3"}],"replies":[{"embeddable":true,"href":"https:\/\/www.didasantos.com.br\/v1\/wp-json\/wp\/v2\/comments?post=16157"}],"version-history":[{"count":3,"href":"https:\/\/www.didasantos.com.br\/v1\/wp-json\/wp\/v2\/posts\/16157\/revisions"}],"predecessor-version":[{"id":16162,"href":"https:\/\/www.didasantos.com.br\/v1\/wp-json\/wp\/v2\/posts\/16157\/revisions\/16162"}],"wp:featuredmedia":[{"embeddable":true,"href":"https:\/\/www.didasantos.com.br\/v1\/wp-json\/wp\/v2\/media\/16161"}],"wp:attachment":[{"href":"https:\/\/www.didasantos.com.br\/v1\/wp-json\/wp\/v2\/media?parent=16157"}],"wp:term":[{"taxonomy":"category","embeddable":true,"href":"https:\/\/www.didasantos.com.br\/v1\/wp-json\/wp\/v2\/categories?post=16157"},{"taxonomy":"post_tag","embeddable":true,"href":"https:\/\/www.didasantos.com.br\/v1\/wp-json\/wp\/v2\/tags?post=16157"}],"curies":[{"name":"wp","href":"https:\/\/api.w.org\/{rel}","templated":true}]}}