{"id":16447,"date":"2025-07-23T22:34:13","date_gmt":"2025-07-24T01:34:13","guid":{"rendered":"https:\/\/www.didasantos.com.br\/v1\/?p=16447"},"modified":"2025-07-23T22:34:13","modified_gmt":"2025-07-24T01:34:13","slug":"crise-politica-e-embate-juridico-lindbergh-farias-aciona-stf-contra-nomeacao-de-eduardo-bolsonaro","status":"publish","type":"post","link":"https:\/\/www.didasantos.com.br\/v1\/2025\/07\/23\/crise-politica-e-embate-juridico-lindbergh-farias-aciona-stf-contra-nomeacao-de-eduardo-bolsonaro\/","title":{"rendered":"Crise pol\u00edtica e embate jur\u00eddico: Lindbergh Farias aciona STF contra nomea\u00e7\u00e3o de Eduardo Bolsonaro"},"content":{"rendered":"<div class=\"entry-header blog-entry-header has-meta\"><\/div>\n<div class=\"entry-content-wrap\">\n<div id=\"post-body\" class=\"post-body entry-content\">\n<p>Bras\u00edlia \u2014 O l\u00edder do Partido dos Trabalhadores (PT) na C\u00e2mara dos Deputados, Lindbergh Farias (RJ), protocolou nesta ter\u00e7a-feira (22) uma medida cautelar no Supremo Tribunal Federal (STF) com o objetivo de impedir que o deputado licenciado Eduardo Bolsonaro (PL-SP) seja nomeado para cargos comissionados em governos estaduais.A a\u00e7\u00e3o ocorre ap\u00f3s rumores de que governadores aliados ao ex-presidente Jair Bolsonaro estariam articulando a nomea\u00e7\u00e3o de Eduardo para uma secretaria estadual, o que permitiria ao parlamentar renovar sua licen\u00e7a da C\u00e2mara e evitar a perda do mandato por faltas. Eduardo est\u00e1 nos Estados Unidos desde fevereiro e, segundo Lindbergh, continua atuando politicamente no exterior, inclusive promovendo encontros com lideran\u00e7as estrangeiras e apoiando san\u00e7\u00f5es econ\u00f4micas contra o Brasil.<\/p>\n<p>Na peti\u00e7\u00e3o, Lindbergh argumenta que a poss\u00edvel nomea\u00e7\u00e3o teria como objetivo garantir sustenta\u00e7\u00e3o financeira irregular e simular v\u00ednculo funcional com a administra\u00e7\u00e3o p\u00fablica, permitindo que Eduardo permane\u00e7a fora do pa\u00eds mesmo ap\u00f3s o fim da licen\u00e7a parlamentar. O deputado petista tamb\u00e9m solicita o afastamento imediato de Eduardo da C\u00e2mara e responsabiliza\u00e7\u00e3o criminal e pol\u00edtico-administrativa de governadores que tentem nome\u00e1-lo.<\/p>\n<p>Eduardo Bolsonaro \u00e9 investigado pelo STF no Inqu\u00e9rito 4.995, que apura crimes como coa\u00e7\u00e3o no curso do processo, obstru\u00e7\u00e3o de investiga\u00e7\u00e3o de organiza\u00e7\u00e3o criminosa e aboli\u00e7\u00e3o violenta do Estado Democr\u00e1tico de Direito. A nomea\u00e7\u00e3o em secretarias estaduais, segundo Lindbergh, configuraria uma tentativa de blindagem institucional e fraude \u00e0 jurisdi\u00e7\u00e3o penal.<\/p>\n<p>A medida cautelar ser\u00e1 analisada pelo ministro Alexandre de Moraes, relator dos inqu\u00e9ritos que envolvem o parlamentar. A decis\u00e3o pode ter impacto direto na perman\u00eancia de Eduardo Bolsonaro no cen\u00e1rio pol\u00edtico nacional.<\/p>\n<\/div>\n<\/div>\n","protected":false},"excerpt":{"rendered":"<p>Bras\u00edlia \u2014 O l\u00edder do Partido dos Trabalhadores (PT) na C\u00e2mara dos Deputados, Lindbergh Farias (RJ), protocolou nesta ter\u00e7a-feira (22) uma medida cautelar no Supremo Tribunal Federal (STF) com o objetivo de impedir que o deputado licenciado Eduardo Bolsonaro (PL-SP) seja nomeado para cargos comissionados em governos estaduais.A a\u00e7\u00e3o ocorre ap\u00f3s rumores de que governadores &hellip;<\/p>\n","protected":false},"author":3,"featured_media":16450,"comment_status":"closed","ping_status":"closed","sticky":false,"template":"","format":"standard","meta":{"_links_to":"","_links_to_target":""},"categories":[25],"tags":[],"_links":{"self":[{"href":"https:\/\/www.didasantos.com.br\/v1\/wp-json\/wp\/v2\/posts\/16447"}],"collection":[{"href":"https:\/\/www.didasantos.com.br\/v1\/wp-json\/wp\/v2\/posts"}],"about":[{"href":"https:\/\/www.didasantos.com.br\/v1\/wp-json\/wp\/v2\/types\/post"}],"author":[{"embeddable":true,"href":"https:\/\/www.didasantos.com.br\/v1\/wp-json\/wp\/v2\/users\/3"}],"replies":[{"embeddable":true,"href":"https:\/\/www.didasantos.com.br\/v1\/wp-json\/wp\/v2\/comments?post=16447"}],"version-history":[{"count":2,"href":"https:\/\/www.didasantos.com.br\/v1\/wp-json\/wp\/v2\/posts\/16447\/revisions"}],"predecessor-version":[{"id":16449,"href":"https:\/\/www.didasantos.com.br\/v1\/wp-json\/wp\/v2\/posts\/16447\/revisions\/16449"}],"wp:featuredmedia":[{"embeddable":true,"href":"https:\/\/www.didasantos.com.br\/v1\/wp-json\/wp\/v2\/media\/16450"}],"wp:attachment":[{"href":"https:\/\/www.didasantos.com.br\/v1\/wp-json\/wp\/v2\/media?parent=16447"}],"wp:term":[{"taxonomy":"category","embeddable":true,"href":"https:\/\/www.didasantos.com.br\/v1\/wp-json\/wp\/v2\/categories?post=16447"},{"taxonomy":"post_tag","embeddable":true,"href":"https:\/\/www.didasantos.com.br\/v1\/wp-json\/wp\/v2\/tags?post=16447"}],"curies":[{"name":"wp","href":"https:\/\/api.w.org\/{rel}","templated":true}]}}