{"id":17235,"date":"2025-09-11T20:32:22","date_gmt":"2025-09-11T23:32:22","guid":{"rendered":"https:\/\/www.didasantos.com.br\/v1\/?p=17235"},"modified":"2025-09-11T20:32:22","modified_gmt":"2025-09-11T23:32:22","slug":"stf-condena-bolsonaro-a-27-anos-e-tres-meses-de-prisao-em-regime-fechado","status":"publish","type":"post","link":"https:\/\/www.didasantos.com.br\/v1\/2025\/09\/11\/stf-condena-bolsonaro-a-27-anos-e-tres-meses-de-prisao-em-regime-fechado\/","title":{"rendered":"STF condena Bolsonaro a 27 anos e tr\u00eas meses de pris\u00e3o em regime fechado"},"content":{"rendered":"<div class=\"entry-header blog-entry-header has-meta\">\n<h1 class=\"entry-title\"><span style=\"font-size: 16px; font-weight: 400;\">Foto: Reprodu\u00e7\u00e3o Instagram<\/span><\/h1>\n<\/div>\n<div class=\"entry-content-wrap\">\n<div id=\"post-body\" class=\"post-body entry-content\">\n<p>O Supremo Tribunal Federal (STF) condenou o ex-presidente Jair Bolsonaro a 27 anos e 3 meses de pris\u00e3o em regime fechado por envolvimento em uma tentativa de golpe de Estado e outros quatro crimes. Essa decis\u00e3o hist\u00f3rica marca a primeira vez que um ex-presidente brasileiro \u00e9 condenado por atacar diretamente a democracia.<\/p>\n<p>&#8211; Tentativa de golpe de Estado<\/p>\n<p>&#8211; Aboli\u00e7\u00e3o violenta do Estado Democr\u00e1tico de Direito<\/p>\n<p>&#8211; Organiza\u00e7\u00e3o criminosa armada<\/p>\n<p>&#8211; Dano qualificado por viol\u00eancia e grave amea\u00e7a<\/p>\n<p>&#8211; Deteriora\u00e7\u00e3o de patrim\u00f4nio tombado:<\/p>\n<p>&#8211; A pena foi agravada por Bolsonaro ser considerado l\u00edder da organiza\u00e7\u00e3o criminosa.<\/p>\n<p>&#8211; Houve atenuantes por conta da idade (mais de 70 anos).<\/p>\n<p>&#8211; Bolsonaro tamb\u00e9m foi condenado a 124 dias-multa, cada um equivalente a dois sal\u00e1rios m\u00ednimos.<\/p>\n<p>&#8211; Ele est\u00e1 atualmente em pris\u00e3o domiciliar e ainda pode recorrer da decis\u00e3o.<\/p>\n<p>&#8211; Votaram pela condena\u00e7\u00e3o: Alexandre de Moraes (relator), Fl\u00e1vio Dino, C\u00e1rmen L\u00facia e Cristiano Zanin.<\/p>\n<p>&#8211; Votou pela absolvi\u00e7\u00e3o: Luiz Fux.<\/p>\n<p>Al\u00e9m de Bolsonaro, sete outros r\u00e9us foram condenados, incluindo militares e ex-ministros como Mauro Cid, Braga Netto, Anderson Torres, Augusto Heleno, Paulo S\u00e9rgio Nogueira, Almir Garnier e Alexandre Ramagem.<\/p>\n<p>Se quiser entender como essa condena\u00e7\u00e3o pode impactar a pol\u00edtica brasileira ou a elegibilidade de Bolsonaro, posso te explicar!<\/p>\n<\/div>\n<\/div>\n","protected":false},"excerpt":{"rendered":"<p>Foto: Reprodu\u00e7\u00e3o Instagram O Supremo Tribunal Federal (STF) condenou o ex-presidente Jair Bolsonaro a 27 anos e 3 meses de pris\u00e3o em regime fechado por envolvimento em uma tentativa de golpe de Estado e outros quatro crimes. Essa decis\u00e3o hist\u00f3rica marca a primeira vez que um ex-presidente brasileiro \u00e9 condenado por atacar diretamente a democracia. &hellip;<\/p>\n","protected":false},"author":3,"featured_media":17238,"comment_status":"closed","ping_status":"closed","sticky":false,"template":"","format":"standard","meta":{"_links_to":"","_links_to_target":""},"categories":[34],"tags":[],"_links":{"self":[{"href":"https:\/\/www.didasantos.com.br\/v1\/wp-json\/wp\/v2\/posts\/17235"}],"collection":[{"href":"https:\/\/www.didasantos.com.br\/v1\/wp-json\/wp\/v2\/posts"}],"about":[{"href":"https:\/\/www.didasantos.com.br\/v1\/wp-json\/wp\/v2\/types\/post"}],"author":[{"embeddable":true,"href":"https:\/\/www.didasantos.com.br\/v1\/wp-json\/wp\/v2\/users\/3"}],"replies":[{"embeddable":true,"href":"https:\/\/www.didasantos.com.br\/v1\/wp-json\/wp\/v2\/comments?post=17235"}],"version-history":[{"count":2,"href":"https:\/\/www.didasantos.com.br\/v1\/wp-json\/wp\/v2\/posts\/17235\/revisions"}],"predecessor-version":[{"id":17237,"href":"https:\/\/www.didasantos.com.br\/v1\/wp-json\/wp\/v2\/posts\/17235\/revisions\/17237"}],"wp:featuredmedia":[{"embeddable":true,"href":"https:\/\/www.didasantos.com.br\/v1\/wp-json\/wp\/v2\/media\/17238"}],"wp:attachment":[{"href":"https:\/\/www.didasantos.com.br\/v1\/wp-json\/wp\/v2\/media?parent=17235"}],"wp:term":[{"taxonomy":"category","embeddable":true,"href":"https:\/\/www.didasantos.com.br\/v1\/wp-json\/wp\/v2\/categories?post=17235"},{"taxonomy":"post_tag","embeddable":true,"href":"https:\/\/www.didasantos.com.br\/v1\/wp-json\/wp\/v2\/tags?post=17235"}],"curies":[{"name":"wp","href":"https:\/\/api.w.org\/{rel}","templated":true}]}}