{"id":17397,"date":"2025-09-23T14:47:16","date_gmt":"2025-09-23T17:47:16","guid":{"rendered":"https:\/\/www.didasantos.com.br\/v1\/?p=17397"},"modified":"2025-09-23T14:47:16","modified_gmt":"2025-09-23T17:47:16","slug":"colisao-entre-moto-e-onibus-deixa-feridos-na-av-luis-eduardo-em-vitoria-da-conquista","status":"publish","type":"post","link":"https:\/\/www.didasantos.com.br\/v1\/2025\/09\/23\/colisao-entre-moto-e-onibus-deixa-feridos-na-av-luis-eduardo-em-vitoria-da-conquista\/","title":{"rendered":"Colis\u00e3o entre moto e \u00f4nibus deixa feridos na Av. Lu\u00eds Eduardo, em Vit\u00f3ria da Conquista"},"content":{"rendered":"<div class=\"entry-header blog-entry-header has-meta\">\n<h1 class=\"entry-title\"><span style=\"font-size: 16px; font-weight: 400;\">Foto:Reprodu\u00e7\u00e3o<\/span><\/h1>\n<\/div>\n<div class=\"entry-content-wrap\">\n<div id=\"post-body\" class=\"post-body entry-content\">\n<p>Vit\u00f3ria da Conquista amanheceu com mais um registro preocupante no tr\u00e2nsito urbano. Na manh\u00e3 desta ter\u00e7a-feira, 23 de setembro, uma colis\u00e3o envolvendo uma motocicleta e um \u00f4nibus deixou dois feridos no cruzamento entre as avenidas Lu\u00eds Eduardo Magalh\u00e3es e Ivo Freire de Aguiar.<\/p>\n<p>Segundo informa\u00e7\u00f5es preliminares, os dois ocupantes da moto \u2014 o condutor e o passageiro \u2014 foram socorridos pelo Servi\u00e7o de Atendimento M\u00f3vel de Urg\u00eancia (SAMU 192) e encaminhados ao hospital com ferimentos. O estado de sa\u00fade das v\u00edtimas ainda n\u00e3o foi divulgado.<\/p>\n<p>Agentes da Superintend\u00eancia Municipal de Tr\u00e2nsito (SIMTRANS) estiveram no local para registrar a ocorr\u00eancia e organizar o fluxo de ve\u00edculos, que ficou comprometido durante o atendimento.<\/p>\n<p>De acordo com relatos e imagens enviadas por internautas ao Blog Dida Santos e ao canal Al\u00f4 Conquista, um dos condutores envolvidos trafegava pela contram\u00e3o da Av. Ivo Freire de Aguiar \u2014 via que possui pista dupla separada por canteiro central \u2014 no momento em que o \u00f4nibus realizava convers\u00e3o a partir da Av. Lu\u00eds Eduardo Magalh\u00e3es.<\/p>\n<p>A suspeita \u00e9 de que o motociclista n\u00e3o possu\u00eda habilita\u00e7\u00e3o, o que pode ter contribu\u00eddo para a imprud\u00eancia observada. As autoridades devem investigar as circunst\u00e2ncias do acidente e apurar responsabilidades.<\/p>\n<p>Este novo epis\u00f3dio refor\u00e7a a necessidade de maior fiscaliza\u00e7\u00e3o e conscientiza\u00e7\u00e3o no tr\u00e2nsito da cidade, especialmente em vias de grande fluxo como as envolvidas na colis\u00e3o.?<\/p>\n<\/div>\n<\/div>\n","protected":false},"excerpt":{"rendered":"<p>Foto:Reprodu\u00e7\u00e3o Vit\u00f3ria da Conquista amanheceu com mais um registro preocupante no tr\u00e2nsito urbano. Na manh\u00e3 desta ter\u00e7a-feira, 23 de setembro, uma colis\u00e3o envolvendo uma motocicleta e um \u00f4nibus deixou dois feridos no cruzamento entre as avenidas Lu\u00eds Eduardo Magalh\u00e3es e Ivo Freire de Aguiar. Segundo informa\u00e7\u00f5es preliminares, os dois ocupantes da moto \u2014 o condutor &hellip;<\/p>\n","protected":false},"author":3,"featured_media":17400,"comment_status":"closed","ping_status":"closed","sticky":false,"template":"","format":"standard","meta":{"_links_to":"","_links_to_target":""},"categories":[22],"tags":[],"_links":{"self":[{"href":"https:\/\/www.didasantos.com.br\/v1\/wp-json\/wp\/v2\/posts\/17397"}],"collection":[{"href":"https:\/\/www.didasantos.com.br\/v1\/wp-json\/wp\/v2\/posts"}],"about":[{"href":"https:\/\/www.didasantos.com.br\/v1\/wp-json\/wp\/v2\/types\/post"}],"author":[{"embeddable":true,"href":"https:\/\/www.didasantos.com.br\/v1\/wp-json\/wp\/v2\/users\/3"}],"replies":[{"embeddable":true,"href":"https:\/\/www.didasantos.com.br\/v1\/wp-json\/wp\/v2\/comments?post=17397"}],"version-history":[{"count":2,"href":"https:\/\/www.didasantos.com.br\/v1\/wp-json\/wp\/v2\/posts\/17397\/revisions"}],"predecessor-version":[{"id":17399,"href":"https:\/\/www.didasantos.com.br\/v1\/wp-json\/wp\/v2\/posts\/17397\/revisions\/17399"}],"wp:featuredmedia":[{"embeddable":true,"href":"https:\/\/www.didasantos.com.br\/v1\/wp-json\/wp\/v2\/media\/17400"}],"wp:attachment":[{"href":"https:\/\/www.didasantos.com.br\/v1\/wp-json\/wp\/v2\/media?parent=17397"}],"wp:term":[{"taxonomy":"category","embeddable":true,"href":"https:\/\/www.didasantos.com.br\/v1\/wp-json\/wp\/v2\/categories?post=17397"},{"taxonomy":"post_tag","embeddable":true,"href":"https:\/\/www.didasantos.com.br\/v1\/wp-json\/wp\/v2\/tags?post=17397"}],"curies":[{"name":"wp","href":"https:\/\/api.w.org\/{rel}","templated":true}]}}