{"id":18111,"date":"2025-11-12T10:24:59","date_gmt":"2025-11-12T13:24:59","guid":{"rendered":"https:\/\/www.didasantos.com.br\/v1\/?p=18111"},"modified":"2025-11-12T10:24:59","modified_gmt":"2025-11-12T13:24:59","slug":"homem-arrastado-por-enxurrada-tem-piora-e-aguarda-transferencia-para-uma-uti","status":"publish","type":"post","link":"https:\/\/www.didasantos.com.br\/v1\/2025\/11\/12\/homem-arrastado-por-enxurrada-tem-piora-e-aguarda-transferencia-para-uma-uti\/","title":{"rendered":"Homem arrastado por enxurrada tem piora e aguarda transfer\u00eancia para uma UTI"},"content":{"rendered":"<header class=\"entry-header\">\n<h5 class=\"entry-title\">Foto:Reprodu\u00e7\u00e3o<\/h5>\n<\/header>\n<div class=\"entry-content\">\n<p>&nbsp;<\/p>\n<p class=\"p1\">O farmac\u00eautico Gerald Sara\u00edva, que foi arrastado pela enxurrada e sugado por um canal de drenagem durante o temporal do \u00faltimo domingo (9), em Vit\u00f3ria da Conquista, apresentou piora no quadro cl\u00ednico nesta ter\u00e7a-feira (11).<span id=\"more-66142\"><\/span><\/p>\n<p class=\"p1\">De acordo com familiares, Gerald est\u00e1 com suspeita de rabdomi\u00f3lise, uma inflama\u00e7\u00e3o provocada pelo excesso de esfor\u00e7o muscular. O quadro teria se agravado ap\u00f3s o intenso esfor\u00e7o f\u00edsico que o profissional fez para escapar da correnteza. \u201cEle usou toda a for\u00e7a para se salvar, e os exames est\u00e3o mostrando essa complica\u00e7\u00e3o. Gerald est\u00e1 aguardando vaga de UTI. Pe\u00e7o que intensifiquem as ora\u00e7\u00f5es por ele e por nossa fam\u00edlia\u201d, escreveu um familiar nas redes sociais.<\/p>\n<p class=\"p1\">O caso comoveu a cidade ap\u00f3s as imagens do resgate ganharem repercuss\u00e3o nas redes sociais. Gerald foi arrastado pela for\u00e7a da \u00e1gua na Avenida Juracy Magalh\u00e3es, uma das mais afetadas pelas chuvas, e conseguiu se salvar com ajuda de populares.<\/p>\n<p class=\"p1\">Amigos, colegas de trabalho e moradores de Vit\u00f3ria da Conquista seguem mobilizados em correntes de ora\u00e7\u00e3o pela recupera\u00e7\u00e3o do farmac\u00eautico, conhecido pelo trabalho na \u00e1rea da sa\u00fade e pela atua\u00e7\u00e3o solid\u00e1ria na comunidade. | Blog de Daniel Silva.<\/p>\n<\/div>\n","protected":false},"excerpt":{"rendered":"<p>Foto:Reprodu\u00e7\u00e3o &nbsp; O farmac\u00eautico Gerald Sara\u00edva, que foi arrastado pela enxurrada e sugado por um canal de drenagem durante o temporal do \u00faltimo domingo (9), em Vit\u00f3ria da Conquista, apresentou piora no quadro cl\u00ednico nesta ter\u00e7a-feira (11). De acordo com familiares, Gerald est\u00e1 com suspeita de rabdomi\u00f3lise, uma inflama\u00e7\u00e3o provocada pelo excesso de esfor\u00e7o muscular. &hellip;<\/p>\n","protected":false},"author":3,"featured_media":18114,"comment_status":"closed","ping_status":"closed","sticky":false,"template":"","format":"standard","meta":{"_links_to":"","_links_to_target":""},"categories":[22],"tags":[],"_links":{"self":[{"href":"https:\/\/www.didasantos.com.br\/v1\/wp-json\/wp\/v2\/posts\/18111"}],"collection":[{"href":"https:\/\/www.didasantos.com.br\/v1\/wp-json\/wp\/v2\/posts"}],"about":[{"href":"https:\/\/www.didasantos.com.br\/v1\/wp-json\/wp\/v2\/types\/post"}],"author":[{"embeddable":true,"href":"https:\/\/www.didasantos.com.br\/v1\/wp-json\/wp\/v2\/users\/3"}],"replies":[{"embeddable":true,"href":"https:\/\/www.didasantos.com.br\/v1\/wp-json\/wp\/v2\/comments?post=18111"}],"version-history":[{"count":2,"href":"https:\/\/www.didasantos.com.br\/v1\/wp-json\/wp\/v2\/posts\/18111\/revisions"}],"predecessor-version":[{"id":18113,"href":"https:\/\/www.didasantos.com.br\/v1\/wp-json\/wp\/v2\/posts\/18111\/revisions\/18113"}],"wp:featuredmedia":[{"embeddable":true,"href":"https:\/\/www.didasantos.com.br\/v1\/wp-json\/wp\/v2\/media\/18114"}],"wp:attachment":[{"href":"https:\/\/www.didasantos.com.br\/v1\/wp-json\/wp\/v2\/media?parent=18111"}],"wp:term":[{"taxonomy":"category","embeddable":true,"href":"https:\/\/www.didasantos.com.br\/v1\/wp-json\/wp\/v2\/categories?post=18111"},{"taxonomy":"post_tag","embeddable":true,"href":"https:\/\/www.didasantos.com.br\/v1\/wp-json\/wp\/v2\/tags?post=18111"}],"curies":[{"name":"wp","href":"https:\/\/api.w.org\/{rel}","templated":true}]}}