{"id":18416,"date":"2025-12-06T16:08:12","date_gmt":"2025-12-06T19:08:12","guid":{"rendered":"https:\/\/www.didasantos.com.br\/v1\/?p=18416"},"modified":"2025-12-06T16:08:12","modified_gmt":"2025-12-06T19:08:12","slug":"nota-de-pesar-7","status":"publish","type":"post","link":"https:\/\/www.didasantos.com.br\/v1\/2025\/12\/06\/nota-de-pesar-7\/","title":{"rendered":"Nota de Pesar"},"content":{"rendered":"<p>Com profundo pesar comunicamos o falecimento do nosso grande amigo e conterr\u00e2neo Sr. Arlindo Dias Santos, ocorrido em Inhobim.<\/p>\n<p>Nascido em 23 de dezembro de 1933, Sr. Arlindo viveu 92 anos de dedica\u00e7\u00e3o, amizade e conviv\u00eancia fraterna. Foi pessoa muito pr\u00f3xima da fam\u00edlia, especialmente do pai de Dida Santos, deixando lembran\u00e7as de carinho e respeito.<\/p>\n<p>Seu corpo ser\u00e1 velado na resid\u00eancia de sua filha Zenaide, localizada na Rua Pl\u00ednio Flores, onde morou por muitos anos e construiu la\u00e7os s\u00f3lidos com a comunidade.<\/p>\n<p>Neste momento de dor, expressamos nossos mais sinceros sentimentos \u00e0 fam\u00edlia e amigos, rogando a Deus que conforte a todos e que a mem\u00f3ria de Sr. Arlindo permane\u00e7a viva em nossos cora\u00e7\u00f5es.<\/p>\n","protected":false},"excerpt":{"rendered":"<p>Com profundo pesar comunicamos o falecimento do nosso grande amigo e conterr\u00e2neo Sr. Arlindo Dias Santos, ocorrido em Inhobim. Nascido em 23 de dezembro de 1933, Sr. Arlindo viveu 92 anos de dedica\u00e7\u00e3o, amizade e conviv\u00eancia fraterna. Foi pessoa muito pr\u00f3xima da fam\u00edlia, especialmente do pai de Dida Santos, deixando lembran\u00e7as de carinho e respeito. &hellip;<\/p>\n","protected":false},"author":3,"featured_media":18418,"comment_status":"closed","ping_status":"closed","sticky":false,"template":"","format":"standard","meta":{"_links_to":"","_links_to_target":""},"categories":[35],"tags":[],"_links":{"self":[{"href":"https:\/\/www.didasantos.com.br\/v1\/wp-json\/wp\/v2\/posts\/18416"}],"collection":[{"href":"https:\/\/www.didasantos.com.br\/v1\/wp-json\/wp\/v2\/posts"}],"about":[{"href":"https:\/\/www.didasantos.com.br\/v1\/wp-json\/wp\/v2\/types\/post"}],"author":[{"embeddable":true,"href":"https:\/\/www.didasantos.com.br\/v1\/wp-json\/wp\/v2\/users\/3"}],"replies":[{"embeddable":true,"href":"https:\/\/www.didasantos.com.br\/v1\/wp-json\/wp\/v2\/comments?post=18416"}],"version-history":[{"count":1,"href":"https:\/\/www.didasantos.com.br\/v1\/wp-json\/wp\/v2\/posts\/18416\/revisions"}],"predecessor-version":[{"id":18417,"href":"https:\/\/www.didasantos.com.br\/v1\/wp-json\/wp\/v2\/posts\/18416\/revisions\/18417"}],"wp:featuredmedia":[{"embeddable":true,"href":"https:\/\/www.didasantos.com.br\/v1\/wp-json\/wp\/v2\/media\/18418"}],"wp:attachment":[{"href":"https:\/\/www.didasantos.com.br\/v1\/wp-json\/wp\/v2\/media?parent=18416"}],"wp:term":[{"taxonomy":"category","embeddable":true,"href":"https:\/\/www.didasantos.com.br\/v1\/wp-json\/wp\/v2\/categories?post=18416"},{"taxonomy":"post_tag","embeddable":true,"href":"https:\/\/www.didasantos.com.br\/v1\/wp-json\/wp\/v2\/tags?post=18416"}],"curies":[{"name":"wp","href":"https:\/\/api.w.org\/{rel}","templated":true}]}}