{"id":18425,"date":"2025-12-07T22:45:19","date_gmt":"2025-12-08T01:45:19","guid":{"rendered":"https:\/\/www.didasantos.com.br\/v1\/?p=18425"},"modified":"2025-12-07T22:45:19","modified_gmt":"2025-12-08T01:45:19","slug":"craques-do-passado-brilham-em-amistoso-festivo-em-vitoria-da-conquista","status":"publish","type":"post","link":"https:\/\/www.didasantos.com.br\/v1\/2025\/12\/07\/craques-do-passado-brilham-em-amistoso-festivo-em-vitoria-da-conquista\/","title":{"rendered":"Craques do passado brilham em amistoso festivo em Vit\u00f3ria da Conquista"},"content":{"rendered":"<div class=\"entry-header blog-entry-header has-meta\">\n<h1 class=\"entry-title\"><span style=\"font-size: 16px; font-weight: 400;\">Fotos: Reprodu\u00e7\u00e3o\/ PMVC<\/span><\/h1>\n<\/div>\n<div class=\"entry-content-wrap\">\n<div id=\"post-body\" class=\"post-body entry-content\">\n<div>\n<div>\n<p>O Est\u00e1dio Lomanto J\u00fanior foi palco, neste domingo (7), de uma manh\u00e3 de celebra\u00e7\u00e3o para o futebol. Em clima de festa, as Sele\u00e7\u00f5es de Masters de Vit\u00f3ria da Conquista e do Flamengo se enfrentaram em um amistoso que reuniu craques do passado e apaixonados pelo esporte.<\/p>\n<div class=\"separator\"><a href=\"https:\/\/blogger.googleusercontent.com\/img\/b\/R29vZ2xl\/AVvXsEjeWhmxWLPHCUqANt62oRC9Rvmr6r1nDoHHFTuiI86AMSYl12JvoUid9cJfZrmrBNJFKTyy_aCRxGnFPqDaz4j8_OuNSu579Z5O0cZhgynp3h-egb-WC9tWq_GyrH7FzfuvSPingFFwUftPp-HHlSbZPCGShR7GK73Q46Zrwfy-KTHP4SgmJqhnc_nNePa8\/s963\/1000069928.png\"><img decoding=\"async\" loading=\"lazy\" src=\"https:\/\/blogger.googleusercontent.com\/img\/b\/R29vZ2xl\/AVvXsEjeWhmxWLPHCUqANt62oRC9Rvmr6r1nDoHHFTuiI86AMSYl12JvoUid9cJfZrmrBNJFKTyy_aCRxGnFPqDaz4j8_OuNSu579Z5O0cZhgynp3h-egb-WC9tWq_GyrH7FzfuvSPingFFwUftPp-HHlSbZPCGShR7GK73Q46Zrwfy-KTHP4SgmJqhnc_nNePa8\/w400-h275-rw\/1000069928.png\" width=\"400\" height=\"275\" border=\"0\" data-original-height=\"662\" data-original-width=\"963\" \/><\/a><\/div>\n<p>O encontro teve um significado especial: a despedida do \u00e1rbitro Silvio Monteiro, que encerrou sua trajet\u00f3ria de 37 anos na Federa\u00e7\u00e3o Bahiana de Futebol. Emocionado, Silvio agradeceu pela longa carreira e destacou a satisfa\u00e7\u00e3o de se despedir em um evento t\u00e3o marcante.<\/p>\n<p>Craques em campo<\/p>\n<p>Do lado conquistense, nomes como Tatu, Rafael da Granja e o capit\u00e3o Silvio reacenderam mem\u00f3rias de grandes momentos. J\u00e1 o Flamengo trouxe \u00eddolos que ajudaram a construir a hist\u00f3ria vitoriosa do clube, entre eles Rondinelli, Mozer, Andrade, Fernando, Jean, Tor\u00f3 e Beto. O reencontro com os torcedores foi marcado por aplausos e nostalgia.<\/p>\n<div class=\"separator\">\n<p><a href=\"https:\/\/blogger.googleusercontent.com\/img\/b\/R29vZ2xl\/AVvXsEjSnfa_JzxYQAiQqHW0wPliqQiCFO3cQIcqIcXEt7KCf5U5AstToPEfK7LrjuirHu6xnWPFp7YvWz8mTEVoVK7jSjO0cr-ECg72BRHSCrndCpwCj-KCJ6SPTCB44OGLy8NKGYRcPclEmW6fcE71A1unFgGPx9Yh9B2G4fyx8XYrKUqlcntrga48icX_NFKC\/s646\/1000069916.png\"><img decoding=\"async\" loading=\"lazy\" src=\"https:\/\/blogger.googleusercontent.com\/img\/b\/R29vZ2xl\/AVvXsEjSnfa_JzxYQAiQqHW0wPliqQiCFO3cQIcqIcXEt7KCf5U5AstToPEfK7LrjuirHu6xnWPFp7YvWz8mTEVoVK7jSjO0cr-ECg72BRHSCrndCpwCj-KCJ6SPTCB44OGLy8NKGYRcPclEmW6fcE71A1unFgGPx9Yh9B2G4fyx8XYrKUqlcntrga48icX_NFKC\/w400-h258-rw\/1000069916.png\" width=\"400\" height=\"258\" border=\"0\" data-original-height=\"416\" data-original-width=\"646\" \/><\/a><\/p>\n<div class=\"separator\"><a href=\"https:\/\/blogger.googleusercontent.com\/img\/b\/R29vZ2xl\/AVvXsEhxZ06LpsI2H20IE3o3BT36EQZCKsIy38NmEfdzsWKuuYXR_58LlNtkxUBek9fCvQ6Kf8fqbQS97h3L0-rlyS-da1Cxez9V8QOBzdYqixnrFit5RFN9p2c2VkQYhEVcxA96FtJUh65dOISDrFCy77GF3gEoPfE05MadjVlu7gMezeo4IhdFc_n-fuANJDYD\/s645\/1000069917.png\"><img decoding=\"async\" loading=\"lazy\" src=\"https:\/\/blogger.googleusercontent.com\/img\/b\/R29vZ2xl\/AVvXsEhxZ06LpsI2H20IE3o3BT36EQZCKsIy38NmEfdzsWKuuYXR_58LlNtkxUBek9fCvQ6Kf8fqbQS97h3L0-rlyS-da1Cxez9V8QOBzdYqixnrFit5RFN9p2c2VkQYhEVcxA96FtJUh65dOISDrFCy77GF3gEoPfE05MadjVlu7gMezeo4IhdFc_n-fuANJDYD\/w400-h271-rw\/1000069917.png\" width=\"400\" height=\"271\" border=\"0\" data-original-height=\"437\" data-original-width=\"645\" \/><\/a><\/div>\n<\/div>\n<p>Entre os depoimentos, Beto, ex-jogador do Flamengo, destacou o reconhecimento dos torcedores e o legado deixado pelos atletas. J\u00e1 Silvio Almeida, defensor hist\u00f3rico do Vit\u00f3ria da Conquista, celebrou o apoio da Prefeitura e a import\u00e2ncia de manter a seriedade dentro de campo, mesmo em um amistoso festivo.<\/p>\n<\/div>\n<\/div>\n<\/div>\n<\/div>\n","protected":false},"excerpt":{"rendered":"<p>Fotos: Reprodu\u00e7\u00e3o\/ PMVC O Est\u00e1dio Lomanto J\u00fanior foi palco, neste domingo (7), de uma manh\u00e3 de celebra\u00e7\u00e3o para o futebol. Em clima de festa, as Sele\u00e7\u00f5es de Masters de Vit\u00f3ria da Conquista e do Flamengo se enfrentaram em um amistoso que reuniu craques do passado e apaixonados pelo esporte. O encontro teve um significado especial: &hellip;<\/p>\n","protected":false},"author":3,"featured_media":18428,"comment_status":"closed","ping_status":"closed","sticky":false,"template":"","format":"standard","meta":{"_links_to":"","_links_to_target":""},"categories":[34],"tags":[],"_links":{"self":[{"href":"https:\/\/www.didasantos.com.br\/v1\/wp-json\/wp\/v2\/posts\/18425"}],"collection":[{"href":"https:\/\/www.didasantos.com.br\/v1\/wp-json\/wp\/v2\/posts"}],"about":[{"href":"https:\/\/www.didasantos.com.br\/v1\/wp-json\/wp\/v2\/types\/post"}],"author":[{"embeddable":true,"href":"https:\/\/www.didasantos.com.br\/v1\/wp-json\/wp\/v2\/users\/3"}],"replies":[{"embeddable":true,"href":"https:\/\/www.didasantos.com.br\/v1\/wp-json\/wp\/v2\/comments?post=18425"}],"version-history":[{"count":2,"href":"https:\/\/www.didasantos.com.br\/v1\/wp-json\/wp\/v2\/posts\/18425\/revisions"}],"predecessor-version":[{"id":18427,"href":"https:\/\/www.didasantos.com.br\/v1\/wp-json\/wp\/v2\/posts\/18425\/revisions\/18427"}],"wp:featuredmedia":[{"embeddable":true,"href":"https:\/\/www.didasantos.com.br\/v1\/wp-json\/wp\/v2\/media\/18428"}],"wp:attachment":[{"href":"https:\/\/www.didasantos.com.br\/v1\/wp-json\/wp\/v2\/media?parent=18425"}],"wp:term":[{"taxonomy":"category","embeddable":true,"href":"https:\/\/www.didasantos.com.br\/v1\/wp-json\/wp\/v2\/categories?post=18425"},{"taxonomy":"post_tag","embeddable":true,"href":"https:\/\/www.didasantos.com.br\/v1\/wp-json\/wp\/v2\/tags?post=18425"}],"curies":[{"name":"wp","href":"https:\/\/api.w.org\/{rel}","templated":true}]}}