{"id":18439,"date":"2025-12-09T08:51:15","date_gmt":"2025-12-09T11:51:15","guid":{"rendered":"https:\/\/www.didasantos.com.br\/v1\/?p=18439"},"modified":"2025-12-09T08:51:15","modified_gmt":"2025-12-09T11:51:15","slug":"lei-que-cria-secretaria-municipal-de-seguranca-publica-e-defesa-social-sera-sancionada-nesta-terca-9","status":"publish","type":"post","link":"https:\/\/www.didasantos.com.br\/v1\/2025\/12\/09\/lei-que-cria-secretaria-municipal-de-seguranca-publica-e-defesa-social-sera-sancionada-nesta-terca-9\/","title":{"rendered":"Lei que cria Secretaria Municipal de Seguran\u00e7a P\u00fablica e Defesa Social ser\u00e1 sancionada nesta ter\u00e7a, 9"},"content":{"rendered":"<div class=\"entry-header blog-entry-header has-meta\">\n<h1 class=\"entry-title\"><\/h1>\n<\/div>\n<div class=\"entry-content-wrap\">\n<div id=\"post-body\" class=\"post-body entry-content\">\n<div class=\"separator\"><\/div>\n<p>A\u00a0 Lei Complementar n\u00ba 3.087\/2025 que institui a Secretaria Municipal de Seguran\u00e7a P\u00fablica e Defesa Social (SMSP), na qual a Guarda Municipal e a Defesa Civil estar\u00e3o subordinadas, ser\u00e1 sancionada nesta ter\u00e7a-feira (9), pela prefeita Sheila Lemos. O ato acontece no sal\u00e3o nobre do Gabinete da Chefia do Poder Executivo, \u00e0s 11 horas.<\/p>\n<p>Al\u00e9m de estabelecer a estrutura organizacional da Secretaria Municipal de Seguran\u00e7a P\u00fablica e Defesa Social, a lei tamb\u00e9m institui o Fundo Municipal de Seguran\u00e7a P\u00fablica e Defesa Social (Fumsep), cria o Conselho Municipal de Seguran\u00e7a P\u00fablica e Defesa Social (Conseg), e o Observat\u00f3rio Municipal de Seguran\u00e7a P\u00fablica (Osep-Municipal).<\/p>\n<p>Fruto do Projeto de Lei Complementar n\u00ba 34\/2025, encaminhado \u00e0 C\u00e2mara de Vereadores em setembro deste ano, a nova secretaria permitir\u00e1 ao Executivo Municipal ampliar e qualificar tanto a formula\u00e7\u00e3o das pol\u00edticas p\u00fablicas de seguran\u00e7a quanto o acompanhamento e participa\u00e7\u00e3o transparente da sociedade civil.<\/p>\n<p>A estrutura da SMSP, com suas coordena\u00e7\u00f5es e ger\u00eancias t\u00e9cnicas, representa um marco na moderniza\u00e7\u00e3o da gest\u00e3o municipal, contemplando ainda \u00f3rg\u00e3os especializados que permitir\u00e3o uma atua\u00e7\u00e3o mais eficiente e coordenada na promo\u00e7\u00e3o da seguran\u00e7a da popula\u00e7\u00e3o. Entre esses \u00f3rg\u00e3os est\u00e3o o Observat\u00f3rio Municipal de Seguran\u00e7a P\u00fablica, respons\u00e1vel pela produ\u00e7\u00e3o de dados e an\u00e1lises estrat\u00e9gicas<\/p>\n<\/div>\n<\/div>\n","protected":false},"excerpt":{"rendered":"<p>A\u00a0 Lei Complementar n\u00ba 3.087\/2025 que institui a Secretaria Municipal de Seguran\u00e7a P\u00fablica e Defesa Social (SMSP), na qual a Guarda Municipal e a Defesa Civil estar\u00e3o subordinadas, ser\u00e1 sancionada nesta ter\u00e7a-feira (9), pela prefeita Sheila Lemos. O ato acontece no sal\u00e3o nobre do Gabinete da Chefia do Poder Executivo, \u00e0s 11 horas. Al\u00e9m de &hellip;<\/p>\n","protected":false},"author":3,"featured_media":18441,"comment_status":"closed","ping_status":"closed","sticky":false,"template":"","format":"standard","meta":{"_links_to":"","_links_to_target":""},"categories":[22],"tags":[],"_links":{"self":[{"href":"https:\/\/www.didasantos.com.br\/v1\/wp-json\/wp\/v2\/posts\/18439"}],"collection":[{"href":"https:\/\/www.didasantos.com.br\/v1\/wp-json\/wp\/v2\/posts"}],"about":[{"href":"https:\/\/www.didasantos.com.br\/v1\/wp-json\/wp\/v2\/types\/post"}],"author":[{"embeddable":true,"href":"https:\/\/www.didasantos.com.br\/v1\/wp-json\/wp\/v2\/users\/3"}],"replies":[{"embeddable":true,"href":"https:\/\/www.didasantos.com.br\/v1\/wp-json\/wp\/v2\/comments?post=18439"}],"version-history":[{"count":1,"href":"https:\/\/www.didasantos.com.br\/v1\/wp-json\/wp\/v2\/posts\/18439\/revisions"}],"predecessor-version":[{"id":18440,"href":"https:\/\/www.didasantos.com.br\/v1\/wp-json\/wp\/v2\/posts\/18439\/revisions\/18440"}],"wp:featuredmedia":[{"embeddable":true,"href":"https:\/\/www.didasantos.com.br\/v1\/wp-json\/wp\/v2\/media\/18441"}],"wp:attachment":[{"href":"https:\/\/www.didasantos.com.br\/v1\/wp-json\/wp\/v2\/media?parent=18439"}],"wp:term":[{"taxonomy":"category","embeddable":true,"href":"https:\/\/www.didasantos.com.br\/v1\/wp-json\/wp\/v2\/categories?post=18439"},{"taxonomy":"post_tag","embeddable":true,"href":"https:\/\/www.didasantos.com.br\/v1\/wp-json\/wp\/v2\/tags?post=18439"}],"curies":[{"name":"wp","href":"https:\/\/api.w.org\/{rel}","templated":true}]}}