{"id":18725,"date":"2026-01-01T21:08:32","date_gmt":"2026-01-02T00:08:32","guid":{"rendered":"https:\/\/www.didasantos.com.br\/v1\/?p=18725"},"modified":"2026-01-01T21:08:32","modified_gmt":"2026-01-02T00:08:32","slug":"afogamento-e-registrado-na-prainha-de-anage-neste-inicio-de-ano","status":"publish","type":"post","link":"https:\/\/www.didasantos.com.br\/v1\/2026\/01\/01\/afogamento-e-registrado-na-prainha-de-anage-neste-inicio-de-ano\/","title":{"rendered":"Afogamento \u00e9 registrado na prainha de Anag\u00e9 neste in\u00edcio de ano"},"content":{"rendered":"<div class=\"entry-header blog-entry-header has-meta\">\n<h1 class=\"entry-title\"><\/h1>\n<\/div>\n<div class=\"entry-content-wrap\">\n<div id=\"post-body\" class=\"post-body entry-content\">\n<div class=\"separator\"><\/div>\n<p>Um caso de afogamento foi registrado na prainha de Anag\u00e9, munic\u00edpio localizado no sudoeste da Bahia, neste come\u00e7o de 2026. O epis\u00f3dio ocorreu em meio ao movimento t\u00edpico de visitantes que frequentam o espa\u00e7o durante o ver\u00e3o.<\/p>\n<p>De acordo com informa\u00e7\u00f5es apuradas, o corpo da v\u00edtima est\u00e1 sendo encaminhado ao Departamento de Pol\u00edcia T\u00e9cnica (DPT) de Vit\u00f3ria da Conquista, onde ser\u00e3o realizados os procedimentos legais necess\u00e1rios para identifica\u00e7\u00e3o e per\u00edcia.<\/p>\n<p>A prainha de Anag\u00e9 \u00e9 um dos principais pontos de lazer da regi\u00e3o, atraindo moradores e turistas em busca de descanso e contato com a natureza. Com a chegada do per\u00edodo de f\u00e9rias e o aumento do fluxo de banhistas, cresce tamb\u00e9m a preocupa\u00e7\u00e3o com a seguran\u00e7a aqu\u00e1tica.<\/p>\n<p>O caso segue em apura\u00e7\u00e3o, e novas informa\u00e7\u00f5es devem esclarecer as circunst\u00e2ncias do afogamento.<\/p>\n<\/div>\n<\/div>\n","protected":false},"excerpt":{"rendered":"<p>Um caso de afogamento foi registrado na prainha de Anag\u00e9, munic\u00edpio localizado no sudoeste da Bahia, neste come\u00e7o de 2026. O epis\u00f3dio ocorreu em meio ao movimento t\u00edpico de visitantes que frequentam o espa\u00e7o durante o ver\u00e3o. De acordo com informa\u00e7\u00f5es apuradas, o corpo da v\u00edtima est\u00e1 sendo encaminhado ao Departamento de Pol\u00edcia T\u00e9cnica (DPT) &hellip;<\/p>\n","protected":false},"author":3,"featured_media":18728,"comment_status":"closed","ping_status":"closed","sticky":false,"template":"","format":"standard","meta":{"_links_to":"","_links_to_target":""},"categories":[35],"tags":[],"_links":{"self":[{"href":"https:\/\/www.didasantos.com.br\/v1\/wp-json\/wp\/v2\/posts\/18725"}],"collection":[{"href":"https:\/\/www.didasantos.com.br\/v1\/wp-json\/wp\/v2\/posts"}],"about":[{"href":"https:\/\/www.didasantos.com.br\/v1\/wp-json\/wp\/v2\/types\/post"}],"author":[{"embeddable":true,"href":"https:\/\/www.didasantos.com.br\/v1\/wp-json\/wp\/v2\/users\/3"}],"replies":[{"embeddable":true,"href":"https:\/\/www.didasantos.com.br\/v1\/wp-json\/wp\/v2\/comments?post=18725"}],"version-history":[{"count":2,"href":"https:\/\/www.didasantos.com.br\/v1\/wp-json\/wp\/v2\/posts\/18725\/revisions"}],"predecessor-version":[{"id":18727,"href":"https:\/\/www.didasantos.com.br\/v1\/wp-json\/wp\/v2\/posts\/18725\/revisions\/18727"}],"wp:featuredmedia":[{"embeddable":true,"href":"https:\/\/www.didasantos.com.br\/v1\/wp-json\/wp\/v2\/media\/18728"}],"wp:attachment":[{"href":"https:\/\/www.didasantos.com.br\/v1\/wp-json\/wp\/v2\/media?parent=18725"}],"wp:term":[{"taxonomy":"category","embeddable":true,"href":"https:\/\/www.didasantos.com.br\/v1\/wp-json\/wp\/v2\/categories?post=18725"},{"taxonomy":"post_tag","embeddable":true,"href":"https:\/\/www.didasantos.com.br\/v1\/wp-json\/wp\/v2\/tags?post=18725"}],"curies":[{"name":"wp","href":"https:\/\/api.w.org\/{rel}","templated":true}]}}