{"id":18814,"date":"2026-01-09T10:36:37","date_gmt":"2026-01-09T13:36:37","guid":{"rendered":"https:\/\/www.didasantos.com.br\/v1\/?p=18814"},"modified":"2026-01-09T10:36:37","modified_gmt":"2026-01-09T13:36:37","slug":"pt-reage-a-acusacoes-apos-prisao-de-maduro","status":"publish","type":"post","link":"https:\/\/www.didasantos.com.br\/v1\/2026\/01\/09\/pt-reage-a-acusacoes-apos-prisao-de-maduro\/","title":{"rendered":"PT reage a acusa\u00e7\u00f5es ap\u00f3s pris\u00e3o de Maduro"},"content":{"rendered":"<div class=\"entry-header blog-entry-header has-meta\"><\/div>\n<div class=\"entry-content-wrap\">\n<div id=\"post-body\" class=\"post-body entry-content\">\n<div class=\"separator\"><\/div>\n<div class=\"separator\">\u00a0Ap\u00f3s a pris\u00e3o de Nicol\u00e1s Maduro pelos EUA, o PT ingressou com a\u00e7\u00f5es judiciais contra ao menos cinco parlamentares da direita que associaram o partido e o presidente Lula ao narcotr\u00e1fico. Os petistas tamb\u00e9m contestam declara\u00e7\u00f5es que, segundo eles, \u201cnormalizam\u201d a ideia de interven\u00e7\u00e3o militar estrangeira no Brasil.<\/div>\n<div class=\"separator\"><a href=\"https:\/\/blogger.googleusercontent.com\/img\/b\/R29vZ2xl\/AVvXsEiLB1Ih7VPSy9YwpJvchwpHazb2x0uQykjegxJoV4vFG9rlw0Ah9ND4sxtZdpb2cytuQkZ_kuyEmvEV8u-WklP7cz9uHsjZ5LmskUEKQDE04OXqveQzrMFS0URrjG0Jzf4sEeU2-RxDvplcivnTACdiNKKjhJ2dB_G1Qn0MSnaWiGgOdGPOMCmANP_at7IZ\/s1195\/1000104955.png\"><img decoding=\"async\" loading=\"lazy\" src=\"https:\/\/blogger.googleusercontent.com\/img\/b\/R29vZ2xl\/AVvXsEiLB1Ih7VPSy9YwpJvchwpHazb2x0uQykjegxJoV4vFG9rlw0Ah9ND4sxtZdpb2cytuQkZ_kuyEmvEV8u-WklP7cz9uHsjZ5LmskUEKQDE04OXqveQzrMFS0URrjG0Jzf4sEeU2-RxDvplcivnTACdiNKKjhJ2dB_G1Qn0MSnaWiGgOdGPOMCmANP_at7IZ\/w518-h640-rw\/1000104955.png\" width=\"518\" height=\"640\" border=\"0\" data-original-height=\"1195\" data-original-width=\"968\" \/><\/a><\/div>\n<p>Foto: Reprodu\u00e7\u00e3o&nbsp;<\/p>\n<p>Contexto internacional<\/p>\n<p>No \u00faltimo s\u00e1bado (3 de janeiro de 2026), o presidente venezuelano Nicol\u00e1s Maduro foi capturado pelos Estados Unidos e dever\u00e1 responder por crimes como conspira\u00e7\u00e3o para narcoterrorismo e importa\u00e7\u00e3o de coca\u00edna. O epis\u00f3dio repercutiu fortemente na Am\u00e9rica Latina, reacendendo debates sobre v\u00ednculos pol\u00edticos e econ\u00f4micos da regi\u00e3o com o narcotr\u00e1fico.<\/p>\n<p>A\u00e7\u00f5es do PT<\/p>\n<p>Em resposta \u00e0s declara\u00e7\u00f5es de advers\u00e1rios que aproveitaram a pris\u00e3o de Maduro para associar o PT e Lula ao narcotr\u00e1fico, o partido ingressou com a\u00e7\u00f5es judiciais contra ao menos cinco parlamentares. Entre os alvos est\u00e3o:<\/p>\n<p>&#8211; Nikolas Ferreira (PL-MG), que compartilhou uma montagem em que Lula aparece sendo preso em meio a uma interven\u00e7\u00e3o externa.<\/p>\n<p>&#8211; Paulo Bilynskyj (PL-SP), deputado que fez declara\u00e7\u00f5es consideradas difamat\u00f3rias.<\/p>\n<p>&#8211; O vice-governador de S\u00e3o Paulo, tamb\u00e9m citado em a\u00e7\u00f5es.<\/p>\n<p>Argumentos do partido<\/p>\n<p>&#8211; O PT afirma que tais manifesta\u00e7\u00f5es extrapolam o direito \u00e0 cr\u00edtica pol\u00edtica e configuram difama\u00e7\u00e3o.<\/p>\n<p>&#8211; A sigla sustenta que os discursos de alguns parlamentares \u201cnormalizam ou incentivam\u201d a ideia de interven\u00e7\u00e3o militar estrangeira no Brasil, o que seria um atentado \u00e0 soberania nacional.<\/p>\n<p>&#8211; Lindbergh Farias (PT-RJ), l\u00edder do partido na C\u00e2mara, classificou as postagens como \u201ctrai\u00e7\u00e3o\u201d e \u201catentado contra a soberania nacional\u201d.<\/p>\n<p>Repercuss\u00e3o<\/p>\n<p>&#8211; Os processos refor\u00e7am a estrat\u00e9gia do PT de judicializar ataques considerados difamat\u00f3rios, buscando conter a dissemina\u00e7\u00e3o de desinforma\u00e7\u00e3o nas redes sociais.<\/p>\n<p>&#8211; Parlamentares da oposi\u00e7\u00e3o, por sua vez, alegam que se trata de tentativa de censura e defendem a liberdade de express\u00e3o.<\/p>\n<p>&#8211; O caso amplia a tens\u00e3o pol\u00edtica no Brasil, em um momento em que o cen\u00e1rio internacional \u2014 especialmente a pris\u00e3o de Maduro \u2014 j\u00e1 gera instabilidade e polariza\u00e7\u00e3o.<\/p>\n<p>Riscos e implica\u00e7\u00f5es<\/p>\n<p>&#8211; Polariza\u00e7\u00e3o pol\u00edtica: A judicializa\u00e7\u00e3o pode intensificar o embate entre governo e oposi\u00e7\u00e3o.<\/p>\n<p>&#8211; Liberdade de express\u00e3o vs. difama\u00e7\u00e3o: O epis\u00f3dio reacende o debate sobre os limites da cr\u00edtica pol\u00edtica.<\/p>\n<p>&#8211; Soberania nacional: O PT busca refor\u00e7ar a narrativa de defesa da soberania diante de discursos que sugerem interven\u00e7\u00e3o externa.<\/p>\n<\/div>\n<\/div>\n","protected":false},"excerpt":{"rendered":"<p>\u00a0Ap\u00f3s a pris\u00e3o de Nicol\u00e1s Maduro pelos EUA, o PT ingressou com a\u00e7\u00f5es judiciais contra ao menos cinco parlamentares da direita que associaram o partido e o presidente Lula ao narcotr\u00e1fico. Os petistas tamb\u00e9m contestam declara\u00e7\u00f5es que, segundo eles, \u201cnormalizam\u201d a ideia de interven\u00e7\u00e3o militar estrangeira no Brasil. Foto: Reprodu\u00e7\u00e3o&nbsp; Contexto internacional No \u00faltimo s\u00e1bado &hellip;<\/p>\n","protected":false},"author":3,"featured_media":18815,"comment_status":"closed","ping_status":"closed","sticky":false,"template":"","format":"standard","meta":{"_links_to":"","_links_to_target":""},"categories":[25],"tags":[],"_links":{"self":[{"href":"https:\/\/www.didasantos.com.br\/v1\/wp-json\/wp\/v2\/posts\/18814"}],"collection":[{"href":"https:\/\/www.didasantos.com.br\/v1\/wp-json\/wp\/v2\/posts"}],"about":[{"href":"https:\/\/www.didasantos.com.br\/v1\/wp-json\/wp\/v2\/types\/post"}],"author":[{"embeddable":true,"href":"https:\/\/www.didasantos.com.br\/v1\/wp-json\/wp\/v2\/users\/3"}],"replies":[{"embeddable":true,"href":"https:\/\/www.didasantos.com.br\/v1\/wp-json\/wp\/v2\/comments?post=18814"}],"version-history":[{"count":1,"href":"https:\/\/www.didasantos.com.br\/v1\/wp-json\/wp\/v2\/posts\/18814\/revisions"}],"predecessor-version":[{"id":18816,"href":"https:\/\/www.didasantos.com.br\/v1\/wp-json\/wp\/v2\/posts\/18814\/revisions\/18816"}],"wp:featuredmedia":[{"embeddable":true,"href":"https:\/\/www.didasantos.com.br\/v1\/wp-json\/wp\/v2\/media\/18815"}],"wp:attachment":[{"href":"https:\/\/www.didasantos.com.br\/v1\/wp-json\/wp\/v2\/media?parent=18814"}],"wp:term":[{"taxonomy":"category","embeddable":true,"href":"https:\/\/www.didasantos.com.br\/v1\/wp-json\/wp\/v2\/categories?post=18814"},{"taxonomy":"post_tag","embeddable":true,"href":"https:\/\/www.didasantos.com.br\/v1\/wp-json\/wp\/v2\/tags?post=18814"}],"curies":[{"name":"wp","href":"https:\/\/api.w.org\/{rel}","templated":true}]}}