{"id":20013,"date":"2026-04-25T07:37:07","date_gmt":"2026-04-25T10:37:07","guid":{"rendered":"https:\/\/www.didasantos.com.br\/v1\/?p=20013"},"modified":"2026-04-25T07:37:07","modified_gmt":"2026-04-25T10:37:07","slug":"padre-sergio-ferreira-relembra-passagem-por-vitoria-da-conquista-em-entrevista-ao-blog-dida-santos","status":"publish","type":"post","link":"https:\/\/www.didasantos.com.br\/v1\/2026\/04\/25\/padre-sergio-ferreira-relembra-passagem-por-vitoria-da-conquista-em-entrevista-ao-blog-dida-santos\/","title":{"rendered":"Padre S\u00e9rgio Ferreira relembra passagem por Vit\u00f3ria da Conquista em entrevista ao Blog Dida Santos"},"content":{"rendered":"<p><strong>Padre S\u00e9rgio Ferreira relembra passagem por Vit\u00f3ria da Conquista<\/strong><\/p>\n<p>Na noite da \u00faltima quinta-feira, 23 de abril, o comunicador Dida Santos recebeu o padre S\u00e9rgio Ferreira para uma entrevista especial. Natural de Santos (SP), o religioso recordou sua breve, mas marcante passagem por Vit\u00f3ria da Conquista entre os anos de 1999 e 2000.<\/p>\n<p><img decoding=\"async\" loading=\"lazy\" class=\"alignnone size-full wp-image-20016\" src=\"https:\/\/www.didasantos.com.br\/v1\/wp-content\/uploads\/2026\/04\/1000210548.jpg\" alt=\"\" width=\"628\" height=\"550\" srcset=\"https:\/\/www.didasantos.com.br\/v1\/wp-content\/uploads\/2026\/04\/1000210548.jpg 628w, https:\/\/www.didasantos.com.br\/v1\/wp-content\/uploads\/2026\/04\/1000210548-300x263.jpg 300w\" sizes=\"(max-width: 628px) 100vw, 628px\" \/><\/p>\n<p>Na \u00e9poca, S\u00e9rgio Ferreira ainda n\u00e3o havia sido ordenado padre. Atuava na prefeitura de Santos e foi enviado pelo ent\u00e3o prefeito da cidade para colaborar com o movimento popular dos sem-terra e tamb\u00e9m com atividades no mercado municipal de Conquista. A vinda foi intermediada pela amizade entre o prefeito de Santos e o ent\u00e3o prefeito Guilherme Menezes.<\/p>\n<p>Durante a conversa, o padre destacou o acolhimento que recebeu dos conquistenses:<br \/>\n&gt; \u201cFoi muito bom conhecer esse peda\u00e7o especial do Brasil, com um povo caloroso, acolhedor e solid\u00e1rio\u201d, afirmou.<\/p>\n<p>Ele revelou que chegou a considerar permanecer definitivamente na cidade:<br \/>\n&gt; \u201cQuase fico em Conquista pra sempre\u201d, disse em tom emocionado.<\/p>\n<p>Hoje, j\u00e1 ordenado e atuando na vida religiosa, S\u00e9rgio Ferreira guarda com carinho as lembran\u00e7as desse per\u00edodo. Para ele, Vit\u00f3ria da Conquista representa um cap\u00edtulo importante de sua trajet\u00f3ria pessoal e profissional, marcado pela conviv\u00eancia com uma comunidade que o inspirou e deixou marcas profundas em sua hist\u00f3ria.<\/p>\n<p>Ou\u00e7a a entrevista:<iframe loading=\"lazy\" title=\"Dida entrevista o padre S\u00e9rgio \" src=\"https:\/\/www.youtube.com\/embed\/__JLsQFByGU\" width=\"980\" height=\"1766\" frameborder=\"0\" allowfullscreen=\"allowfullscreen\"><\/iframe><\/p>\n","protected":false},"excerpt":{"rendered":"<p>Padre S\u00e9rgio Ferreira relembra passagem por Vit\u00f3ria da Conquista Na noite da \u00faltima quinta-feira, 23 de abril, o comunicador Dida Santos recebeu o padre S\u00e9rgio Ferreira para uma entrevista especial. Natural de Santos (SP), o religioso recordou sua breve, mas marcante passagem por Vit\u00f3ria da Conquista entre os anos de 1999 e 2000. Na \u00e9poca, &hellip;<\/p>\n","protected":false},"author":3,"featured_media":20018,"comment_status":"closed","ping_status":"closed","sticky":false,"template":"","format":"standard","meta":{"_links_to":"","_links_to_target":""},"categories":[34],"tags":[],"_links":{"self":[{"href":"https:\/\/www.didasantos.com.br\/v1\/wp-json\/wp\/v2\/posts\/20013"}],"collection":[{"href":"https:\/\/www.didasantos.com.br\/v1\/wp-json\/wp\/v2\/posts"}],"about":[{"href":"https:\/\/www.didasantos.com.br\/v1\/wp-json\/wp\/v2\/types\/post"}],"author":[{"embeddable":true,"href":"https:\/\/www.didasantos.com.br\/v1\/wp-json\/wp\/v2\/users\/3"}],"replies":[{"embeddable":true,"href":"https:\/\/www.didasantos.com.br\/v1\/wp-json\/wp\/v2\/comments?post=20013"}],"version-history":[{"count":4,"href":"https:\/\/www.didasantos.com.br\/v1\/wp-json\/wp\/v2\/posts\/20013\/revisions"}],"predecessor-version":[{"id":20019,"href":"https:\/\/www.didasantos.com.br\/v1\/wp-json\/wp\/v2\/posts\/20013\/revisions\/20019"}],"wp:featuredmedia":[{"embeddable":true,"href":"https:\/\/www.didasantos.com.br\/v1\/wp-json\/wp\/v2\/media\/20018"}],"wp:attachment":[{"href":"https:\/\/www.didasantos.com.br\/v1\/wp-json\/wp\/v2\/media?parent=20013"}],"wp:term":[{"taxonomy":"category","embeddable":true,"href":"https:\/\/www.didasantos.com.br\/v1\/wp-json\/wp\/v2\/categories?post=20013"},{"taxonomy":"post_tag","embeddable":true,"href":"https:\/\/www.didasantos.com.br\/v1\/wp-json\/wp\/v2\/tags?post=20013"}],"curies":[{"name":"wp","href":"https:\/\/api.w.org\/{rel}","templated":true}]}}