{"id":20024,"date":"2026-04-25T14:21:42","date_gmt":"2026-04-25T17:21:42","guid":{"rendered":"https:\/\/www.didasantos.com.br\/v1\/?p=20024"},"modified":"2026-04-25T14:22:10","modified_gmt":"2026-04-25T17:22:10","slug":"pastor-investigado-por-injuria-homofobica-em-hospital-de-feira-de-santana","status":"publish","type":"post","link":"https:\/\/www.didasantos.com.br\/v1\/2026\/04\/25\/pastor-investigado-por-injuria-homofobica-em-hospital-de-feira-de-santana\/","title":{"rendered":"Pastor investigado por inj\u00faria homof\u00f3bica em hospital de Feira de Santana"},"content":{"rendered":"<p>Feira de Santana<\/p>\n<p>O pastor Mois\u00e9s Neri dos Santos, conhecido nas redes sociais por suas prega\u00e7\u00f5es religiosas, est\u00e1 sendo investigado ap\u00f3s suspeita de inj\u00faria homof\u00f3bica dentro do Hospital Geral Cl\u00e9riston Andrade (HGCA).<\/p>\n<p>De acordo com relatos, o religioso realizava uma prega\u00e7\u00e3o no interior da unidade hospitalar quando teria feito declara\u00e7\u00f5es consideradas ofensivas contra pessoas LGBTQIA+. O epis\u00f3dio gerou repercuss\u00e3o imediata entre pacientes, funcion\u00e1rios e internautas, que denunciaram o caso \u00e0s autoridades competentes.<\/p>\n<p>A dire\u00e7\u00e3o do hospital informou que n\u00e3o havia autoriza\u00e7\u00e3o para a realiza\u00e7\u00e3o de cultos ou prega\u00e7\u00f5es dentro das depend\u00eancias da institui\u00e7\u00e3o. O caso foi encaminhado \u00e0 pol\u00edcia, que apura se houve crime de inj\u00faria homof\u00f3bica, previsto na legisla\u00e7\u00e3o brasileira como pr\u00e1tica discriminat\u00f3ria pass\u00edvel de responsabiliza\u00e7\u00e3o criminal.<\/p>\n<p>Mois\u00e9s Neri, que acumula milhares de seguidores em plataformas digitais, ainda n\u00e3o se manifestou publicamente sobre as acusa\u00e7\u00f5es. O epis\u00f3dio reacende o debate sobre os limites da liberdade religiosa e de express\u00e3o, especialmente em espa\u00e7os p\u00fablicos e de sa\u00fade, onde prevalece o direito ao atendimento humanizado e livre de discrimina\u00e7\u00e3o.<\/p>\n<p>A investiga\u00e7\u00e3o segue em andamento e poder\u00e1 resultar em medidas judiciais caso sejam confirmadas as den\u00fancias. Enquanto isso, entidades de defesa dos direitos humanos refor\u00e7am a import\u00e2ncia de combater discursos de \u00f3dio e garantir respeito \u00e0 diversidade em todos os ambientes.<\/p>\n","protected":false},"excerpt":{"rendered":"<p>Feira de Santana O pastor Mois\u00e9s Neri dos Santos, conhecido nas redes sociais por suas prega\u00e7\u00f5es religiosas, est\u00e1 sendo investigado ap\u00f3s suspeita de inj\u00faria homof\u00f3bica dentro do Hospital Geral Cl\u00e9riston Andrade (HGCA). De acordo com relatos, o religioso realizava uma prega\u00e7\u00e3o no interior da unidade hospitalar quando teria feito declara\u00e7\u00f5es consideradas ofensivas contra pessoas LGBTQIA+. &hellip;<\/p>\n","protected":false},"author":3,"featured_media":20026,"comment_status":"closed","ping_status":"closed","sticky":false,"template":"","format":"standard","meta":{"_links_to":"","_links_to_target":""},"categories":[32],"tags":[],"_links":{"self":[{"href":"https:\/\/www.didasantos.com.br\/v1\/wp-json\/wp\/v2\/posts\/20024"}],"collection":[{"href":"https:\/\/www.didasantos.com.br\/v1\/wp-json\/wp\/v2\/posts"}],"about":[{"href":"https:\/\/www.didasantos.com.br\/v1\/wp-json\/wp\/v2\/types\/post"}],"author":[{"embeddable":true,"href":"https:\/\/www.didasantos.com.br\/v1\/wp-json\/wp\/v2\/users\/3"}],"replies":[{"embeddable":true,"href":"https:\/\/www.didasantos.com.br\/v1\/wp-json\/wp\/v2\/comments?post=20024"}],"version-history":[{"count":1,"href":"https:\/\/www.didasantos.com.br\/v1\/wp-json\/wp\/v2\/posts\/20024\/revisions"}],"predecessor-version":[{"id":20025,"href":"https:\/\/www.didasantos.com.br\/v1\/wp-json\/wp\/v2\/posts\/20024\/revisions\/20025"}],"wp:featuredmedia":[{"embeddable":true,"href":"https:\/\/www.didasantos.com.br\/v1\/wp-json\/wp\/v2\/media\/20026"}],"wp:attachment":[{"href":"https:\/\/www.didasantos.com.br\/v1\/wp-json\/wp\/v2\/media?parent=20024"}],"wp:term":[{"taxonomy":"category","embeddable":true,"href":"https:\/\/www.didasantos.com.br\/v1\/wp-json\/wp\/v2\/categories?post=20024"},{"taxonomy":"post_tag","embeddable":true,"href":"https:\/\/www.didasantos.com.br\/v1\/wp-json\/wp\/v2\/tags?post=20024"}],"curies":[{"name":"wp","href":"https:\/\/api.w.org\/{rel}","templated":true}]}}