{"id":20047,"date":"2026-04-27T12:58:58","date_gmt":"2026-04-27T15:58:58","guid":{"rendered":"https:\/\/www.didasantos.com.br\/v1\/?p=20047"},"modified":"2026-04-27T13:00:47","modified_gmt":"2026-04-27T16:00:47","slug":"encontro-de-baianos-reune-comunidade-em-itaquera-sao-paulo","status":"publish","type":"post","link":"https:\/\/www.didasantos.com.br\/v1\/2026\/04\/27\/encontro-de-baianos-reune-comunidade-em-itaquera-sao-paulo\/","title":{"rendered":"Encontro de Baianos re\u00fane comunidade em Itaquera, S\u00e3o Paulo"},"content":{"rendered":"<div class=\"separator\" data-original-attrs=\"{&quot;style&quot;:&quot;&quot;}\"><\/div>\n<p>Neste domingo, 26, o bairro de Itaquera, em S\u00e3o Paulo, foi palco de um grande momento de confraterniza\u00e7\u00e3o: o Encontro de Baianos, organizado por Dida Santos e Jobaldo. O evento reuniu conterr\u00e2neos e admiradores da cultura baiana em uma celebra\u00e7\u00e3o marcada por alegria, m\u00fasica e reencontros.<\/p>\n<p>&nbsp;<\/p>\n<div class=\"separator\" data-original-attrs=\"{&quot;style&quot;:&quot;&quot;}\"><a href=\"https:\/\/draft.blogger.com\/u\/6\/blog\/post\/edit\/3975077236265862522\/6147292500421150469?hl=pt-BR#\" data-original-attrs=\"{&quot;data-original-href&quot;:&quot;https:\/\/blogger.googleusercontent.com\/img\/b\/R29vZ2xl\/AVvXsEiegQiX8VkVlj11BX578FaixLnUapKQ7nvWCH8xDVMM3GloWEJDASFgf2l2pQeV7hn1y2_nPpidqekuQ0oKVabj2JGeVFb0pLR5CZWe3Fp5M167BkaHhoZYVYjt7n6_Z84jWYZJ4xynoQ7tWYGgtiQv95hQHVkftPjXZMSyxF0CkgBUxIO8w6zf7BDOrQeq\/s1080\/1000213240.png&quot;,&quot;style&quot;:&quot;&quot;}\"><img decoding=\"async\" loading=\"lazy\" src=\"https:\/\/blogger.googleusercontent.com\/img\/b\/R29vZ2xl\/AVvXsEiegQiX8VkVlj11BX578FaixLnUapKQ7nvWCH8xDVMM3GloWEJDASFgf2l2pQeV7hn1y2_nPpidqekuQ0oKVabj2JGeVFb0pLR5CZWe3Fp5M167BkaHhoZYVYjt7n6_Z84jWYZJ4xynoQ7tWYGgtiQv95hQHVkftPjXZMSyxF0CkgBUxIO8w6zf7BDOrQeq\/w640-h485\/1000213240.png\" width=\"640\" height=\"485\" border=\"0\" data-original-height=\"817\" data-original-width=\"1080\" \/><\/a><\/div>\n<p>A iniciativa teve como objetivo fortalecer os la\u00e7os da comunidade baiana residente em S\u00e3o Paulo, promovendo integra\u00e7\u00e3o e valoriza\u00e7\u00e3o das tradi\u00e7\u00f5es culturais. Durante o encontro, os participantes puderam compartilhar hist\u00f3rias, relembrar ra\u00edzes e celebrar a identidade que os une.<\/p>\n<div class=\"separator\" data-original-attrs=\"{&quot;style&quot;:&quot;&quot;}\"><a href=\"https:\/\/draft.blogger.com\/u\/6\/blog\/post\/edit\/3975077236265862522\/6147292500421150469?hl=pt-BR#\" data-original-attrs=\"{&quot;data-original-href&quot;:&quot;https:\/\/blogger.googleusercontent.com\/img\/b\/R29vZ2xl\/AVvXsEi9Rpk0TW8rEGeQ2wduO0lqJt56kb4ISzCvv8I60RDLZ-OaaPlNul_0QtOig23Rc-UXRV_oW4gOdI7sZtDxx5Zo1CMATmdRerPXarP1PBBXhrmi68G-IelLFQ_-IaEKgZSTaT8FKmJ4-QGJ119c7Oyd097xt9w73JRns7psuEsc5FLGeuG6yDqxYlpqQHaY\/s1377\/1000213243.png&quot;,&quot;style&quot;:&quot;&quot;}\"><img decoding=\"async\" loading=\"lazy\" src=\"https:\/\/blogger.googleusercontent.com\/img\/b\/R29vZ2xl\/AVvXsEi9Rpk0TW8rEGeQ2wduO0lqJt56kb4ISzCvv8I60RDLZ-OaaPlNul_0QtOig23Rc-UXRV_oW4gOdI7sZtDxx5Zo1CMATmdRerPXarP1PBBXhrmi68G-IelLFQ_-IaEKgZSTaT8FKmJ4-QGJ119c7Oyd097xt9w73JRns7psuEsc5FLGeuG6yDqxYlpqQHaY\/w502-h640\/1000213243.png\" width=\"502\" height=\"640\" border=\"0\" data-original-height=\"1377\" data-original-width=\"1080\" \/><\/a><\/div>\n<p>Os organizadores destacaram a import\u00e2ncia da participa\u00e7\u00e3o de todos e agradeceram tanto aos presentes quanto \u00e0queles que, por diferentes motivos, n\u00e3o puderam comparecer. \u201cEsse encontro \u00e9 mais do que uma festa, \u00e9 um espa\u00e7o de uni\u00e3o e de valoriza\u00e7\u00e3o da nossa cultura\u201d, afirmou Dida Santos.<\/p>\n<p>Com clima de descontra\u00e7\u00e3o e hospitalidade, o Encontro de Baianos em Itaquera refor\u00e7ou o papel da comunidade como ponte entre o Nordeste e o Sudeste, mostrando que a cultura baiana segue viva e pulsante em qualquer lugar do Brasil.<\/p>\n<div class=\"separator\" data-original-attrs=\"{&quot;style&quot;:&quot;&quot;}\"><a href=\"https:\/\/draft.blogger.com\/u\/6\/blog\/post\/edit\/3975077236265862522\/6147292500421150469?hl=pt-BR#\" data-original-attrs=\"{&quot;data-original-href&quot;:&quot;https:\/\/blogger.googleusercontent.com\/img\/b\/R29vZ2xl\/AVvXsEjQyCWtBB7fglQoBPQOxb1Ce3voMx51j13IA6_dPZkwMJpLxcMU7xNaF-Z_pEmgZu-NsAjPWqOvW_HoVx4EMBEHuZ3VN8J1RhsOFg4YICwfKxyFhWtAHkMMywKkLq_h-iSe8JtAdNI-ok2BZAx9OEykL3XIg4HuOaIl1eDrtCrhaNmrzB06IPRzi46HRX-a\/s1266\/1000213242.png&quot;,&quot;style&quot;:&quot;&quot;}\"><img decoding=\"async\" loading=\"lazy\" src=\"https:\/\/blogger.googleusercontent.com\/img\/b\/R29vZ2xl\/AVvXsEjQyCWtBB7fglQoBPQOxb1Ce3voMx51j13IA6_dPZkwMJpLxcMU7xNaF-Z_pEmgZu-NsAjPWqOvW_HoVx4EMBEHuZ3VN8J1RhsOFg4YICwfKxyFhWtAHkMMywKkLq_h-iSe8JtAdNI-ok2BZAx9OEykL3XIg4HuOaIl1eDrtCrhaNmrzB06IPRzi46HRX-a\/w546-h640\/1000213242.png\" width=\"546\" height=\"640\" border=\"0\" data-original-height=\"1266\" data-original-width=\"1080\" \/><\/a><\/div>\n<p>&nbsp;<\/p>\n","protected":false},"excerpt":{"rendered":"<p>Neste domingo, 26, o bairro de Itaquera, em S\u00e3o Paulo, foi palco de um grande momento de confraterniza\u00e7\u00e3o: o Encontro de Baianos, organizado por Dida Santos e Jobaldo. O evento reuniu conterr\u00e2neos e admiradores da cultura baiana em uma celebra\u00e7\u00e3o marcada por alegria, m\u00fasica e reencontros. &nbsp; A iniciativa teve como objetivo fortalecer os la\u00e7os &hellip;<\/p>\n","protected":false},"author":3,"featured_media":20049,"comment_status":"closed","ping_status":"closed","sticky":false,"template":"","format":"standard","meta":{"_links_to":"","_links_to_target":""},"categories":[34],"tags":[],"_links":{"self":[{"href":"https:\/\/www.didasantos.com.br\/v1\/wp-json\/wp\/v2\/posts\/20047"}],"collection":[{"href":"https:\/\/www.didasantos.com.br\/v1\/wp-json\/wp\/v2\/posts"}],"about":[{"href":"https:\/\/www.didasantos.com.br\/v1\/wp-json\/wp\/v2\/types\/post"}],"author":[{"embeddable":true,"href":"https:\/\/www.didasantos.com.br\/v1\/wp-json\/wp\/v2\/users\/3"}],"replies":[{"embeddable":true,"href":"https:\/\/www.didasantos.com.br\/v1\/wp-json\/wp\/v2\/comments?post=20047"}],"version-history":[{"count":3,"href":"https:\/\/www.didasantos.com.br\/v1\/wp-json\/wp\/v2\/posts\/20047\/revisions"}],"predecessor-version":[{"id":20051,"href":"https:\/\/www.didasantos.com.br\/v1\/wp-json\/wp\/v2\/posts\/20047\/revisions\/20051"}],"wp:featuredmedia":[{"embeddable":true,"href":"https:\/\/www.didasantos.com.br\/v1\/wp-json\/wp\/v2\/media\/20049"}],"wp:attachment":[{"href":"https:\/\/www.didasantos.com.br\/v1\/wp-json\/wp\/v2\/media?parent=20047"}],"wp:term":[{"taxonomy":"category","embeddable":true,"href":"https:\/\/www.didasantos.com.br\/v1\/wp-json\/wp\/v2\/categories?post=20047"},{"taxonomy":"post_tag","embeddable":true,"href":"https:\/\/www.didasantos.com.br\/v1\/wp-json\/wp\/v2\/tags?post=20047"}],"curies":[{"name":"wp","href":"https:\/\/api.w.org\/{rel}","templated":true}]}}