{"id":20052,"date":"2026-04-27T15:05:51","date_gmt":"2026-04-27T18:05:51","guid":{"rendered":"https:\/\/www.didasantos.com.br\/v1\/?p=20052"},"modified":"2026-04-27T16:49:14","modified_gmt":"2026-04-27T19:49:14","slug":"familia-procura-por-josiana-rocha-oliveira-desaparecida-ha-seis-dias-em-inhobim","status":"publish","type":"post","link":"https:\/\/www.didasantos.com.br\/v1\/2026\/04\/27\/familia-procura-por-josiana-rocha-oliveira-desaparecida-ha-seis-dias-em-inhobim\/","title":{"rendered":"Fam\u00edlia procura por Josiana Rocha Oliveira, desaparecida h\u00e1 seis dias em Inhobim"},"content":{"rendered":"<div class=\"entry-header blog-entry-header has-meta\">\n<h1 class=\"entry-title\"><\/h1>\n<\/div>\n<div class=\"entry-content-wrap\">\n<div id=\"post-body\" class=\"post-body entry-content\">\n<p>A fam\u00edlia de Josiana Rocha Oliveira, de 39 anos, moradora do distrito de Inhobim, em Vit\u00f3ria da Conquista, vive dias de ang\u00fastia. Segundo relatos, Josiana saiu de casa na \u00faltima ter\u00e7a-feira, pela manh\u00e3, acompanhada de um homem de aproximadamente 59 anos, em dire\u00e7\u00e3o \u00e0 regi\u00e3o de Encruzilhada, e desde ent\u00e3o n\u00e3o retornou.<\/p>\n<p>De acordo com familiares, Josiana enfrenta problemas de sa\u00fade mental e necessita de cuidados especiais. A aus\u00eancia prolongada tem gerado grande preocupa\u00e7\u00e3o entre parentes e amigos, que est\u00e3o mobilizados em busca de informa\u00e7\u00f5es sobre seu paradeiro.<\/p>\n<p>\u201cEstamos correndo atr\u00e1s, pedindo ajuda para localizar. Ela tem um problema de sa\u00fade muito s\u00e9rio e estamos muito preocupados\u201d, relatou seu irm\u00e3o.<\/p>\n<p>A fam\u00edlia refor\u00e7a o pedido de apoio da comunidade e solicita que qualquer informa\u00e7\u00e3o que possa ajudar na localiza\u00e7\u00e3o de Josiana seja repassada.<\/p>\n<p>\ud83d\udcde Informa\u00e7\u00f5es podem ser fornecidas pelo telefone: 77 98155-7643.<\/p>\n<\/div>\n<\/div>\n","protected":false},"excerpt":{"rendered":"<p>A fam\u00edlia de Josiana Rocha Oliveira, de 39 anos, moradora do distrito de Inhobim, em Vit\u00f3ria da Conquista, vive dias de ang\u00fastia. Segundo relatos, Josiana saiu de casa na \u00faltima ter\u00e7a-feira, pela manh\u00e3, acompanhada de um homem de aproximadamente 59 anos, em dire\u00e7\u00e3o \u00e0 regi\u00e3o de Encruzilhada, e desde ent\u00e3o n\u00e3o retornou. De acordo com &hellip;<\/p>\n","protected":false},"author":3,"featured_media":20055,"comment_status":"closed","ping_status":"closed","sticky":false,"template":"","format":"standard","meta":{"_links_to":"","_links_to_target":""},"categories":[35],"tags":[],"_links":{"self":[{"href":"https:\/\/www.didasantos.com.br\/v1\/wp-json\/wp\/v2\/posts\/20052"}],"collection":[{"href":"https:\/\/www.didasantos.com.br\/v1\/wp-json\/wp\/v2\/posts"}],"about":[{"href":"https:\/\/www.didasantos.com.br\/v1\/wp-json\/wp\/v2\/types\/post"}],"author":[{"embeddable":true,"href":"https:\/\/www.didasantos.com.br\/v1\/wp-json\/wp\/v2\/users\/3"}],"replies":[{"embeddable":true,"href":"https:\/\/www.didasantos.com.br\/v1\/wp-json\/wp\/v2\/comments?post=20052"}],"version-history":[{"count":2,"href":"https:\/\/www.didasantos.com.br\/v1\/wp-json\/wp\/v2\/posts\/20052\/revisions"}],"predecessor-version":[{"id":20056,"href":"https:\/\/www.didasantos.com.br\/v1\/wp-json\/wp\/v2\/posts\/20052\/revisions\/20056"}],"wp:featuredmedia":[{"embeddable":true,"href":"https:\/\/www.didasantos.com.br\/v1\/wp-json\/wp\/v2\/media\/20055"}],"wp:attachment":[{"href":"https:\/\/www.didasantos.com.br\/v1\/wp-json\/wp\/v2\/media?parent=20052"}],"wp:term":[{"taxonomy":"category","embeddable":true,"href":"https:\/\/www.didasantos.com.br\/v1\/wp-json\/wp\/v2\/categories?post=20052"},{"taxonomy":"post_tag","embeddable":true,"href":"https:\/\/www.didasantos.com.br\/v1\/wp-json\/wp\/v2\/tags?post=20052"}],"curies":[{"name":"wp","href":"https:\/\/api.w.org\/{rel}","templated":true}]}}