{"id":20087,"date":"2026-04-29T23:29:41","date_gmt":"2026-04-30T02:29:41","guid":{"rendered":"https:\/\/www.didasantos.com.br\/v1\/?p=20087"},"modified":"2026-04-29T23:29:50","modified_gmt":"2026-04-30T02:29:50","slug":"rejeicao-historica-no-senado-jorge-messias-fala-apos-derrota","status":"publish","type":"post","link":"https:\/\/www.didasantos.com.br\/v1\/2026\/04\/29\/rejeicao-historica-no-senado-jorge-messias-fala-apos-derrota\/","title":{"rendered":"Rejei\u00e7\u00e3o hist\u00f3rica no Senado: Jorge Messias fala ap\u00f3s derrota"},"content":{"rendered":"<div class=\"entry-header blog-entry-header has-meta\">\n<h1 class=\"entry-title\"><span style=\"font-size: 16px; font-weight: 400;\">Foto: Geraldo Magela\/Ag\u00eancia Senado<\/span><\/h1>\n<\/div>\n<div class=\"entry-content-wrap\">\n<div id=\"post-body\" class=\"post-body entry-content\">\n<p>Por D\u00e1rcio Alves<\/p>\n<p>Bras\u00edlia \u2013 O Senado Federal protagonizou nesta quarta-feira (29) um epis\u00f3dio in\u00e9dito na hist\u00f3ria republicana: pela primeira vez desde 1894, uma indica\u00e7\u00e3o presidencial ao Supremo Tribunal Federal (STF) foi rejeitada. O advogado-geral da Uni\u00e3o, Jorge Messias, escolhido pelo presidente Luiz In\u00e1cio Lula da Silva para ocupar a vaga deixada por Lu\u00eds Roberto Barroso, n\u00e3o obteve votos suficientes no plen\u00e1rio.<\/p>\n<p>Ap\u00f3s a decis\u00e3o, Messias se pronunciou pela primeira vez. Em tom sereno, afirmou:<\/p>\n<p>&#8220;Sou grato aos votos que recebi. Acho que cada um de n\u00f3s cumpre um prop\u00f3sito e eu cumpri o meu. Vim hoje, participei, me submeti a uma sabatina de cora\u00e7\u00e3o aberto, de alma leve. Falei a verdade, o que penso, o que sinto. Agora, a vida \u00e9 assim, tem dias de vit\u00f3rias e dias de derrotas. N\u00f3s temos que aceitar. O Plen\u00e1rio do Senado \u00e9 soberano.&#8221;<\/p>\n<p>O advogado-geral destacou que o epis\u00f3dio faz parte do processo democr\u00e1tico: \u201cSaber ganhar e saber perder \u00e9 essencial. N\u00e3o \u00e9 simples para algu\u00e9m de minha trajet\u00f3ria passar por uma rejei\u00e7\u00e3o, mas isso tamb\u00e9m tem significado.\u201d<\/p>\n<p>Messias agradeceu ao presidente Lula pela confian\u00e7a e disse n\u00e3o encarar a derrota como um fim: \u201cA hist\u00f3ria n\u00e3o acaba aqui. Isso \u00e9 apenas uma etapa da minha vida.\u201d<\/p>\n<p>Bastidores da vota\u00e7\u00e3o<\/p>\n<p>A rejei\u00e7\u00e3o foi resultado de intensa articula\u00e7\u00e3o pol\u00edtica. O presidente do Senado, Davi Alcolumbre, trabalhou nos bastidores para consolidar a derrota da indica\u00e7\u00e3o. Segundo apura\u00e7\u00e3o de jornalistas, Alcolumbre chegou a confidenciar a aliados que o dia seria \u201chist\u00f3rico\u201d.<\/p>\n<p>Significado pol\u00edtico<\/p>\n<p>O epis\u00f3dio abre um precedente raro e coloca em evid\u00eancia a rela\u00e7\u00e3o entre Executivo e Legislativo. A recusa da indica\u00e7\u00e3o de Messias pode ser interpretada como um recado pol\u00edtico ao governo Lula e como demonstra\u00e7\u00e3o da for\u00e7a do Senado em momentos decisivos.<\/p>\n<\/div>\n<\/div>\n","protected":false},"excerpt":{"rendered":"<p>Foto: Geraldo Magela\/Ag\u00eancia Senado Por D\u00e1rcio Alves Bras\u00edlia \u2013 O Senado Federal protagonizou nesta quarta-feira (29) um epis\u00f3dio in\u00e9dito na hist\u00f3ria republicana: pela primeira vez desde 1894, uma indica\u00e7\u00e3o presidencial ao Supremo Tribunal Federal (STF) foi rejeitada. O advogado-geral da Uni\u00e3o, Jorge Messias, escolhido pelo presidente Luiz In\u00e1cio Lula da Silva para ocupar a vaga &hellip;<\/p>\n","protected":false},"author":3,"featured_media":20089,"comment_status":"closed","ping_status":"closed","sticky":false,"template":"","format":"standard","meta":{"_links_to":"","_links_to_target":""},"categories":[25],"tags":[],"_links":{"self":[{"href":"https:\/\/www.didasantos.com.br\/v1\/wp-json\/wp\/v2\/posts\/20087"}],"collection":[{"href":"https:\/\/www.didasantos.com.br\/v1\/wp-json\/wp\/v2\/posts"}],"about":[{"href":"https:\/\/www.didasantos.com.br\/v1\/wp-json\/wp\/v2\/types\/post"}],"author":[{"embeddable":true,"href":"https:\/\/www.didasantos.com.br\/v1\/wp-json\/wp\/v2\/users\/3"}],"replies":[{"embeddable":true,"href":"https:\/\/www.didasantos.com.br\/v1\/wp-json\/wp\/v2\/comments?post=20087"}],"version-history":[{"count":1,"href":"https:\/\/www.didasantos.com.br\/v1\/wp-json\/wp\/v2\/posts\/20087\/revisions"}],"predecessor-version":[{"id":20088,"href":"https:\/\/www.didasantos.com.br\/v1\/wp-json\/wp\/v2\/posts\/20087\/revisions\/20088"}],"wp:featuredmedia":[{"embeddable":true,"href":"https:\/\/www.didasantos.com.br\/v1\/wp-json\/wp\/v2\/media\/20089"}],"wp:attachment":[{"href":"https:\/\/www.didasantos.com.br\/v1\/wp-json\/wp\/v2\/media?parent=20087"}],"wp:term":[{"taxonomy":"category","embeddable":true,"href":"https:\/\/www.didasantos.com.br\/v1\/wp-json\/wp\/v2\/categories?post=20087"},{"taxonomy":"post_tag","embeddable":true,"href":"https:\/\/www.didasantos.com.br\/v1\/wp-json\/wp\/v2\/tags?post=20087"}],"curies":[{"name":"wp","href":"https:\/\/api.w.org\/{rel}","templated":true}]}}