{"id":20121,"date":"2026-05-03T09:21:18","date_gmt":"2026-05-03T12:21:18","guid":{"rendered":"https:\/\/www.didasantos.com.br\/v1\/?p=20121"},"modified":"2026-05-03T09:21:18","modified_gmt":"2026-05-03T12:21:18","slug":"feira-fc-vence-o-vitoria-da-conquista-na-estreia-da-serie-b-do-baiano","status":"publish","type":"post","link":"https:\/\/www.didasantos.com.br\/v1\/2026\/05\/03\/feira-fc-vence-o-vitoria-da-conquista-na-estreia-da-serie-b-do-baiano\/","title":{"rendered":"Feira FC vence o Vit\u00f3ria da Conquista na estreia da S\u00e9rie B do Baiano"},"content":{"rendered":"<div class=\"entry-header blog-entry-header has-meta\">\n<h1 class=\"entry-title\"><span style=\"font-size: 16px; font-weight: 400;\">Foto: Reprodu\u00e7\u00e3o<\/span><\/h1>\n<\/div>\n<div class=\"entry-content-wrap\">\n<div id=\"post-body\" class=\"post-body entry-content\">\n<p><b>Os gols foram marcados por Thiago Galhardo (2x) e William.\u00a0<\/b><\/p>\n<p>O Campeonato Baiano da S\u00e9rie B come\u00e7ou neste s\u00e1bado (02), com dois jogos, com destaque para o novato Feira Futebol Clube, que estreou com o p\u00e9 direito, vencendo o Vit\u00f3ria da Conquista, por 3 a 0, na Arena Cajueiro, em Feira de Santana. Os gols foram marcados por Thiago Galhardo (2x) e William.<\/p>\n<p>Pela tarde, o Jacobina venceu o Grapi\u00fana por 2 a 1 no Est\u00e1dio Joia da Princesa, em Feira de Santana. A rodada segue neste domingo com mais tr\u00eas jogos. Le\u00f4nico x SSA FC, na Arena Cajueiro, Fluminense de Feira recebendo o Reden\u00e7\u00e3o, no Joia da Princesa, e Barreiras contra o Cama\u00e7ari, no Est\u00e1dio Geraldo Pereira.<\/p>\n<p><b>Jogos da 1\u00aa rodada da S\u00e9rie B do Baiano<\/b><\/p>\n<p>S\u00e1bado, 02\/05<\/p>\n<p>15h \u2013 Jacobina 2 x 1 Grapi\u00fana \u2013 Alberto Oliveira<\/p>\n<p>19h \u2013 Feira FC 3 x 0 Vit\u00f3ria da Conquista \u2013 Arena Cajueiro<\/p>\n<p><b>Domingo, 03\/05<\/b><\/p>\n<p>15h \u2013 Le\u00f4nico x SSA \u2013 Arena Cajueiro<\/p>\n<p>15h \u2013 Fluminense de Feira x Reden\u00e7\u00e3o \u2013 Alberto Oliveira<\/p>\n<p>16h \u2013 Barreiras x Cama\u00e7ari \u2013 Geraldo Pereira<\/p>\n<p><b>Fonte: Futebol Baiano\u00a0<\/b><\/p>\n<\/div>\n<\/div>\n","protected":false},"excerpt":{"rendered":"<p>Foto: Reprodu\u00e7\u00e3o Os gols foram marcados por Thiago Galhardo (2x) e William.\u00a0 O Campeonato Baiano da S\u00e9rie B come\u00e7ou neste s\u00e1bado (02), com dois jogos, com destaque para o novato Feira Futebol Clube, que estreou com o p\u00e9 direito, vencendo o Vit\u00f3ria da Conquista, por 3 a 0, na Arena Cajueiro, em Feira de Santana. &hellip;<\/p>\n","protected":false},"author":3,"featured_media":20123,"comment_status":"closed","ping_status":"closed","sticky":false,"template":"","format":"standard","meta":{"_links_to":"","_links_to_target":""},"categories":[24],"tags":[],"_links":{"self":[{"href":"https:\/\/www.didasantos.com.br\/v1\/wp-json\/wp\/v2\/posts\/20121"}],"collection":[{"href":"https:\/\/www.didasantos.com.br\/v1\/wp-json\/wp\/v2\/posts"}],"about":[{"href":"https:\/\/www.didasantos.com.br\/v1\/wp-json\/wp\/v2\/types\/post"}],"author":[{"embeddable":true,"href":"https:\/\/www.didasantos.com.br\/v1\/wp-json\/wp\/v2\/users\/3"}],"replies":[{"embeddable":true,"href":"https:\/\/www.didasantos.com.br\/v1\/wp-json\/wp\/v2\/comments?post=20121"}],"version-history":[{"count":1,"href":"https:\/\/www.didasantos.com.br\/v1\/wp-json\/wp\/v2\/posts\/20121\/revisions"}],"predecessor-version":[{"id":20122,"href":"https:\/\/www.didasantos.com.br\/v1\/wp-json\/wp\/v2\/posts\/20121\/revisions\/20122"}],"wp:featuredmedia":[{"embeddable":true,"href":"https:\/\/www.didasantos.com.br\/v1\/wp-json\/wp\/v2\/media\/20123"}],"wp:attachment":[{"href":"https:\/\/www.didasantos.com.br\/v1\/wp-json\/wp\/v2\/media?parent=20121"}],"wp:term":[{"taxonomy":"category","embeddable":true,"href":"https:\/\/www.didasantos.com.br\/v1\/wp-json\/wp\/v2\/categories?post=20121"},{"taxonomy":"post_tag","embeddable":true,"href":"https:\/\/www.didasantos.com.br\/v1\/wp-json\/wp\/v2\/tags?post=20121"}],"curies":[{"name":"wp","href":"https:\/\/api.w.org\/{rel}","templated":true}]}}