{"id":20128,"date":"2026-05-03T09:37:04","date_gmt":"2026-05-03T12:37:04","guid":{"rendered":"https:\/\/www.didasantos.com.br\/v1\/?p=20128"},"modified":"2026-05-03T09:37:04","modified_gmt":"2026-05-03T12:37:04","slug":"acidente-na-ba-263-deixa-pai-e-filha-entre-as-vitimas-fatais","status":"publish","type":"post","link":"https:\/\/www.didasantos.com.br\/v1\/2026\/05\/03\/acidente-na-ba-263-deixa-pai-e-filha-entre-as-vitimas-fatais\/","title":{"rendered":"Acidente na BA-263 deixa pai e filha entre as v\u00edtimas fatais"},"content":{"rendered":"<div class=\"entry-header blog-entry-header has-meta\">\n<h1 class=\"entry-title\" style=\"text-align: center;\"><\/h1>\n<\/div>\n<div class=\"entry-content-wrap\">\n<div id=\"post-body\" class=\"post-body entry-content\">\n<p>A manh\u00e3 deste s\u00e1bado foi marcada por uma trag\u00e9dia na rodovia BA-263, no trecho que liga Itamb\u00e9 a Itapetinga. Um grave acidente envolvendo um carro de passeio e um caminh\u00e3o resultou na morte de duas pessoas da mesma fam\u00edlia, gerando como\u00e7\u00e3o nas cidades da regi\u00e3o.<\/p>\n<p>No ve\u00edculo estavam quatro ocupantes. Entre eles, a pequena Ana Laura, que n\u00e3o resistiu ao impacto da colis\u00e3o e teve o \u00f3bito confirmado ainda no local. Seu pai, Alessandro, chegou a ser socorrido pelas equipes de emerg\u00eancia, mas n\u00e3o resistiu aos ferimentos e faleceu pouco depois.<\/p>\n<p>Al\u00e9m das v\u00edtimas fatais, uma mulher e um menino tamb\u00e9m estavam no autom\u00f3vel. Ambos receberam atendimento imediato do Samu 192 e foram encaminhados para uma unidade hospitalar da regi\u00e3o. At\u00e9 o momento, n\u00e3o h\u00e1 informa\u00e7\u00f5es oficiais sobre o estado de sa\u00fade dos sobreviventes.<\/p>\n<p>O acidente mobilizou equipes de resgate e deixou moradores em estado de choque. A perda repentina de Alessandro e Ana Laura trouxe um clima de luto e consterna\u00e7\u00e3o para familiares, amigos e toda a comunidade local, que aguarda por mais detalhes sobre as circunst\u00e2ncias da colis\u00e3o e sobre a recupera\u00e7\u00e3o dos demais envolvidos.<\/p>\n<\/div>\n<\/div>\n","protected":false},"excerpt":{"rendered":"<p>A manh\u00e3 deste s\u00e1bado foi marcada por uma trag\u00e9dia na rodovia BA-263, no trecho que liga Itamb\u00e9 a Itapetinga. Um grave acidente envolvendo um carro de passeio e um caminh\u00e3o resultou na morte de duas pessoas da mesma fam\u00edlia, gerando como\u00e7\u00e3o nas cidades da regi\u00e3o. No ve\u00edculo estavam quatro ocupantes. Entre eles, a pequena Ana &hellip;<\/p>\n","protected":false},"author":3,"featured_media":20132,"comment_status":"closed","ping_status":"closed","sticky":false,"template":"","format":"standard","meta":{"_links_to":"","_links_to_target":""},"categories":[32],"tags":[],"_links":{"self":[{"href":"https:\/\/www.didasantos.com.br\/v1\/wp-json\/wp\/v2\/posts\/20128"}],"collection":[{"href":"https:\/\/www.didasantos.com.br\/v1\/wp-json\/wp\/v2\/posts"}],"about":[{"href":"https:\/\/www.didasantos.com.br\/v1\/wp-json\/wp\/v2\/types\/post"}],"author":[{"embeddable":true,"href":"https:\/\/www.didasantos.com.br\/v1\/wp-json\/wp\/v2\/users\/3"}],"replies":[{"embeddable":true,"href":"https:\/\/www.didasantos.com.br\/v1\/wp-json\/wp\/v2\/comments?post=20128"}],"version-history":[{"count":2,"href":"https:\/\/www.didasantos.com.br\/v1\/wp-json\/wp\/v2\/posts\/20128\/revisions"}],"predecessor-version":[{"id":20130,"href":"https:\/\/www.didasantos.com.br\/v1\/wp-json\/wp\/v2\/posts\/20128\/revisions\/20130"}],"wp:featuredmedia":[{"embeddable":true,"href":"https:\/\/www.didasantos.com.br\/v1\/wp-json\/wp\/v2\/media\/20132"}],"wp:attachment":[{"href":"https:\/\/www.didasantos.com.br\/v1\/wp-json\/wp\/v2\/media?parent=20128"}],"wp:term":[{"taxonomy":"category","embeddable":true,"href":"https:\/\/www.didasantos.com.br\/v1\/wp-json\/wp\/v2\/categories?post=20128"},{"taxonomy":"post_tag","embeddable":true,"href":"https:\/\/www.didasantos.com.br\/v1\/wp-json\/wp\/v2\/tags?post=20128"}],"curies":[{"name":"wp","href":"https:\/\/api.w.org\/{rel}","templated":true}]}}