{"id":20133,"date":"2026-05-03T10:13:41","date_gmt":"2026-05-03T13:13:41","guid":{"rendered":"https:\/\/www.didasantos.com.br\/v1\/?p=20133"},"modified":"2026-05-03T10:13:41","modified_gmt":"2026-05-03T13:13:41","slug":"jequie-ba-homem-suspeito-de-estupro-coletivo-de-criancas-em-sp-e-preso-na-bahia","status":"publish","type":"post","link":"https:\/\/www.didasantos.com.br\/v1\/2026\/05\/03\/jequie-ba-homem-suspeito-de-estupro-coletivo-de-criancas-em-sp-e-preso-na-bahia\/","title":{"rendered":"Jequi\u00e9 (BA) : Homem suspeito de estupro coletivo de crian\u00e7as em SP \u00e9 preso na Bahia"},"content":{"rendered":"<div class=\"entry-header blog-entry-header has-meta\">\n<h1 class=\"entry-title\"><span style=\"font-size: 16px; font-weight: 400;\">Foto: Reprodu\u00e7\u00e3o\u00a0<\/span><\/h1>\n<\/div>\n<div class=\"entry-content-wrap\">\n<div id=\"post-body\" class=\"post-body entry-content\">\n<p>Um homem de 21 anos, procurado pela Justi\u00e7a de S\u00e3o Paulo por envolvimento no estupro coletivo de duas crian\u00e7as, foi preso neste s\u00e1bado (2) em Jequi\u00e9, interior da Bahia. A captura foi realizada pela Pol\u00edcia Civil baiana em conjunto com a Guarda Civil Municipal de Brej\u00f5es.<\/p>\n<p>O crime ocorreu em 21 de abril, no bairro Uni\u00e3o de Vila Nova, regi\u00e3o do Jardim Pantanal, Zona Leste da capital paulista. As v\u00edtimas, dois meninos de 7 e 10 anos, foram abusadas por quatro adolescentes e um adulto. O caso ganhou repercuss\u00e3o nacional ap\u00f3s os agressores filmarem e compartilharem os atos nas redes sociais.<\/p>\n<p><b>Pris\u00e3o e investiga\u00e7\u00e3o<\/b><\/p>\n<p>O suspeito foi localizado ap\u00f3s troca de informa\u00e7\u00f5es entre as pol\u00edcias de S\u00e3o Paulo e da Bahia. Ele est\u00e1 preso temporariamente em Jequi\u00e9 e deve ser transferido para a capital paulista nos pr\u00f3ximos dias.<\/p>\n<p>At\u00e9 o momento, tr\u00eas adolescentes foram apreendidos \u2014 dois em S\u00e3o Paulo e um em Jundia\u00ed. Um quarto jovem segue foragido. O inqu\u00e9rito \u00e9 conduzido pelo 63\u00ba Distrito Policial da Vila Jacu\u00ed.<\/p>\n<p>As crian\u00e7as receberam atendimento m\u00e9dico e acompanhamento psicol\u00f3gico. O menino de 10 anos foi levado, junto com a m\u00e3e e a av\u00f3, para um abrigo da prefeitura. J\u00e1 o de 7 anos est\u00e1 sob os cuidados do pai em outro munic\u00edpio. O Conselho Tutelar acompanha ambos os casos.<\/p>\n<p>A demora da fam\u00edlia em registrar a den\u00fancia, motivada pelo medo de repres\u00e1lias, gerou indigna\u00e7\u00e3o entre moradores da regi\u00e3o, que organizaram protestos exigindo justi\u00e7a. O epis\u00f3dio reacendeu o debate sobre a vulnerabilidade de crian\u00e7as em \u00e1reas perif\u00e9ricas e a necessidade de pol\u00edticas p\u00fablicas mais eficazes de prote\u00e7\u00e3o.<\/p>\n<\/div>\n<\/div>\n","protected":false},"excerpt":{"rendered":"<p>Foto: Reprodu\u00e7\u00e3o\u00a0 Um homem de 21 anos, procurado pela Justi\u00e7a de S\u00e3o Paulo por envolvimento no estupro coletivo de duas crian\u00e7as, foi preso neste s\u00e1bado (2) em Jequi\u00e9, interior da Bahia. A captura foi realizada pela Pol\u00edcia Civil baiana em conjunto com a Guarda Civil Municipal de Brej\u00f5es. O crime ocorreu em 21 de abril, &hellip;<\/p>\n","protected":false},"author":3,"featured_media":20135,"comment_status":"closed","ping_status":"closed","sticky":false,"template":"","format":"standard","meta":{"_links_to":"","_links_to_target":""},"categories":[21],"tags":[],"_links":{"self":[{"href":"https:\/\/www.didasantos.com.br\/v1\/wp-json\/wp\/v2\/posts\/20133"}],"collection":[{"href":"https:\/\/www.didasantos.com.br\/v1\/wp-json\/wp\/v2\/posts"}],"about":[{"href":"https:\/\/www.didasantos.com.br\/v1\/wp-json\/wp\/v2\/types\/post"}],"author":[{"embeddable":true,"href":"https:\/\/www.didasantos.com.br\/v1\/wp-json\/wp\/v2\/users\/3"}],"replies":[{"embeddable":true,"href":"https:\/\/www.didasantos.com.br\/v1\/wp-json\/wp\/v2\/comments?post=20133"}],"version-history":[{"count":1,"href":"https:\/\/www.didasantos.com.br\/v1\/wp-json\/wp\/v2\/posts\/20133\/revisions"}],"predecessor-version":[{"id":20134,"href":"https:\/\/www.didasantos.com.br\/v1\/wp-json\/wp\/v2\/posts\/20133\/revisions\/20134"}],"wp:featuredmedia":[{"embeddable":true,"href":"https:\/\/www.didasantos.com.br\/v1\/wp-json\/wp\/v2\/media\/20135"}],"wp:attachment":[{"href":"https:\/\/www.didasantos.com.br\/v1\/wp-json\/wp\/v2\/media?parent=20133"}],"wp:term":[{"taxonomy":"category","embeddable":true,"href":"https:\/\/www.didasantos.com.br\/v1\/wp-json\/wp\/v2\/categories?post=20133"},{"taxonomy":"post_tag","embeddable":true,"href":"https:\/\/www.didasantos.com.br\/v1\/wp-json\/wp\/v2\/tags?post=20133"}],"curies":[{"name":"wp","href":"https:\/\/api.w.org\/{rel}","templated":true}]}}