{"id":21465,"date":"2026-09-02T07:09:18","date_gmt":"2026-09-02T10:09:18","guid":{"rendered":"https:\/\/www.didasantos.com.br\/v1\/?p=21465"},"modified":"2026-09-02T07:09:18","modified_gmt":"2026-09-02T10:09:18","slug":"materia-urgente-desaparecimento-em-vitoria-da-conquista","status":"publish","type":"post","link":"https:\/\/www.didasantos.com.br\/v1\/2026\/09\/02\/materia-urgente-desaparecimento-em-vitoria-da-conquista\/","title":{"rendered":"Mat\u00e9ria Urgente \u2013 Desaparecimento em Vit\u00f3ria da Conquista"},"content":{"rendered":"<header class=\"entry-header pos-rel\">\n<div class=\"read-details\">\n<div class=\"entry-header-details af-cat-widget-carousel\">\n<h1 class=\"entry-title\"><span style=\"font-size: 16px; font-weight: 400;\">\u00a0<\/span><\/h1>\n<div class=\"aft-post-excerpt-and-meta color-pad\">\n<div class=\"entry-meta author-links\">\n<div class=\"aft-comment-view-share\">A fam\u00edlia e amigos de Ana Carolina Brito Santos est\u00e3o em estado de afli\u00e7\u00e3o ap\u00f3s o desaparecimento da jovem. Segundo informa\u00e7\u00f5es, ela foi vista pela \u00faltima vez na manh\u00e3 de quarta-feira, \u00e0s 11h, saindo da Rua S\u00e3o Lucas, no Bairro Patag\u00f4nia, em Vit\u00f3ria da Conquista. Antes de sair, Ana Carolina teria informado que \u201cia ali e voltava logo\u201d, mas desde ent\u00e3o n\u00e3o deu mais not\u00edcias.O caso mobiliza moradores da regi\u00e3o, que est\u00e3o compartilhando informa\u00e7\u00f5es nas redes sociais e em grupos de mensagens na tentativa de localizar a jovem. A Pol\u00edcia Militar j\u00e1 foi acionada e refor\u00e7a a import\u00e2ncia da colabora\u00e7\u00e3o da comunidade.\ud83d\udcde\u00a0Canais de contato para informa\u00e7\u00f5es:WhatsApp da fam\u00edlia: 77 98159-1624Pol\u00edcia Militar: 190Disque Den\u00fancia: 181<\/div>\n<\/div>\n<\/div>\n<\/div>\n<\/div>\n<\/header>\n<div class=\"color-pad\">\n<div class=\"entry-content read-details\">\n<figure class=\"wp-block-image size-full\"><img decoding=\"async\" loading=\"lazy\" class=\"wp-image-4388\" src=\"https:\/\/blogdodarcioalves.com.br\/wp-content\/uploads\/2026\/09\/48534.png\" sizes=\"(max-width: 1080px) 100vw, 1080px\" srcset=\"https:\/\/blogdodarcioalves.com.br\/wp-content\/uploads\/2026\/09\/48534.png 1080w, https:\/\/blogdodarcioalves.com.br\/wp-content\/uploads\/2026\/09\/48534-227x300.png 227w\" alt=\"\" width=\"1080\" height=\"1427\" \/><\/figure>\n<p class=\"wp-block-paragraph\">A orienta\u00e7\u00e3o \u00e9 que qualquer pessoa que tenha visto Ana Carolina ou saiba de seu paradeiro entre em contato imediatamente com os n\u00fameros acima.<\/p>\n<\/div>\n<\/div>\n","protected":false},"excerpt":{"rendered":"<p>\u00a0 A fam\u00edlia e amigos de Ana Carolina Brito Santos est\u00e3o em estado de afli\u00e7\u00e3o ap\u00f3s o desaparecimento da jovem. Segundo informa\u00e7\u00f5es, ela foi vista pela \u00faltima vez na manh\u00e3 de quarta-feira, \u00e0s 11h, saindo da Rua S\u00e3o Lucas, no Bairro Patag\u00f4nia, em Vit\u00f3ria da Conquista. Antes de sair, Ana Carolina teria informado que \u201cia &hellip;<\/p>\n","protected":false},"author":3,"featured_media":21466,"comment_status":"closed","ping_status":"closed","sticky":false,"template":"","format":"standard","meta":{"_links_to":"","_links_to_target":""},"categories":[22],"tags":[],"_links":{"self":[{"href":"https:\/\/www.didasantos.com.br\/v1\/wp-json\/wp\/v2\/posts\/21465"}],"collection":[{"href":"https:\/\/www.didasantos.com.br\/v1\/wp-json\/wp\/v2\/posts"}],"about":[{"href":"https:\/\/www.didasantos.com.br\/v1\/wp-json\/wp\/v2\/types\/post"}],"author":[{"embeddable":true,"href":"https:\/\/www.didasantos.com.br\/v1\/wp-json\/wp\/v2\/users\/3"}],"replies":[{"embeddable":true,"href":"https:\/\/www.didasantos.com.br\/v1\/wp-json\/wp\/v2\/comments?post=21465"}],"version-history":[{"count":1,"href":"https:\/\/www.didasantos.com.br\/v1\/wp-json\/wp\/v2\/posts\/21465\/revisions"}],"predecessor-version":[{"id":21467,"href":"https:\/\/www.didasantos.com.br\/v1\/wp-json\/wp\/v2\/posts\/21465\/revisions\/21467"}],"wp:featuredmedia":[{"embeddable":true,"href":"https:\/\/www.didasantos.com.br\/v1\/wp-json\/wp\/v2\/media\/21466"}],"wp:attachment":[{"href":"https:\/\/www.didasantos.com.br\/v1\/wp-json\/wp\/v2\/media?parent=21465"}],"wp:term":[{"taxonomy":"category","embeddable":true,"href":"https:\/\/www.didasantos.com.br\/v1\/wp-json\/wp\/v2\/categories?post=21465"},{"taxonomy":"post_tag","embeddable":true,"href":"https:\/\/www.didasantos.com.br\/v1\/wp-json\/wp\/v2\/tags?post=21465"}],"curies":[{"name":"wp","href":"https:\/\/api.w.org\/{rel}","templated":true}]}}