{"id":21475,"date":"2026-09-02T21:50:10","date_gmt":"2026-09-03T00:50:10","guid":{"rendered":"https:\/\/www.didasantos.com.br\/v1\/?p=21475"},"modified":"2026-09-02T21:50:10","modified_gmt":"2026-09-03T00:50:10","slug":"defesa-civil-municipal-retoma-operacao-pipa-e-amplia-abastecimento-de-agua-na-zona-rural-de-vitoria-da-conquista","status":"publish","type":"post","link":"https:\/\/www.didasantos.com.br\/v1\/2026\/09\/02\/defesa-civil-municipal-retoma-operacao-pipa-e-amplia-abastecimento-de-agua-na-zona-rural-de-vitoria-da-conquista\/","title":{"rendered":"Defesa Civil Municipal retoma Opera\u00e7\u00e3o Pipa e amplia abastecimento de \u00e1gua na zona rural de Vit\u00f3ria da Conquista"},"content":{"rendered":"<div class=\"container banner\">\n<div class=\"container conteudo printa\">\n<div id=\"posts-conteiner\">\n<div class=\"post\">\n<div class=\"post-content\">\n<p>A Prefeitura de Vit\u00f3ria da Conquista, por meio da Coordenadoria Municipal de Prote\u00e7\u00e3o e Defesa Civil (Compdec), retomou nesta quarta-feira (2) a Opera\u00e7\u00e3o Carro-Pipa do Ex\u00e9rcito para refor\u00e7ar o abastecimento de \u00e1gua pot\u00e1vel nas comunidades da zona rural durante o per\u00edodo de estiagem. Os caminh\u00f5es iniciaram as entregas nas primeiras horas da manh\u00e3 e foram distribu\u00eddos pelos distritos de Jos\u00e9 Gon\u00e7alves, Bate-P\u00e9, Inhobim, Veredinha, Cercadinho, Pradoso, S\u00e3o Sebasti\u00e3o, Dantel\u00e2ndia e S\u00e3o Jo\u00e3o da Vit\u00f3ria.<\/p>\n<p><a class=\"cboxElement\" href=\"https:\/\/www.pmvc.ba.gov.br\/wp-content\/uploads\/WhatsApp-Image-2026-09-02-at-14.38.58.jpeg\"><img decoding=\"async\" loading=\"lazy\" class=\"aligncenter wp-image-488396 colorbox-488394\" src=\"https:\/\/www.pmvc.ba.gov.br\/wp-content\/uploads\/WhatsApp-Image-2026-09-02-at-14.38.58-907x680.jpeg\" sizes=\"(max-width: 883px) 100vw, 883px\" srcset=\"https:\/\/www.pmvc.ba.gov.br\/wp-content\/uploads\/WhatsApp-Image-2026-09-02-at-14.38.58-907x680.jpeg 907w, https:\/\/www.pmvc.ba.gov.br\/wp-content\/uploads\/WhatsApp-Image-2026-09-02-at-14.38.58-420x315.jpeg 420w, https:\/\/www.pmvc.ba.gov.br\/wp-content\/uploads\/WhatsApp-Image-2026-09-02-at-14.38.58-768x576.jpeg 768w, https:\/\/www.pmvc.ba.gov.br\/wp-content\/uploads\/WhatsApp-Image-2026-09-02-at-14.38.58.jpeg 1600w\" alt=\"\" width=\"883\" height=\"662\" \/><\/a><\/p>\n<p>Nesta nova etapa, que segue at\u00e9 o final de dezembro, a previs\u00e3o \u00e9 atender cerca de 200 povoados. A retomada da opera\u00e7\u00e3o amplia o suporte oferecido pelo munic\u00edpio \u00e0s comunidades rurais diante da redu\u00e7\u00e3o das chuvas e da expectativa de intensifica\u00e7\u00e3o da estiagem nos pr\u00f3ximos meses.<\/p>\n<p>De acordo com a coordenadora da Defesa Civil, Rosa Freitas, a opera\u00e7\u00e3o foi iniciada nesta quarta-feira com 12 carros-pipas, com previs\u00e3o de amplia\u00e7\u00e3o para at\u00e9 14 ve\u00edculos ao longo dos pr\u00f3ximos meses. Um novo caminh\u00e3o est\u00e1 em processo de documenta\u00e7\u00e3o, e a Defesa Civil busca outros para credenciamento, o que permitir\u00e1 aumentar gradativamente a capacidade de atendimento. \u201cA Opera\u00e7\u00e3o Carro-Pipa retornou hoje, e os ve\u00edculos j\u00e1 foram distribu\u00eddos para atender os diferentes distritos do munic\u00edpio. Nesta etapa, que segue at\u00e9 o final de dezembro, ser\u00e3o abastecidos cerca de 200 povoados\u201d, explicou Rosa.<\/p>\n<div id=\"attachment_388013\" class=\"wp-caption aligncenter\">\n<p><a class=\"cboxElement\" href=\"https:\/\/www.pmvc.ba.gov.br\/wp-content\/uploads\/2025-03-26DSC_5522.jpg\"><img decoding=\"async\" loading=\"lazy\" class=\"size-full wp-image-388013 colorbox-488394\" src=\"https:\/\/www.pmvc.ba.gov.br\/wp-content\/uploads\/2025-03-26DSC_5522.jpg\" sizes=\"(max-width: 1200px) 100vw, 1200px\" srcset=\"https:\/\/www.pmvc.ba.gov.br\/wp-content\/uploads\/2025-03-26DSC_5522.jpg 1200w, https:\/\/www.pmvc.ba.gov.br\/wp-content\/uploads\/2025-03-26DSC_5522-200x133.jpg 200w, https:\/\/www.pmvc.ba.gov.br\/wp-content\/uploads\/2025-03-26DSC_5522-474x315.jpg 474w, https:\/\/www.pmvc.ba.gov.br\/wp-content\/uploads\/2025-03-26DSC_5522-768x511.jpg 768w, https:\/\/www.pmvc.ba.gov.br\/wp-content\/uploads\/2025-03-26DSC_5522-1024x680.jpg 1024w, https:\/\/www.pmvc.ba.gov.br\/wp-content\/uploads\/2025-03-26DSC_5522-680x452.jpg 680w\" alt=\"\" width=\"1200\" height=\"798\" aria-describedby=\"caption-attachment-388013\" \/><\/a><\/p>\n<p id=\"caption-attachment-388013\" class=\"wp-caption-text\">Rosa Freitas<\/p>\n<\/div>\n<p>A atua\u00e7\u00e3o da Defesa Civil complementa o trabalho desenvolvido pela Secretaria Municipal de Desenvolvimento Rural (SMDR), que tamb\u00e9m mant\u00e9m o abastecimento de \u00e1gua na zona rural por meio de 15 carros-pipas locados. Com as duas frentes de atendimento, o munic\u00edpio amplia a capacidade de resposta \u00e0s comunidades que enfrentam os efeitos da estiagem.<\/p>\n<p>Paralelamente \u00e0 amplia\u00e7\u00e3o da frota, a Defesa Civil est\u00e1 atualizando o cadastro das comunidades atendidas pela Opera\u00e7\u00e3o Carro-Pipa junto \u00e0 Defesa Civil Nacional. O levantamento anterior passou por revis\u00e3o do Ex\u00e9rcito Brasileiro, que realizou a fiscaliza\u00e7\u00e3o das localidades indicadas pelo munic\u00edpio. Com a nova atualiza\u00e7\u00e3o, a expectativa \u00e9 incluir outros povoados que necessitam do abastecimento.<\/p>\n<p><a class=\"cboxElement\" href=\"https:\/\/www.pmvc.ba.gov.br\/wp-content\/uploads\/WhatsApp-Image-2026-09-02-at-14.37.09-e1788374245660.jpeg\"><img decoding=\"async\" loading=\"lazy\" class=\"aligncenter size-large wp-image-488395 colorbox-488394\" src=\"https:\/\/www.pmvc.ba.gov.br\/wp-content\/uploads\/WhatsApp-Image-2026-09-02-at-14.37.09-e1788374245660-907x680.jpeg\" sizes=\"(max-width: 907px) 100vw, 907px\" srcset=\"https:\/\/www.pmvc.ba.gov.br\/wp-content\/uploads\/WhatsApp-Image-2026-09-02-at-14.37.09-e1788374245660-907x680.jpeg 907w, https:\/\/www.pmvc.ba.gov.br\/wp-content\/uploads\/WhatsApp-Image-2026-09-02-at-14.37.09-e1788374245660-420x315.jpeg 420w, https:\/\/www.pmvc.ba.gov.br\/wp-content\/uploads\/WhatsApp-Image-2026-09-02-at-14.37.09-e1788374245660-768x576.jpeg 768w\" alt=\"\" width=\"907\" height=\"680\" \/><\/a><\/p>\n<p>Ainda segundo Rosa, o principal desafio para ampliar a opera\u00e7\u00e3o atualmente est\u00e1 na contrata\u00e7\u00e3o de novos pipeiros. \u201cHoje, nossa dificuldade n\u00e3o \u00e9 aumentar a quantidade de ve\u00edculos, e sim de encontrar pipeiros dispon\u00edveis para contrata\u00e7\u00e3o. Por isso, \u00e9 importante que esses profissionais procurem a Defesa Civil para realizar o credenciamento\u201d, afirmou.<\/p>\n<p>Al\u00e9m de levar \u00e1gua \u00e0s comunidades, a Opera\u00e7\u00e3o Carro-Pipa conta com um sistema de controle das entregas. Os moradores respons\u00e1veis pelo recebimento possuem um cart\u00e3o que \u00e9 registrado em uma m\u00e1quina no momento do abastecimento. O procedimento permite acompanhar as viagens realizadas pelos pipeiros e controlar a distribui\u00e7\u00e3o da \u00e1gua.<\/p>\n<p>Nesta quarta-feira, Marilene, moradora da comunidade de Francisco das Chagas, recebeu o cart\u00e3o utilizado no sistema de controle da opera\u00e7\u00e3o. A ferramenta registra o recebimento da \u00e1gua e contribui para o acompanhamento das entregas realizadas em cada localidade.<\/p>\n<p><a class=\"cboxElement\" href=\"https:\/\/www.pmvc.ba.gov.br\/wp-content\/uploads\/WhatsApp-Image-2026-09-02-at-15.09.08.jpeg\"><img decoding=\"async\" loading=\"lazy\" class=\"aligncenter wp-image-488397 colorbox-488394\" src=\"https:\/\/www.pmvc.ba.gov.br\/wp-content\/uploads\/WhatsApp-Image-2026-09-02-at-15.09.08-907x680.jpeg\" sizes=\"(max-width: 898px) 100vw, 898px\" srcset=\"https:\/\/www.pmvc.ba.gov.br\/wp-content\/uploads\/WhatsApp-Image-2026-09-02-at-15.09.08-907x680.jpeg 907w, https:\/\/www.pmvc.ba.gov.br\/wp-content\/uploads\/WhatsApp-Image-2026-09-02-at-15.09.08-420x315.jpeg 420w, https:\/\/www.pmvc.ba.gov.br\/wp-content\/uploads\/WhatsApp-Image-2026-09-02-at-15.09.08-768x576.jpeg 768w, https:\/\/www.pmvc.ba.gov.br\/wp-content\/uploads\/WhatsApp-Image-2026-09-02-at-15.09.08.jpeg 1600w\" alt=\"\" width=\"898\" height=\"673\" \/><\/a><\/p>\n<p>A coordenadora da Defesa Civil destaca que o refor\u00e7o no abastecimento \u00e9 especialmente importante neste per\u00edodo de estiagem, que pode se intensificar nos pr\u00f3ximos meses. \u201cA Opera\u00e7\u00e3o Carro-Pipa \u00e9 de suma import\u00e2ncia para a zona rural, especialmente neste momento de estiagem, que pode se intensificar nos pr\u00f3ximos dias. Estamos atentos a esse per\u00edodo e trabalhando para garantir esse suporte \u00e0s comunidades\u201d, destacou Rosa Freitas.<\/p>\n<p>A etapa atual da Opera\u00e7\u00e3o Carro-Pipa segue at\u00e9 o final de dezembro. Em janeiro, uma nova etapa de distribui\u00e7\u00e3o est\u00e1 prevista, dando continuidade ao abastecimento das comunidades rurais conforme a necessidade identificada pelo munic\u00edpio.<\/p>\n<div class=\"ssba-classic-2 ssba ssbp-wrap left ssbp--theme-1\">\n<div><a class=\"ssba_print ssba_share_link \" href=\"https:\/\/www.pmvc.ba.gov.br\/defesa-civil-municipal-retoma-operacao-pipa-e-amplia-abastecimento-de-agua-na-zona-rural-de-vitoria-da-conquista\/#\" data-site=\"print\"><img decoding=\"async\" class=\"ssba ssba-img colorbox-488394\" title=\"Print\" src=\"https:\/\/www.pmvc.ba.gov.br\/wp-content\/plugins\/simple-share-buttons-adder\/buttons\/simple\/print.png\" alt=\"Print this page\" \/><\/a><a class=\"ssba_email_share\" href=\"https:\/\/www.pmvc.ba.gov.br\/defesa-civil-municipal-retoma-operacao-pipa-e-amplia-abastecimento-de-agua-na-zona-rural-de-vitoria-da-conquista\/?format=pdf\" data-site=\"email\"><img decoding=\"async\" class=\"ssba ssba-img colorbox-488394\" title=\"Salvar em Pdf\" src=\"https:\/\/www.pmvc.ba.gov.br\/wp-content\/plugins\/simple-share-buttons-adder\/buttons\/simple\/buffer.png\" alt=\"Salvar em Pdf\" \/><\/a><a class=\"ssba_facebook_share\" href=\"http:\/\/www.facebook.com\/sharer.php?u=https:\/\/www.pmvc.ba.gov.br\/defesa-civil-municipal-retoma-operacao-pipa-e-amplia-abastecimento-de-agua-na-zona-rural-de-vitoria-da-conquista\/\" target=\"_blank\" rel=\"noopener\" data-site=\"\"><img decoding=\"async\" class=\"ssba ssba-img colorbox-488394\" title=\"Facebook\" src=\"https:\/\/www.pmvc.ba.gov.br\/wp-content\/plugins\/simple-share-buttons-adder\/buttons\/simple\/facebook.png\" alt=\"Share on Facebook\" \/><\/a><a class=\"ssba_twitter_share\" href=\"http:\/\/twitter.com\/share?url=https:\/\/www.pmvc.ba.gov.br\/defesa-civil-municipal-retoma-operacao-pipa-e-amplia-abastecimento-de-agua-na-zona-rural-de-vitoria-da-conquista\/&amp;text=Defesa%20Civil%20Municipal%20retoma%20Opera%C3%A7%C3%A3o%20Pipa%20e%20amplia%20abastecimento%20de%20%C3%A1gua%20na%20zona%20rural%20de%20Vit%C3%B3ria%20da%20Conquista%20\" target=\"&quot;_blank&quot;\" rel=\"noopener\" data-site=\"\"><img decoding=\"async\" class=\"ssba ssba-img colorbox-488394\" title=\"Twitter\" src=\"https:\/\/www.pmvc.ba.gov.br\/wp-content\/plugins\/simple-share-buttons-adder\/buttons\/simple\/twitter.png\" alt=\"Tweet about this on Twitter\" \/><\/a><a class=\"ssba_email_share\" href=\"mailto:?subject=Defesa%20Civil%20Municipal%20retoma%20Opera%C3%A7%C3%A3o%20Pipa%20e%20amplia%20abastecimento%20de%20%C3%A1gua%20na%20zona%20rural%20de%20Vit%C3%B3ria%20da%20Conquista&amp;body=%20https:\/\/www.pmvc.ba.gov.br\/defesa-civil-municipal-retoma-operacao-pipa-e-amplia-abastecimento-de-agua-na-zona-rural-de-vitoria-da-conquista\/\" data-site=\"email\"><img decoding=\"async\" class=\"ssba ssba-img colorbox-488394\" title=\"Email\" src=\"https:\/\/www.pmvc.ba.gov.br\/wp-content\/plugins\/simple-share-buttons-adder\/buttons\/simple\/email.png\" alt=\"Email this to someone\" \/><\/a><a class=\"ssba_linkedin_share ssba_share_link\" href=\"http:\/\/www.linkedin.com\/shareArticle?mini=true&amp;url=https:\/\/www.pmvc.ba.gov.br\/defesa-civil-municipal-retoma-operacao-pipa-e-amplia-abastecimento-de-agua-na-zona-rural-de-vitoria-da-conquista\/\" target=\"&quot;_blank&quot;\" rel=\"noopener\" data-site=\"linkedin\"><img decoding=\"async\" class=\"ssba ssba-img colorbox-488394\" title=\"LinkedIn\" src=\"https:\/\/www.pmvc.ba.gov.br\/wp-content\/plugins\/simple-share-buttons-adder\/buttons\/simple\/linkedin.png\" alt=\"Share on LinkedIn\" \/><\/a><\/div>\n<\/div>\n<div><\/div>\n<\/div>\n<\/div>\n<\/div>\n<\/div>\n<\/div>\n","protected":false},"excerpt":{"rendered":"<p>A Prefeitura de Vit\u00f3ria da Conquista, por meio da Coordenadoria Municipal de Prote\u00e7\u00e3o e Defesa Civil (Compdec), retomou nesta quarta-feira (2) a Opera\u00e7\u00e3o Carro-Pipa do Ex\u00e9rcito para refor\u00e7ar o abastecimento de \u00e1gua pot\u00e1vel nas comunidades da zona rural durante o per\u00edodo de estiagem. Os caminh\u00f5es iniciaram as entregas nas primeiras horas da manh\u00e3 e foram &hellip;<\/p>\n","protected":false},"author":3,"featured_media":21477,"comment_status":"closed","ping_status":"closed","sticky":false,"template":"","format":"standard","meta":{"_links_to":"","_links_to_target":""},"categories":[22],"tags":[],"_links":{"self":[{"href":"https:\/\/www.didasantos.com.br\/v1\/wp-json\/wp\/v2\/posts\/21475"}],"collection":[{"href":"https:\/\/www.didasantos.com.br\/v1\/wp-json\/wp\/v2\/posts"}],"about":[{"href":"https:\/\/www.didasantos.com.br\/v1\/wp-json\/wp\/v2\/types\/post"}],"author":[{"embeddable":true,"href":"https:\/\/www.didasantos.com.br\/v1\/wp-json\/wp\/v2\/users\/3"}],"replies":[{"embeddable":true,"href":"https:\/\/www.didasantos.com.br\/v1\/wp-json\/wp\/v2\/comments?post=21475"}],"version-history":[{"count":2,"href":"https:\/\/www.didasantos.com.br\/v1\/wp-json\/wp\/v2\/posts\/21475\/revisions"}],"predecessor-version":[{"id":21478,"href":"https:\/\/www.didasantos.com.br\/v1\/wp-json\/wp\/v2\/posts\/21475\/revisions\/21478"}],"wp:featuredmedia":[{"embeddable":true,"href":"https:\/\/www.didasantos.com.br\/v1\/wp-json\/wp\/v2\/media\/21477"}],"wp:attachment":[{"href":"https:\/\/www.didasantos.com.br\/v1\/wp-json\/wp\/v2\/media?parent=21475"}],"wp:term":[{"taxonomy":"category","embeddable":true,"href":"https:\/\/www.didasantos.com.br\/v1\/wp-json\/wp\/v2\/categories?post=21475"},{"taxonomy":"post_tag","embeddable":true,"href":"https:\/\/www.didasantos.com.br\/v1\/wp-json\/wp\/v2\/tags?post=21475"}],"curies":[{"name":"wp","href":"https:\/\/api.w.org\/{rel}","templated":true}]}}