{"id":21486,"date":"2026-09-03T19:21:50","date_gmt":"2026-09-03T22:21:50","guid":{"rendered":"https:\/\/www.didasantos.com.br\/v1\/?p=21486"},"modified":"2026-09-03T19:21:50","modified_gmt":"2026-09-03T22:21:50","slug":"comunidade-de-inhobim-se-despede-de-dona-rita","status":"publish","type":"post","link":"https:\/\/www.didasantos.com.br\/v1\/2026\/09\/03\/comunidade-de-inhobim-se-despede-de-dona-rita\/","title":{"rendered":"Comunidade de Inhobim se despede de Dona Rita"},"content":{"rendered":"<p>Com profundo pesar, a comunidade do distrito de Inhobim comunica o falecimento de Dona Rita, vi\u00fava de Rosalvo Curador, aos 105 anos de idade.Figura respeitada e querida por todos, Dona Rita partiu ap\u00f3s complica\u00e7\u00f5es de sa\u00fade, deixando familiares, amigos e vizinhos enlutados.<\/p>\n<div class=\"color-pad\">\n<div class=\"entry-content read-details\">\n<figure class=\"wp-block-image size-large\"><img decoding=\"async\" loading=\"lazy\" class=\"wp-image-4407\" src=\"https:\/\/blogdodarcioalves.com.br\/wp-content\/uploads\/2026\/09\/50458-997x1024.png\" sizes=\"(max-width: 997px) 100vw, 997px\" srcset=\"https:\/\/blogdodarcioalves.com.br\/wp-content\/uploads\/2026\/09\/50458-997x1024.png 997w, https:\/\/blogdodarcioalves.com.br\/wp-content\/uploads\/2026\/09\/50458-292x300.png 292w, https:\/\/blogdodarcioalves.com.br\/wp-content\/uploads\/2026\/09\/50458.png 1080w\" alt=\"\" width=\"997\" height=\"1024\" \/><\/figure>\n<p class=\"wp-block-paragraph\">Sua trajet\u00f3ria de vida, marcada pela alegria e pelo carinho, permanece como legado para aqueles que tiveram o privil\u00e9gio de conviver com ela.O distrito de Inhobim presta homenagens \u00e0 mem\u00f3ria de Dona Rita, lembrando sua dedica\u00e7\u00e3o \u00e0 fam\u00edlia e sua presen\u00e7a sempre acolhedora. Em nota, moradores destacaram: \u201cSua hist\u00f3ria, sua alegria e seu carinho ficar\u00e3o para sempre em nossas mem\u00f3rias.\u201dNeste momento de dor, a comunidade se une em solidariedade aos familiares, desejando for\u00e7a e conforto para enfrentar a perda.<\/p>\n<\/div>\n<\/div>\n","protected":false},"excerpt":{"rendered":"<p>Com profundo pesar, a comunidade do distrito de Inhobim comunica o falecimento de Dona Rita, vi\u00fava de Rosalvo Curador, aos 105 anos de idade.Figura respeitada e querida por todos, Dona Rita partiu ap\u00f3s complica\u00e7\u00f5es de sa\u00fade, deixando familiares, amigos e vizinhos enlutados. Sua trajet\u00f3ria de vida, marcada pela alegria e pelo carinho, permanece como legado &hellip;<\/p>\n","protected":false},"author":3,"featured_media":21488,"comment_status":"closed","ping_status":"closed","sticky":false,"template":"","format":"standard","meta":{"_links_to":"","_links_to_target":""},"categories":[35],"tags":[],"_links":{"self":[{"href":"https:\/\/www.didasantos.com.br\/v1\/wp-json\/wp\/v2\/posts\/21486"}],"collection":[{"href":"https:\/\/www.didasantos.com.br\/v1\/wp-json\/wp\/v2\/posts"}],"about":[{"href":"https:\/\/www.didasantos.com.br\/v1\/wp-json\/wp\/v2\/types\/post"}],"author":[{"embeddable":true,"href":"https:\/\/www.didasantos.com.br\/v1\/wp-json\/wp\/v2\/users\/3"}],"replies":[{"embeddable":true,"href":"https:\/\/www.didasantos.com.br\/v1\/wp-json\/wp\/v2\/comments?post=21486"}],"version-history":[{"count":1,"href":"https:\/\/www.didasantos.com.br\/v1\/wp-json\/wp\/v2\/posts\/21486\/revisions"}],"predecessor-version":[{"id":21487,"href":"https:\/\/www.didasantos.com.br\/v1\/wp-json\/wp\/v2\/posts\/21486\/revisions\/21487"}],"wp:featuredmedia":[{"embeddable":true,"href":"https:\/\/www.didasantos.com.br\/v1\/wp-json\/wp\/v2\/media\/21488"}],"wp:attachment":[{"href":"https:\/\/www.didasantos.com.br\/v1\/wp-json\/wp\/v2\/media?parent=21486"}],"wp:term":[{"taxonomy":"category","embeddable":true,"href":"https:\/\/www.didasantos.com.br\/v1\/wp-json\/wp\/v2\/categories?post=21486"},{"taxonomy":"post_tag","embeddable":true,"href":"https:\/\/www.didasantos.com.br\/v1\/wp-json\/wp\/v2\/tags?post=21486"}],"curies":[{"name":"wp","href":"https:\/\/api.w.org\/{rel}","templated":true}]}}