{"id":21489,"date":"2026-09-04T10:48:38","date_gmt":"2026-09-04T13:48:38","guid":{"rendered":"https:\/\/www.didasantos.com.br\/v1\/?p=21489"},"modified":"2026-09-04T10:48:46","modified_gmt":"2026-09-04T13:48:46","slug":"luto-vitoria-da-conquista-perde-jose-cerqueira-costa","status":"publish","type":"post","link":"https:\/\/www.didasantos.com.br\/v1\/2026\/09\/04\/luto-vitoria-da-conquista-perde-jose-cerqueira-costa\/","title":{"rendered":"Luto: Vit\u00f3ria da Conquista perde Jos\u00e9 Cerqueira Costa"},"content":{"rendered":"<header class=\"entry-header pos-rel\">\n<div class=\"read-details\">\n<div class=\"entry-header-details af-cat-widget-carousel\">\n<h1 class=\"entry-title\" style=\"text-align: left;\"><\/h1>\n<\/div>\n<\/div>\n<\/header>\n<div class=\"color-pad\">\n<div class=\"entry-content read-details\">\n<p class=\"wp-block-paragraph\">A trajet\u00f3ria de Jos\u00e9 Cerqueira Costa, o querido Cerqueira, sempre esteve marcada pela defesa das causas sociais e pela dedica\u00e7\u00e3o \u00e0 pol\u00edtica participativa. Sua partida representa uma grande perda para Vit\u00f3ria da Conquista, cidade onde deixou profundas marcas na hist\u00f3ria pol\u00edtica e nos movimentos comunit\u00e1rios.Militante hist\u00f3rico do Partido dos Trabalhadores (PT), Cerqueira foi protagonista na constru\u00e7\u00e3o e fortalecimento da legenda no munic\u00edpio. Atuou de forma incans\u00e1vel na organiza\u00e7\u00e3o popular e na mobiliza\u00e7\u00e3o social, sempre acreditando no poder da participa\u00e7\u00e3o cidad\u00e3 como instrumento de transforma\u00e7\u00e3o.<\/p>\n<p class=\"wp-block-paragraph\">Entre suas contribui\u00e7\u00f5es mais significativas, esteve na Executiva Municipal do PT e na coordena\u00e7\u00e3o do Or\u00e7amento Participativo, iniciativa que aproximou a popula\u00e7\u00e3o das decis\u00f5es administrativas. Tamb\u00e9m se destacou no movimento sindical e nas associa\u00e7\u00f5es de moradores, mantendo uma rela\u00e7\u00e3o pr\u00f3xima com as comunidades e incentivando o protagonismo popular.Conhecido pela simplicidade, esp\u00edrito combativo e dedica\u00e7\u00e3o \u00e0s lutas coletivas, Cerqueira esteve presente em momentos decisivos da hist\u00f3ria pol\u00edtica de Vit\u00f3ria da Conquista. Sua aus\u00eancia ser\u00e1 sentida por companheiros, amigos e todos que tiveram a oportunidade de compartilhar sua caminhada.Neste momento de dor, ficam registrados os sentimentos de solidariedade aos familiares e \u00e0queles que conviveram com Jos\u00e9 Cerqueira Costa. Informa\u00e7\u00f5es sobre vel\u00f3rio e sepultamento ainda n\u00e3o foram divulgadas pela fam\u00edlia e ser\u00e3o comunicadas assim que confirmadas.<\/p>\n<\/div>\n<\/div>\n","protected":false},"excerpt":{"rendered":"<p>A trajet\u00f3ria de Jos\u00e9 Cerqueira Costa, o querido Cerqueira, sempre esteve marcada pela defesa das causas sociais e pela dedica\u00e7\u00e3o \u00e0 pol\u00edtica participativa. Sua partida representa uma grande perda para Vit\u00f3ria da Conquista, cidade onde deixou profundas marcas na hist\u00f3ria pol\u00edtica e nos movimentos comunit\u00e1rios.Militante hist\u00f3rico do Partido dos Trabalhadores (PT), Cerqueira foi protagonista na &hellip;<\/p>\n","protected":false},"author":3,"featured_media":21491,"comment_status":"closed","ping_status":"closed","sticky":false,"template":"","format":"standard","meta":{"_links_to":"","_links_to_target":""},"categories":[22],"tags":[],"_links":{"self":[{"href":"https:\/\/www.didasantos.com.br\/v1\/wp-json\/wp\/v2\/posts\/21489"}],"collection":[{"href":"https:\/\/www.didasantos.com.br\/v1\/wp-json\/wp\/v2\/posts"}],"about":[{"href":"https:\/\/www.didasantos.com.br\/v1\/wp-json\/wp\/v2\/types\/post"}],"author":[{"embeddable":true,"href":"https:\/\/www.didasantos.com.br\/v1\/wp-json\/wp\/v2\/users\/3"}],"replies":[{"embeddable":true,"href":"https:\/\/www.didasantos.com.br\/v1\/wp-json\/wp\/v2\/comments?post=21489"}],"version-history":[{"count":2,"href":"https:\/\/www.didasantos.com.br\/v1\/wp-json\/wp\/v2\/posts\/21489\/revisions"}],"predecessor-version":[{"id":21492,"href":"https:\/\/www.didasantos.com.br\/v1\/wp-json\/wp\/v2\/posts\/21489\/revisions\/21492"}],"wp:featuredmedia":[{"embeddable":true,"href":"https:\/\/www.didasantos.com.br\/v1\/wp-json\/wp\/v2\/media\/21491"}],"wp:attachment":[{"href":"https:\/\/www.didasantos.com.br\/v1\/wp-json\/wp\/v2\/media?parent=21489"}],"wp:term":[{"taxonomy":"category","embeddable":true,"href":"https:\/\/www.didasantos.com.br\/v1\/wp-json\/wp\/v2\/categories?post=21489"},{"taxonomy":"post_tag","embeddable":true,"href":"https:\/\/www.didasantos.com.br\/v1\/wp-json\/wp\/v2\/tags?post=21489"}],"curies":[{"name":"wp","href":"https:\/\/api.w.org\/{rel}","templated":true}]}}