{"id":21493,"date":"2026-09-04T14:47:56","date_gmt":"2026-09-04T17:47:56","guid":{"rendered":"https:\/\/www.didasantos.com.br\/v1\/?p=21493"},"modified":"2026-09-04T14:47:56","modified_gmt":"2026-09-04T17:47:56","slug":"incendio-em-galpao-mobiliza-bombeiros-em-vitoria-da-conquista","status":"publish","type":"post","link":"https:\/\/www.didasantos.com.br\/v1\/2026\/09\/04\/incendio-em-galpao-mobiliza-bombeiros-em-vitoria-da-conquista\/","title":{"rendered":"Inc\u00eandio em galp\u00e3o mobiliza bombeiros em Vit\u00f3ria da Conquista"},"content":{"rendered":"<header class=\"entry-header pos-rel\">\n<div class=\"read-details\">\n<div class=\"entry-header-details af-cat-widget-carousel\">\n<h1 class=\"entry-title\" style=\"padding-left: 40px;\"><\/h1>\n<\/div>\n<\/div>\n<\/header>\n<div class=\"color-pad\">\n<div class=\"entry-content read-details\">\n<p class=\"wp-block-paragraph\">Um inc\u00eandio de grandes propor\u00e7\u00f5es atingiu, na tarde desta sexta-feira (04), um galp\u00e3o de reciclagem localizado no bairro Esp\u00edrito Santo, em Vit\u00f3ria da Conquista.<\/p>\n<p class=\"wp-block-paragraph\">As chamas se espalharam rapidamente devido ao car\u00e1ter altamente inflam\u00e1vel do material armazenado. O clima seco e as altas temperaturas intensificaram a propaga\u00e7\u00e3o do fogo, que gera uma densa nuvem de fuma\u00e7a preta vis\u00edvel a quil\u00f4metros de dist\u00e2ncia.<\/p>\n<figure class=\"wp-block-image size-large\"><img decoding=\"async\" loading=\"lazy\" class=\"wp-image-4431\" src=\"https:\/\/blogdodarcioalves.com.br\/wp-content\/uploads\/2026\/09\/51678-763x1024.png\" sizes=\"(max-width: 763px) 100vw, 763px\" srcset=\"https:\/\/blogdodarcioalves.com.br\/wp-content\/uploads\/2026\/09\/51678-763x1024.png 763w, https:\/\/blogdodarcioalves.com.br\/wp-content\/uploads\/2026\/09\/51678-223x300.png 223w, https:\/\/blogdodarcioalves.com.br\/wp-content\/uploads\/2026\/09\/51678-768x1031.png 768w, https:\/\/blogdodarcioalves.com.br\/wp-content\/uploads\/2026\/09\/51678.png 1006w\" alt=\"\" width=\"763\" height=\"1024\" \/><\/figure>\n<p class=\"wp-block-paragraph\">A preocupa\u00e7\u00e3o das autoridades \u00e9 que o inc\u00eandio avance para a vegeta\u00e7\u00e3o pr\u00f3xima ao galp\u00e3o, o que poderia dificultar ainda mais o controle da situa\u00e7\u00e3o. Equipes do Corpo de Bombeiros foram acionadas e trabalham para conter as chamas. At\u00e9 o momento, n\u00e3o h\u00e1 informa\u00e7\u00f5es sobre as causas do inc\u00eandio.<\/p>\n<\/div>\n<\/div>\n","protected":false},"excerpt":{"rendered":"<p>Um inc\u00eandio de grandes propor\u00e7\u00f5es atingiu, na tarde desta sexta-feira (04), um galp\u00e3o de reciclagem localizado no bairro Esp\u00edrito Santo, em Vit\u00f3ria da Conquista. As chamas se espalharam rapidamente devido ao car\u00e1ter altamente inflam\u00e1vel do material armazenado. O clima seco e as altas temperaturas intensificaram a propaga\u00e7\u00e3o do fogo, que gera uma densa nuvem de &hellip;<\/p>\n","protected":false},"author":3,"featured_media":21495,"comment_status":"closed","ping_status":"closed","sticky":false,"template":"","format":"standard","meta":{"_links_to":"","_links_to_target":""},"categories":[22],"tags":[],"_links":{"self":[{"href":"https:\/\/www.didasantos.com.br\/v1\/wp-json\/wp\/v2\/posts\/21493"}],"collection":[{"href":"https:\/\/www.didasantos.com.br\/v1\/wp-json\/wp\/v2\/posts"}],"about":[{"href":"https:\/\/www.didasantos.com.br\/v1\/wp-json\/wp\/v2\/types\/post"}],"author":[{"embeddable":true,"href":"https:\/\/www.didasantos.com.br\/v1\/wp-json\/wp\/v2\/users\/3"}],"replies":[{"embeddable":true,"href":"https:\/\/www.didasantos.com.br\/v1\/wp-json\/wp\/v2\/comments?post=21493"}],"version-history":[{"count":2,"href":"https:\/\/www.didasantos.com.br\/v1\/wp-json\/wp\/v2\/posts\/21493\/revisions"}],"predecessor-version":[{"id":21496,"href":"https:\/\/www.didasantos.com.br\/v1\/wp-json\/wp\/v2\/posts\/21493\/revisions\/21496"}],"wp:featuredmedia":[{"embeddable":true,"href":"https:\/\/www.didasantos.com.br\/v1\/wp-json\/wp\/v2\/media\/21495"}],"wp:attachment":[{"href":"https:\/\/www.didasantos.com.br\/v1\/wp-json\/wp\/v2\/media?parent=21493"}],"wp:term":[{"taxonomy":"category","embeddable":true,"href":"https:\/\/www.didasantos.com.br\/v1\/wp-json\/wp\/v2\/categories?post=21493"},{"taxonomy":"post_tag","embeddable":true,"href":"https:\/\/www.didasantos.com.br\/v1\/wp-json\/wp\/v2\/tags?post=21493"}],"curies":[{"name":"wp","href":"https:\/\/api.w.org\/{rel}","templated":true}]}}