{"id":21497,"date":"2026-09-04T16:17:38","date_gmt":"2026-09-04T19:17:38","guid":{"rendered":"https:\/\/www.didasantos.com.br\/v1\/?p=21497"},"modified":"2026-09-04T16:18:27","modified_gmt":"2026-09-04T19:18:27","slug":"moradores-de-vitoria-da-conquista-cobram-prefeitura-e-coelba-por-falta-de-acao-diante-de-quedas-de-arvores","status":"publish","type":"post","link":"https:\/\/www.didasantos.com.br\/v1\/2026\/09\/04\/moradores-de-vitoria-da-conquista-cobram-prefeitura-e-coelba-por-falta-de-acao-diante-de-quedas-de-arvores\/","title":{"rendered":"Moradores de Vit\u00f3ria da Conquista cobram Prefeitura e Coelba por falta de a\u00e7\u00e3o diante de quedas de \u00e1rvores"},"content":{"rendered":"<p>Na tarde e noite da \u00faltima quarta-feira, 2 de setembro, um forte vendaval atingiu Vit\u00f3ria da Conquista, provocando diversos transtornos para moradores do bairro Vila Am\u00e9rica. Entre os principais registros, uma \u00e1rvore caiu sobre o muro de uma resid\u00eancia na Rua Darcy Ribeiro, causando preocupa\u00e7\u00e3o aos moradores. Em outro ponto do bairro, outra \u00e1rvore se enroscou nos fios de energia de um poste, aumentando o risco de acidentes e interrup\u00e7\u00f5es no fornecimento de energia el\u00e9trica.<\/p>\n<p>Segundo relatos da comunidade, situa\u00e7\u00f5es como essas s\u00e3o constantes sempre que h\u00e1 tempestades ou ventos fortes. Os moradores afirmam que j\u00e1 encaminharam diversas reclama\u00e7\u00f5es \u00e0 Prefeitura Municipal e \u00e0 Coelba, empresa respons\u00e1vel pela distribui\u00e7\u00e3o de energia el\u00e9trica na regi\u00e3o. No entanto, segundo eles, as provid\u00eancias n\u00e3o t\u00eam sido tomadas de forma preventiva, o que faz com que os problemas se repitam a cada mudan\u00e7a brusca no tempo.<\/p>\n<p>De acordo com os moradores, h\u00e1 \u00e1rvores em \u00e1reas p\u00fablicas \u2014 como pra\u00e7as e cal\u00e7adas \u2014 que est\u00e3o em contato direto com a rede el\u00e9trica. Nesses casos, a responsabilidade pela manuten\u00e7\u00e3o seria da Prefeitura, por meio da secretaria competente. J\u00e1 quando se trata de \u00e1rvores que atingem diretamente a rede de energia, a obriga\u00e7\u00e3o de interven\u00e7\u00e3o seria da Coelba. A comunidade cobra que ambos os \u00f3rg\u00e3os atuem de forma mais r\u00e1pida e preventiva, evitando que os riscos se transformem em acidentes graves.<\/p>\n<p>O l\u00edder comunit\u00e1rio do bairro Dida Santos refor\u00e7ou que h\u00e1 muitas \u00e1rvores em situa\u00e7\u00e3o semelhante e que, diante da demora das autoridades, alguns moradores acabam tomando decis\u00f5es por conta pr\u00f3pria, realizando podas sem orienta\u00e7\u00e3o t\u00e9cnica \u2014 o que pode gerar ainda mais riscos. O Blog do Dida Santos, junto com a comunidade, tamb\u00e9m se posicionou cobrando provid\u00eancias imediatas para solucionar o problema e garantir mais seguran\u00e7a para os moradores.<\/p>\n<p><strong>Veja a reportagem :<\/strong><\/p>\n<p>&nbsp;<br \/>\n<iframe loading=\"lazy\" width=\"980\" height=\"1766\" src=\"https:\/\/www.youtube.com\/embed\/g1NyrenXCNk\" title=\"Dida relata problema com as \u00e1rvores e rede el\u00e9trica no Vila Am\u00e9rica.\" frameborder=\"0\" allow=\"accelerometer; autoplay; clipboard-write; encrypted-media; gyroscope; picture-in-picture; web-share\" referrerpolicy=\"strict-origin-when-cross-origin\" allowfullscreen><\/iframe><br \/>\n&nbsp;<\/p>\n","protected":false},"excerpt":{"rendered":"<p>Na tarde e noite da \u00faltima quarta-feira, 2 de setembro, um forte vendaval atingiu Vit\u00f3ria da Conquista, provocando diversos transtornos para moradores do bairro Vila Am\u00e9rica. Entre os principais registros, uma \u00e1rvore caiu sobre o muro de uma resid\u00eancia na Rua Darcy Ribeiro, causando preocupa\u00e7\u00e3o aos moradores. Em outro ponto do bairro, outra \u00e1rvore se &hellip;<\/p>\n","protected":false},"author":3,"featured_media":21500,"comment_status":"closed","ping_status":"closed","sticky":false,"template":"","format":"standard","meta":{"_links_to":"","_links_to_target":""},"categories":[22],"tags":[],"_links":{"self":[{"href":"https:\/\/www.didasantos.com.br\/v1\/wp-json\/wp\/v2\/posts\/21497"}],"collection":[{"href":"https:\/\/www.didasantos.com.br\/v1\/wp-json\/wp\/v2\/posts"}],"about":[{"href":"https:\/\/www.didasantos.com.br\/v1\/wp-json\/wp\/v2\/types\/post"}],"author":[{"embeddable":true,"href":"https:\/\/www.didasantos.com.br\/v1\/wp-json\/wp\/v2\/users\/3"}],"replies":[{"embeddable":true,"href":"https:\/\/www.didasantos.com.br\/v1\/wp-json\/wp\/v2\/comments?post=21497"}],"version-history":[{"count":4,"href":"https:\/\/www.didasantos.com.br\/v1\/wp-json\/wp\/v2\/posts\/21497\/revisions"}],"predecessor-version":[{"id":21502,"href":"https:\/\/www.didasantos.com.br\/v1\/wp-json\/wp\/v2\/posts\/21497\/revisions\/21502"}],"wp:featuredmedia":[{"embeddable":true,"href":"https:\/\/www.didasantos.com.br\/v1\/wp-json\/wp\/v2\/media\/21500"}],"wp:attachment":[{"href":"https:\/\/www.didasantos.com.br\/v1\/wp-json\/wp\/v2\/media?parent=21497"}],"wp:term":[{"taxonomy":"category","embeddable":true,"href":"https:\/\/www.didasantos.com.br\/v1\/wp-json\/wp\/v2\/categories?post=21497"},{"taxonomy":"post_tag","embeddable":true,"href":"https:\/\/www.didasantos.com.br\/v1\/wp-json\/wp\/v2\/tags?post=21497"}],"curies":[{"name":"wp","href":"https:\/\/api.w.org\/{rel}","templated":true}]}}