{"id":7336,"date":"2023-05-06T06:00:36","date_gmt":"2023-05-06T09:00:36","guid":{"rendered":"https:\/\/www.didasantos.com.br\/v1\/?p=7336"},"modified":"2023-05-05T19:32:12","modified_gmt":"2023-05-05T22:32:12","slug":"prefeitura-apoia-mutirao-de-registro-civil-para-pessoas-em-situacao-de-vulnerabilidade-social","status":"publish","type":"post","link":"https:\/\/www.didasantos.com.br\/v1\/2023\/05\/06\/prefeitura-apoia-mutirao-de-registro-civil-para-pessoas-em-situacao-de-vulnerabilidade-social\/","title":{"rendered":"Prefeitura apoia mutir\u00e3o de registro civil para pessoas em situa\u00e7\u00e3o de vulnerabilidade social"},"content":{"rendered":"<p>De 8 a 12 de maio, ocorrer\u00e1 em todo o pa\u00eds a &#8220;Semana Nacional Registre-se!&#8221;, uma iniciativa do Conselho Nacional de Justi\u00e7a (CNJ) para a emiss\u00e3o de certid\u00f5es de nascimento para a popula\u00e7\u00e3o em situa\u00e7\u00e3o de vulnerabilidade social. Em Vit\u00f3ria da Conquista, a a\u00e7\u00e3o acontecer\u00e1 na Prefeitura da Zona Oeste, no Centro Cultural Glauber Rocha, das 9h \u00e0s 15h, e visa atender pessoas em situa\u00e7\u00e3o de rua, moradores de localidades rurais e usu\u00e1rios dos servi\u00e7os que comp\u00f5em a rede de prote\u00e7\u00e3o social do munic\u00edpio.<\/p>\n<p>A campanha faz parte do Programa de Enfrentamento ao Sub-registro Civil e de Amplia\u00e7\u00e3o ao Acesso \u00e0 Documenta\u00e7\u00e3o B\u00e1sica por Pessoas Vulner\u00e1veis, criado pela Corregedoria Nacional de Justi\u00e7a. Para buscar a certid\u00e3o, \u00e9 importante levar algum documento pessoal ou, na impossibilidade, algum outro documento, mesmo que antigo, como matr\u00edculas escolares ou documento de batismo. A iniciativa \u00e9 uma forma de garantir o acesso \u00e0 documenta\u00e7\u00e3o b\u00e1sica e, consequentemente, aos direitos civis e sociais.<\/p>\n<p>Fonte: www.pmvc.ba.gov.br\/<\/p>\n","protected":false},"excerpt":{"rendered":"<p>De 8 a 12 de maio, ocorrer\u00e1 em todo o pa\u00eds a &#8220;Semana Nacional Registre-se!&#8221;, uma iniciativa do Conselho Nacional de Justi\u00e7a (CNJ) para a emiss\u00e3o de certid\u00f5es de nascimento para a popula\u00e7\u00e3o em situa\u00e7\u00e3o de vulnerabilidade social. Em Vit\u00f3ria da Conquista, a a\u00e7\u00e3o acontecer\u00e1 na Prefeitura da Zona Oeste, no Centro Cultural Glauber Rocha, &hellip;<\/p>\n","protected":false},"author":3,"featured_media":7337,"comment_status":"closed","ping_status":"closed","sticky":false,"template":"","format":"standard","meta":{"_links_to":"","_links_to_target":""},"categories":[22],"tags":[],"_links":{"self":[{"href":"https:\/\/www.didasantos.com.br\/v1\/wp-json\/wp\/v2\/posts\/7336"}],"collection":[{"href":"https:\/\/www.didasantos.com.br\/v1\/wp-json\/wp\/v2\/posts"}],"about":[{"href":"https:\/\/www.didasantos.com.br\/v1\/wp-json\/wp\/v2\/types\/post"}],"author":[{"embeddable":true,"href":"https:\/\/www.didasantos.com.br\/v1\/wp-json\/wp\/v2\/users\/3"}],"replies":[{"embeddable":true,"href":"https:\/\/www.didasantos.com.br\/v1\/wp-json\/wp\/v2\/comments?post=7336"}],"version-history":[{"count":1,"href":"https:\/\/www.didasantos.com.br\/v1\/wp-json\/wp\/v2\/posts\/7336\/revisions"}],"predecessor-version":[{"id":7338,"href":"https:\/\/www.didasantos.com.br\/v1\/wp-json\/wp\/v2\/posts\/7336\/revisions\/7338"}],"wp:featuredmedia":[{"embeddable":true,"href":"https:\/\/www.didasantos.com.br\/v1\/wp-json\/wp\/v2\/media\/7337"}],"wp:attachment":[{"href":"https:\/\/www.didasantos.com.br\/v1\/wp-json\/wp\/v2\/media?parent=7336"}],"wp:term":[{"taxonomy":"category","embeddable":true,"href":"https:\/\/www.didasantos.com.br\/v1\/wp-json\/wp\/v2\/categories?post=7336"},{"taxonomy":"post_tag","embeddable":true,"href":"https:\/\/www.didasantos.com.br\/v1\/wp-json\/wp\/v2\/tags?post=7336"}],"curies":[{"name":"wp","href":"https:\/\/api.w.org\/{rel}","templated":true}]}}