{"id":7350,"date":"2023-05-06T20:08:42","date_gmt":"2023-05-06T23:08:42","guid":{"rendered":"https:\/\/www.didasantos.com.br\/v1\/?p=7350"},"modified":"2023-05-06T20:08:42","modified_gmt":"2023-05-06T23:08:42","slug":"vitoria-da-conquista-e-oficialmente-incluida-no-roteiro-turistico-brasileiro","status":"publish","type":"post","link":"https:\/\/www.didasantos.com.br\/v1\/2023\/05\/06\/vitoria-da-conquista-e-oficialmente-incluida-no-roteiro-turistico-brasileiro\/","title":{"rendered":"Vit\u00f3ria da Conquista \u00e9 oficialmente inclu\u00edda no roteiro tur\u00edstico brasileiro."},"content":{"rendered":"<p>Na \u00faltima sexta-feira, dia 5, a prefeita de Vit\u00f3ria da Conquista, Sheila Lemos, encerrou a segunda edi\u00e7\u00e3o do Semin\u00e1rio Regional de Desenvolvimento Econ\u00f4mico ao receber o certificado da Embratur, que oficializa a inser\u00e7\u00e3o da cidade no mapa federal do turismo.<\/p>\n<p><img decoding=\"async\" loading=\"lazy\" class=\"alignnone size-full wp-image-7353\" src=\"https:\/\/www.didasantos.com.br\/v1\/wp-content\/uploads\/2023\/05\/Encerramento-do-2o-Seminario-de-Desenvolvimento-Economico-15-e1683324592936-422x315-1.jpg\" alt=\"\" width=\"422\" height=\"315\" srcset=\"https:\/\/www.didasantos.com.br\/v1\/wp-content\/uploads\/2023\/05\/Encerramento-do-2o-Seminario-de-Desenvolvimento-Economico-15-e1683324592936-422x315-1.jpg 422w, https:\/\/www.didasantos.com.br\/v1\/wp-content\/uploads\/2023\/05\/Encerramento-do-2o-Seminario-de-Desenvolvimento-Economico-15-e1683324592936-422x315-1-300x224.jpg 300w\" sizes=\"(max-width: 422px) 100vw, 422px\" \/><\/p>\n<p>Durante o evento, foi entregue tamb\u00e9m a vers\u00e3o final do Plano Municipal de Turismo (Planturis), elaborado em 2022 com o objetivo de colocar Vit\u00f3ria da Conquista na rota tur\u00edstica, al\u00e9m de possibilitar o acesso a editais espec\u00edficos abertos pelo Minist\u00e9rio do Turismo e a abertura de oportunidades para empres\u00e1rios locais do setor de turismo. Outro destaque foi a discuss\u00e3o sobre o Polo T\u00eaxtil de Vit\u00f3ria da Conquista, que tem como principal impacto a gera\u00e7\u00e3o de milhares de novos empregos.<\/p>\n<p><img decoding=\"async\" loading=\"lazy\" class=\"alignnone  wp-image-7351\" src=\"https:\/\/www.didasantos.com.br\/v1\/wp-content\/uploads\/2023\/05\/2\u00b0-Seminario-Regional-de-Desenvolvimento-Economico-05-05-2023-1-1020x680-1.jpg\" alt=\"\" width=\"422\" height=\"281\" srcset=\"https:\/\/www.didasantos.com.br\/v1\/wp-content\/uploads\/2023\/05\/2\u00b0-Seminario-Regional-de-Desenvolvimento-Economico-05-05-2023-1-1020x680-1.jpg 770w, https:\/\/www.didasantos.com.br\/v1\/wp-content\/uploads\/2023\/05\/2\u00b0-Seminario-Regional-de-Desenvolvimento-Economico-05-05-2023-1-1020x680-1-300x200.jpg 300w, https:\/\/www.didasantos.com.br\/v1\/wp-content\/uploads\/2023\/05\/2\u00b0-Seminario-Regional-de-Desenvolvimento-Economico-05-05-2023-1-1020x680-1-768x512.jpg 768w\" sizes=\"(max-width: 422px) 100vw, 422px\" \/><\/p>\n<p>A prefeita destacou a import\u00e2ncia da conectividade entre as cidades da regi\u00e3o Sudoeste e da Sala da Mulher Empreendedora, que apoia mulheres que desejam come\u00e7ar seus neg\u00f3cios. O prefeito de Maca\u00fabas tamb\u00e9m defendeu a integra\u00e7\u00e3o dos munic\u00edpios para potencializar o Polo T\u00eaxtil e outras \u00e1reas, como o turismo. Foram abordados ainda temas como empreendedorismo, desenvolvimento econ\u00f4mico e rural, pol\u00edticas p\u00fablicas e mobiliza\u00e7\u00e3o do Sistema S para capacita\u00e7\u00e3o da m\u00e3o de obra local.<\/p>\n<p>Fonte: www.pmvc.ba.gov.br<\/p>\n<p><img decoding=\"async\" loading=\"lazy\" class=\"alignnone  wp-image-7352\" src=\"https:\/\/www.didasantos.com.br\/v1\/wp-content\/uploads\/2023\/05\/Encerramento-do-2o-Seminario-de-Desenvolvimento-Economico-13-473x315-1.jpg\" alt=\"\" width=\"431\" height=\"287\" srcset=\"https:\/\/www.didasantos.com.br\/v1\/wp-content\/uploads\/2023\/05\/Encerramento-do-2o-Seminario-de-Desenvolvimento-Economico-13-473x315-1.jpg 473w, https:\/\/www.didasantos.com.br\/v1\/wp-content\/uploads\/2023\/05\/Encerramento-do-2o-Seminario-de-Desenvolvimento-Economico-13-473x315-1-300x200.jpg 300w\" sizes=\"(max-width: 431px) 100vw, 431px\" \/><\/p>\n","protected":false},"excerpt":{"rendered":"<p>Na \u00faltima sexta-feira, dia 5, a prefeita de Vit\u00f3ria da Conquista, Sheila Lemos, encerrou a segunda edi\u00e7\u00e3o do Semin\u00e1rio Regional de Desenvolvimento Econ\u00f4mico ao receber o certificado da Embratur, que oficializa a inser\u00e7\u00e3o da cidade no mapa federal do turismo. Durante o evento, foi entregue tamb\u00e9m a vers\u00e3o final do Plano Municipal de Turismo (Planturis), &hellip;<\/p>\n","protected":false},"author":3,"featured_media":7354,"comment_status":"closed","ping_status":"closed","sticky":false,"template":"","format":"standard","meta":{"_links_to":"","_links_to_target":""},"categories":[22],"tags":[],"_links":{"self":[{"href":"https:\/\/www.didasantos.com.br\/v1\/wp-json\/wp\/v2\/posts\/7350"}],"collection":[{"href":"https:\/\/www.didasantos.com.br\/v1\/wp-json\/wp\/v2\/posts"}],"about":[{"href":"https:\/\/www.didasantos.com.br\/v1\/wp-json\/wp\/v2\/types\/post"}],"author":[{"embeddable":true,"href":"https:\/\/www.didasantos.com.br\/v1\/wp-json\/wp\/v2\/users\/3"}],"replies":[{"embeddable":true,"href":"https:\/\/www.didasantos.com.br\/v1\/wp-json\/wp\/v2\/comments?post=7350"}],"version-history":[{"count":1,"href":"https:\/\/www.didasantos.com.br\/v1\/wp-json\/wp\/v2\/posts\/7350\/revisions"}],"predecessor-version":[{"id":7355,"href":"https:\/\/www.didasantos.com.br\/v1\/wp-json\/wp\/v2\/posts\/7350\/revisions\/7355"}],"wp:featuredmedia":[{"embeddable":true,"href":"https:\/\/www.didasantos.com.br\/v1\/wp-json\/wp\/v2\/media\/7354"}],"wp:attachment":[{"href":"https:\/\/www.didasantos.com.br\/v1\/wp-json\/wp\/v2\/media?parent=7350"}],"wp:term":[{"taxonomy":"category","embeddable":true,"href":"https:\/\/www.didasantos.com.br\/v1\/wp-json\/wp\/v2\/categories?post=7350"},{"taxonomy":"post_tag","embeddable":true,"href":"https:\/\/www.didasantos.com.br\/v1\/wp-json\/wp\/v2\/tags?post=7350"}],"curies":[{"name":"wp","href":"https:\/\/api.w.org\/{rel}","templated":true}]}}