{"id":7729,"date":"2023-05-23T11:36:22","date_gmt":"2023-05-23T14:36:22","guid":{"rendered":"https:\/\/www.didasantos.com.br\/v1\/?p=7729"},"modified":"2023-05-23T11:36:22","modified_gmt":"2023-05-23T14:36:22","slug":"urgente-valdinei-e-vitima-de-homicidio-por-facadas-suspeito-do-crime-e-detido-e-levado-ao-disep","status":"publish","type":"post","link":"https:\/\/www.didasantos.com.br\/v1\/2023\/05\/23\/urgente-valdinei-e-vitima-de-homicidio-por-facadas-suspeito-do-crime-e-detido-e-levado-ao-disep\/","title":{"rendered":"Urgente: Valdinei \u00e9 v\u00edtima de homic\u00eddio por facadas; suspeito do crime \u00e9 detido e levado ao DISEP"},"content":{"rendered":"<p>Na noite desta segunda-feira (22), por volta das 20h13min, a equipe de servi\u00e7o em Po\u00e7\u00f5es recebeu um chamado da Central de Opera\u00e7\u00f5es para investigar uma den\u00fancia de um poss\u00edvel homic\u00eddio por arma branca no endere\u00e7o informado.<\/p>\n<p>Ao chegar ao local mencionado na den\u00fancia, os policiais confirmaram a veracidade dos eventos. A v\u00edtima, identificada como Valdinei Sousa da Silva, de 51 anos, foi reconhecida pela equipe m\u00e9dica do SAMU, que j\u00e1 estava presente.<\/p>\n<p>Ap\u00f3s a constata\u00e7\u00e3o dos fatos, o Departamento de Pol\u00edcia T\u00e9cnica (DPT) foi acionado para realizar a per\u00edcia e a remo\u00e7\u00e3o do corpo.<\/p>\n<p>Ap\u00f3s investiga\u00e7\u00f5es, as autoridades localizaram e prenderam o respons\u00e1vel pelo homic\u00eddio, apreendendo a faca utilizada no crime. O indiv\u00edduo foi encaminhado ao DISEP, onde as medidas judiciais adequadas ser\u00e3o tomadas pela autoridade policial competente.<\/p>\n<p>Fonte: Blog do Sena<\/p>\n","protected":false},"excerpt":{"rendered":"<p>Na noite desta segunda-feira (22), por volta das 20h13min, a equipe de servi\u00e7o em Po\u00e7\u00f5es recebeu um chamado da Central de Opera\u00e7\u00f5es para investigar uma den\u00fancia de um poss\u00edvel homic\u00eddio por arma branca no endere\u00e7o informado. Ao chegar ao local mencionado na den\u00fancia, os policiais confirmaram a veracidade dos eventos. A v\u00edtima, identificada como Valdinei &hellip;<\/p>\n","protected":false},"author":3,"featured_media":7730,"comment_status":"closed","ping_status":"closed","sticky":false,"template":"","format":"standard","meta":{"_links_to":"","_links_to_target":""},"categories":[21],"tags":[],"_links":{"self":[{"href":"https:\/\/www.didasantos.com.br\/v1\/wp-json\/wp\/v2\/posts\/7729"}],"collection":[{"href":"https:\/\/www.didasantos.com.br\/v1\/wp-json\/wp\/v2\/posts"}],"about":[{"href":"https:\/\/www.didasantos.com.br\/v1\/wp-json\/wp\/v2\/types\/post"}],"author":[{"embeddable":true,"href":"https:\/\/www.didasantos.com.br\/v1\/wp-json\/wp\/v2\/users\/3"}],"replies":[{"embeddable":true,"href":"https:\/\/www.didasantos.com.br\/v1\/wp-json\/wp\/v2\/comments?post=7729"}],"version-history":[{"count":1,"href":"https:\/\/www.didasantos.com.br\/v1\/wp-json\/wp\/v2\/posts\/7729\/revisions"}],"predecessor-version":[{"id":7731,"href":"https:\/\/www.didasantos.com.br\/v1\/wp-json\/wp\/v2\/posts\/7729\/revisions\/7731"}],"wp:featuredmedia":[{"embeddable":true,"href":"https:\/\/www.didasantos.com.br\/v1\/wp-json\/wp\/v2\/media\/7730"}],"wp:attachment":[{"href":"https:\/\/www.didasantos.com.br\/v1\/wp-json\/wp\/v2\/media?parent=7729"}],"wp:term":[{"taxonomy":"category","embeddable":true,"href":"https:\/\/www.didasantos.com.br\/v1\/wp-json\/wp\/v2\/categories?post=7729"},{"taxonomy":"post_tag","embeddable":true,"href":"https:\/\/www.didasantos.com.br\/v1\/wp-json\/wp\/v2\/tags?post=7729"}],"curies":[{"name":"wp","href":"https:\/\/api.w.org\/{rel}","templated":true}]}}