{"id":7886,"date":"2023-05-31T16:01:03","date_gmt":"2023-05-31T19:01:03","guid":{"rendered":"https:\/\/www.didasantos.com.br\/v1\/?p=7886"},"modified":"2023-05-31T16:01:03","modified_gmt":"2023-05-31T19:01:03","slug":"com-recursos-do-finisa-prefeitura-melhorou-infraestrutura-de-varios-bairros-e-povoados-do-municipio","status":"publish","type":"post","link":"https:\/\/www.didasantos.com.br\/v1\/2023\/05\/31\/com-recursos-do-finisa-prefeitura-melhorou-infraestrutura-de-varios-bairros-e-povoados-do-municipio\/","title":{"rendered":"Com recursos do Finisa, Prefeitura melhorou infraestrutura de v\u00e1rios bairros e povoados do munic\u00edpio"},"content":{"rendered":"<p>Investir em obras que melhoram significativamente a qualidade de vida da popula\u00e7\u00e3o de Vit\u00f3ria da Conquista. Foi com esse prop\u00f3sito que a Prefeitura obteve junto \u00e0 Caixa Econ\u00f4mica Federal, o Financiamento \u00e0 Infraestrutura e ao Saneamento (Finisa I, Finisa II,\u00a0 e Finisa Ilumina), que permitiu \u00e0 gest\u00e3o municipal aplicar R$ 55 milh\u00f5es em obras em diferentes pontos da cidade, e melhorar a infraestrutura de v\u00e1rios bairros.<\/p>\n<p>Deste valor, R$ 10 milh\u00f5es foram direcionados pelo Finisa Ilumina \u00e0 moderniza\u00e7\u00e3o, expans\u00e3o e melhoria de efici\u00eancia da rede de ilumina\u00e7\u00e3o p\u00fablica do munic\u00edpio. Diretamente ligada a esse objetivo foi executada a substitui\u00e7\u00e3o de mais de 8 mil l\u00e2mpadas comuns de vapor de s\u00f3dio por l\u00e2mpadas de LED, em diferentes pontos das zonas urbana e rural, entre outras melhorias.<\/p>\n<p>Os outros R$ 45 milh\u00f5es foram distribu\u00eddos na gest\u00e3o integral de res\u00edduos s\u00f3lidos do Aterro Sanit\u00e1rio; na pavimenta\u00e7\u00e3o e melhoria do sistema vi\u00e1rio de localidades das zonas rural e urbana, como nos bairros\u00a0<a href=\"https:\/\/www.pmvc.ba.gov.br\/pavimentacao-e-drenagem-do-recanto-das-aguas-obras-ja-estao-em-fase-final\/\">Recanto das \u00c1guas,<\/a>\u00a0<a href=\"https:\/\/www.pmvc.ba.gov.br\/prefeitura-segue-com-obras-de-pavimentacao-no-conveima-i\/\">Conveima<\/a>, Pradoso, Cabeceira, Henriqueta Prates, Campinhos, o Parque Ambiental (Orquid\u00e1rio e Catedral de Flores) e no\u00a0<a href=\"https:\/\/www.pmvc.ba.gov.br\/prefeitura-faz-obra-de-melhorias-em-mais-um-trecho-de-itaipu\/\">povoado de Itaipu<\/a>; e na constru\u00e7\u00e3o, urbaniza\u00e7\u00e3o e requalifica\u00e7\u00e3o de espa\u00e7os p\u00fablicos, a exemplo das pra\u00e7as do Caj\u00e1 e Desembargador M\u00e1rmore Neto.<\/p>\n<div id=\"gallery-5\" class=\"gallery galleryid-292382 gallery-columns-2 gallery-size-large\">\n<dl class=\"gallery-item\">\n<dt class=\"gallery-icon landscape\"><a class=\"cboxElement\" href=\"https:\/\/www.pmvc.ba.gov.br\/wp-content\/uploads\/SC2_3385-2-1020x680-1.jpg\"><img decoding=\"async\" loading=\"lazy\" class=\"attachment-large size-large colorbox-292382 \" src=\"https:\/\/www.pmvc.ba.gov.br\/wp-content\/uploads\/SC2_3385-2-1020x680-1-1020x680.jpg\" sizes=\"(max-width: 1020px) 100vw, 1020px\" srcset=\"https:\/\/www.pmvc.ba.gov.br\/wp-content\/uploads\/SC2_3385-2-1020x680-1.jpg 1020w, https:\/\/www.pmvc.ba.gov.br\/wp-content\/uploads\/SC2_3385-2-1020x680-1-200x133.jpg 200w, https:\/\/www.pmvc.ba.gov.br\/wp-content\/uploads\/SC2_3385-2-1020x680-1-473x315.jpg 473w, https:\/\/www.pmvc.ba.gov.br\/wp-content\/uploads\/SC2_3385-2-1020x680-1-768x512.jpg 768w, https:\/\/www.pmvc.ba.gov.br\/wp-content\/uploads\/SC2_3385-2-1020x680-1-680x452.jpg 680w\" alt=\"\" width=\"1020\" height=\"680\" aria-describedby=\"gallery-5-292406\" \/><\/a><\/dt>\n<dd id=\"gallery-5-292406\" class=\"wp-caption-text gallery-caption\">Pra\u00e7a do Caj\u00e1<\/dd>\n<\/dl>\n<dl class=\"gallery-item\">\n<dt class=\"gallery-icon landscape\"><a class=\"cboxElement\" href=\"https:\/\/www.pmvc.ba.gov.br\/wp-content\/uploads\/SC2_3358-2.jpg\"><img decoding=\"async\" loading=\"lazy\" class=\"attachment-large size-large colorbox-292382 \" src=\"https:\/\/www.pmvc.ba.gov.br\/wp-content\/uploads\/SC2_3358-2-1020x680.jpg\" sizes=\"(max-width: 1020px) 100vw, 1020px\" srcset=\"https:\/\/www.pmvc.ba.gov.br\/wp-content\/uploads\/SC2_3358-2-1020x680.jpg 1020w, https:\/\/www.pmvc.ba.gov.br\/wp-content\/uploads\/SC2_3358-2-200x133.jpg 200w, https:\/\/www.pmvc.ba.gov.br\/wp-content\/uploads\/SC2_3358-2-473x315.jpg 473w, https:\/\/www.pmvc.ba.gov.br\/wp-content\/uploads\/SC2_3358-2-768x512.jpg 768w, https:\/\/www.pmvc.ba.gov.br\/wp-content\/uploads\/SC2_3358-2-680x452.jpg 680w, https:\/\/www.pmvc.ba.gov.br\/wp-content\/uploads\/SC2_3358-2.jpg 1200w\" alt=\"\" width=\"1020\" height=\"680\" aria-describedby=\"gallery-5-292405\" \/><\/a><\/dt>\n<dd id=\"gallery-5-292405\" class=\"wp-caption-text gallery-caption\">foi requalificada<\/dd>\n<\/dl>\n<\/div>\n<p>\u201cNossa cidade tem grandes demandas de infraestrutura, problemas hist\u00f3ricos que s\u00e3o muito caros de resolver e que nenhum gestor consegue dar uma resposta de uma \u00fanica vez, mas \u00e9 nosso dever buscar condi\u00e7\u00f5es para apresentar as solu\u00e7\u00f5es que a popula\u00e7\u00e3o espera. O governo de Herzem Gusm\u00e3o e Irma Lemos conseguiu este financiamento e deu um passo importante para atender aos bairros\u201d, assegurou a prefeita Sheila Lemos.<\/p>\n<p><strong>Finisa II \u2013<\/strong>\u00a0Tamb\u00e9m junto \u00e0 Caixa Econ\u00f4mica Federal, por meio do Finisa II, o governo est\u00e1 investindo mais R$ 50 milh\u00f5es na cidade. Boa parte das obras viabilizadas por meio deste investimento j\u00e1 est\u00e3o 100% executadas. Uma delas \u00e9 a Esta\u00e7\u00e3o Herzem Gusm\u00e3o, constru\u00edda no lugar do antigo terminal de \u00f4nibus para proporcionar maior comodidade e acessibilidade aos usu\u00e1rios do transporte coletivo.<\/p>\n<div id=\"gallery-6\" class=\"gallery galleryid-292382 gallery-columns-2 gallery-size-large\">\n<dl class=\"gallery-item\">\n<dt class=\"gallery-icon landscape\"><a class=\"cboxElement\" href=\"https:\/\/www.pmvc.ba.gov.br\/wp-content\/uploads\/WhatsApp-Image-2021-06-02-at-2.44.36-PM-e1622672194434-1.jpeg\"><img decoding=\"async\" loading=\"lazy\" class=\"attachment-large size-large colorbox-292382 \" src=\"https:\/\/www.pmvc.ba.gov.br\/wp-content\/uploads\/WhatsApp-Image-2021-06-02-at-2.44.36-PM-e1622672194434-1-1019x680.jpeg\" sizes=\"(max-width: 1019px) 100vw, 1019px\" srcset=\"https:\/\/www.pmvc.ba.gov.br\/wp-content\/uploads\/WhatsApp-Image-2021-06-02-at-2.44.36-PM-e1622672194434-1-1019x680.jpeg 1019w, https:\/\/www.pmvc.ba.gov.br\/wp-content\/uploads\/WhatsApp-Image-2021-06-02-at-2.44.36-PM-e1622672194434-1-200x133.jpeg 200w, https:\/\/www.pmvc.ba.gov.br\/wp-content\/uploads\/WhatsApp-Image-2021-06-02-at-2.44.36-PM-e1622672194434-1-472x315.jpeg 472w, https:\/\/www.pmvc.ba.gov.br\/wp-content\/uploads\/WhatsApp-Image-2021-06-02-at-2.44.36-PM-e1622672194434-1-768x512.jpeg 768w, https:\/\/www.pmvc.ba.gov.br\/wp-content\/uploads\/WhatsApp-Image-2021-06-02-at-2.44.36-PM-e1622672194434-1.jpeg 1280w\" alt=\"\" width=\"1019\" height=\"680\" aria-describedby=\"gallery-6-292390\" \/><\/a><\/dt>\n<dd id=\"gallery-6-292390\" class=\"wp-caption-text gallery-caption\">Esta\u00e7\u00e3o Herzem Gusm\u00e3o<\/dd>\n<\/dl>\n<dl class=\"gallery-item\">\n<dt class=\"gallery-icon landscape\"><a class=\"cboxElement\" href=\"https:\/\/www.pmvc.ba.gov.br\/wp-content\/uploads\/operacao_estacao6-1.jpg\"><img decoding=\"async\" loading=\"lazy\" class=\"attachment-large size-large colorbox-292382 \" src=\"https:\/\/www.pmvc.ba.gov.br\/wp-content\/uploads\/operacao_estacao6-1-1020x680.jpg\" sizes=\"(max-width: 1020px) 100vw, 1020px\" srcset=\"https:\/\/www.pmvc.ba.gov.br\/wp-content\/uploads\/operacao_estacao6-1-1020x680.jpg 1020w, https:\/\/www.pmvc.ba.gov.br\/wp-content\/uploads\/operacao_estacao6-1-200x133.jpg 200w, https:\/\/www.pmvc.ba.gov.br\/wp-content\/uploads\/operacao_estacao6-1-473x315.jpg 473w, https:\/\/www.pmvc.ba.gov.br\/wp-content\/uploads\/operacao_estacao6-1-768x512.jpg 768w, https:\/\/www.pmvc.ba.gov.br\/wp-content\/uploads\/operacao_estacao6-1-680x452.jpg 680w, https:\/\/www.pmvc.ba.gov.br\/wp-content\/uploads\/operacao_estacao6-1.jpg 1200w\" alt=\"\" width=\"1020\" height=\"680\" \/><\/a><\/dt>\n<\/dl>\n<\/div>\n<p>Al\u00e9m disso, o recurso permitiu o t\u00e3o sonhado asfalto em muitas localidades perif\u00e9ricas da cidade, como o Conjunto da Vit\u00f3ria, Renato Magalh\u00e3es e Nossa Senhora Aparecida. No Bruno Bacelar, j\u00e1 foram executados 70% dos servi\u00e7os de pavimenta\u00e7\u00e3o e melhorias no sistema vi\u00e1rio.<\/p>\n<div id=\"gallery-7\" class=\"gallery galleryid-292382 gallery-columns-2 gallery-size-large\">\n<dl class=\"gallery-item\">\n<dt class=\"gallery-icon landscape\"><a class=\"cboxElement\" href=\"https:\/\/www.pmvc.ba.gov.br\/wp-content\/uploads\/WhatsApp-Image-2023-03-06-at-17.15.33-1-1024x576-1.jpeg\"><img decoding=\"async\" loading=\"lazy\" class=\"attachment-large size-large colorbox-292382 \" src=\"https:\/\/www.pmvc.ba.gov.br\/wp-content\/uploads\/WhatsApp-Image-2023-03-06-at-17.15.33-1-1024x576-1-1024x576.jpeg\" sizes=\"(max-width: 1024px) 100vw, 1024px\" srcset=\"https:\/\/www.pmvc.ba.gov.br\/wp-content\/uploads\/WhatsApp-Image-2023-03-06-at-17.15.33-1-1024x576-1.jpeg 1024w, https:\/\/www.pmvc.ba.gov.br\/wp-content\/uploads\/WhatsApp-Image-2023-03-06-at-17.15.33-1-1024x576-1-560x315.jpeg 560w, https:\/\/www.pmvc.ba.gov.br\/wp-content\/uploads\/WhatsApp-Image-2023-03-06-at-17.15.33-1-1024x576-1-768x432.jpeg 768w\" alt=\"\" width=\"1024\" height=\"576\" aria-describedby=\"gallery-7-292388\" \/><\/a><\/dt>\n<dd id=\"gallery-7-292388\" class=\"wp-caption-text gallery-caption\">Est\u00e1dio Municipal da Zona Oeste<\/dd>\n<\/dl>\n<dl class=\"gallery-item\">\n<dt class=\"gallery-icon landscape\"><a class=\"cboxElement\" href=\"https:\/\/www.pmvc.ba.gov.br\/wp-content\/uploads\/WhatsApp-Image-2023-02-16-at-11.47.13-1024x576-1.jpeg\"><img decoding=\"async\" loading=\"lazy\" class=\"attachment-large size-large colorbox-292382 \" src=\"https:\/\/www.pmvc.ba.gov.br\/wp-content\/uploads\/WhatsApp-Image-2023-02-16-at-11.47.13-1024x576-1-1024x576.jpeg\" sizes=\"(max-width: 1024px) 100vw, 1024px\" srcset=\"https:\/\/www.pmvc.ba.gov.br\/wp-content\/uploads\/WhatsApp-Image-2023-02-16-at-11.47.13-1024x576-1.jpeg 1024w, https:\/\/www.pmvc.ba.gov.br\/wp-content\/uploads\/WhatsApp-Image-2023-02-16-at-11.47.13-1024x576-1-560x315.jpeg 560w, https:\/\/www.pmvc.ba.gov.br\/wp-content\/uploads\/WhatsApp-Image-2023-02-16-at-11.47.13-1024x576-1-768x432.jpeg 768w\" alt=\"\" width=\"1024\" height=\"576\" aria-describedby=\"gallery-7-292387\" \/><\/a><\/dt>\n<dd id=\"gallery-7-292387\" class=\"wp-caption-text gallery-caption\">ganhou campo de gramado sint\u00e9tico<\/dd>\n<\/dl>\n<\/div>\n<p>Tamb\u00e9m foram destinados investimentos para recuperar o pontilh\u00e3o da Avenida Marcelino Rosa, fechar o canal da Avenida Ol\u00edvia Flores, a realiza\u00e7\u00e3o da drenagem do Alto do Panorama, bem como para a revitaliza\u00e7\u00e3o do Est\u00e1dio Municipal da Zona Oeste, mais conhecido como Muril\u00e3o.<\/p>\n<p>A prefeita Sheila Lemos destacou que os recursos do Finisa foram investidos de forma respons\u00e1vel e com a devida transpar\u00eancia, dentro daquilo que estava previsto nos projetos. \u201cA gente pode comprovar onde cada centavo foi ou est\u00e1 sendo investido, porque temos compromisso com o dinheiro p\u00fablico. E a popula\u00e7\u00e3o pode ter certeza de que todo o recurso que chega ao munic\u00edpio, seja por meio dos impostos, de emendas, conv\u00eanios ou financiamentos, s\u00e3o investidos da maneira correta e atendendo os prazos contratuais\u201d, disse.<\/p>\n<div id=\"gallery-8\" class=\"gallery galleryid-292382 gallery-columns-2 gallery-size-large\">\n<dl class=\"gallery-item\">\n<dt class=\"gallery-icon landscape\"><a class=\"cboxElement\" href=\"https:\/\/www.pmvc.ba.gov.br\/wp-content\/uploads\/WhatsApp-Image-2022-03-28-at-10.25.45-2.jpeg\"><img decoding=\"async\" loading=\"lazy\" class=\"attachment-large size-large colorbox-292382 \" src=\"https:\/\/www.pmvc.ba.gov.br\/wp-content\/uploads\/WhatsApp-Image-2022-03-28-at-10.25.45-2-907x680.jpeg\" sizes=\"(max-width: 907px) 100vw, 907px\" srcset=\"https:\/\/www.pmvc.ba.gov.br\/wp-content\/uploads\/WhatsApp-Image-2022-03-28-at-10.25.45-2-907x680.jpeg 907w, https:\/\/www.pmvc.ba.gov.br\/wp-content\/uploads\/WhatsApp-Image-2022-03-28-at-10.25.45-2-420x315.jpeg 420w, https:\/\/www.pmvc.ba.gov.br\/wp-content\/uploads\/WhatsApp-Image-2022-03-28-at-10.25.45-2-768x576.jpeg 768w, https:\/\/www.pmvc.ba.gov.br\/wp-content\/uploads\/WhatsApp-Image-2022-03-28-at-10.25.45-2.jpeg 1600w\" alt=\"\" width=\"907\" height=\"680\" aria-describedby=\"gallery-8-292384\" \/><\/a><\/dt>\n<dd id=\"gallery-8-292384\" class=\"wp-caption-text gallery-caption\">Fechamento do Canal da<\/dd>\n<\/dl>\n<dl class=\"gallery-item\">\n<dt class=\"gallery-icon landscape\"><a class=\"cboxElement\" href=\"https:\/\/www.pmvc.ba.gov.br\/wp-content\/uploads\/WhatsApp-Image-2022-12-21-at-20.23.17-1.jpeg\"><img decoding=\"async\" loading=\"lazy\" class=\"attachment-large size-large colorbox-292382 \" src=\"https:\/\/www.pmvc.ba.gov.br\/wp-content\/uploads\/WhatsApp-Image-2022-12-21-at-20.23.17-1-907x680.jpeg\" sizes=\"(max-width: 907px) 100vw, 907px\" srcset=\"https:\/\/www.pmvc.ba.gov.br\/wp-content\/uploads\/WhatsApp-Image-2022-12-21-at-20.23.17-1-907x680.jpeg 907w, https:\/\/www.pmvc.ba.gov.br\/wp-content\/uploads\/WhatsApp-Image-2022-12-21-at-20.23.17-1-420x315.jpeg 420w, https:\/\/www.pmvc.ba.gov.br\/wp-content\/uploads\/WhatsApp-Image-2022-12-21-at-20.23.17-1-768x576.jpeg 768w, https:\/\/www.pmvc.ba.gov.br\/wp-content\/uploads\/WhatsApp-Image-2022-12-21-at-20.23.17-1.jpeg 1600w\" alt=\"\" width=\"907\" height=\"680\" aria-describedby=\"gallery-8-292386\" \/><\/a><\/dt>\n<dd id=\"gallery-8-292386\" class=\"wp-caption-text gallery-caption\">Avenida Ol\u00edvia Flores<\/dd>\n<\/dl>\n<\/div>\n","protected":false},"excerpt":{"rendered":"<p>Investir em obras que melhoram significativamente a qualidade de vida da popula\u00e7\u00e3o de Vit\u00f3ria da Conquista. Foi com esse prop\u00f3sito que a Prefeitura obteve junto \u00e0 Caixa Econ\u00f4mica Federal, o Financiamento \u00e0 Infraestrutura e ao Saneamento (Finisa I, Finisa II,\u00a0 e Finisa Ilumina), que permitiu \u00e0 gest\u00e3o municipal aplicar R$ 55 milh\u00f5es em obras em &hellip;<\/p>\n","protected":false},"author":3,"featured_media":7887,"comment_status":"closed","ping_status":"closed","sticky":false,"template":"","format":"standard","meta":{"_links_to":"","_links_to_target":""},"categories":[22],"tags":[],"_links":{"self":[{"href":"https:\/\/www.didasantos.com.br\/v1\/wp-json\/wp\/v2\/posts\/7886"}],"collection":[{"href":"https:\/\/www.didasantos.com.br\/v1\/wp-json\/wp\/v2\/posts"}],"about":[{"href":"https:\/\/www.didasantos.com.br\/v1\/wp-json\/wp\/v2\/types\/post"}],"author":[{"embeddable":true,"href":"https:\/\/www.didasantos.com.br\/v1\/wp-json\/wp\/v2\/users\/3"}],"replies":[{"embeddable":true,"href":"https:\/\/www.didasantos.com.br\/v1\/wp-json\/wp\/v2\/comments?post=7886"}],"version-history":[{"count":1,"href":"https:\/\/www.didasantos.com.br\/v1\/wp-json\/wp\/v2\/posts\/7886\/revisions"}],"predecessor-version":[{"id":7888,"href":"https:\/\/www.didasantos.com.br\/v1\/wp-json\/wp\/v2\/posts\/7886\/revisions\/7888"}],"wp:featuredmedia":[{"embeddable":true,"href":"https:\/\/www.didasantos.com.br\/v1\/wp-json\/wp\/v2\/media\/7887"}],"wp:attachment":[{"href":"https:\/\/www.didasantos.com.br\/v1\/wp-json\/wp\/v2\/media?parent=7886"}],"wp:term":[{"taxonomy":"category","embeddable":true,"href":"https:\/\/www.didasantos.com.br\/v1\/wp-json\/wp\/v2\/categories?post=7886"},{"taxonomy":"post_tag","embeddable":true,"href":"https:\/\/www.didasantos.com.br\/v1\/wp-json\/wp\/v2\/tags?post=7886"}],"curies":[{"name":"wp","href":"https:\/\/api.w.org\/{rel}","templated":true}]}}