{"id":7899,"date":"2023-06-01T11:44:32","date_gmt":"2023-06-01T14:44:32","guid":{"rendered":"https:\/\/www.didasantos.com.br\/v1\/?p=7899"},"modified":"2023-06-01T11:44:32","modified_gmt":"2023-06-01T14:44:32","slug":"nota-de-pesar-falecimento-do-querido-amigo-neto-da-oficina-de-inhobim","status":"publish","type":"post","link":"https:\/\/www.didasantos.com.br\/v1\/2023\/06\/01\/nota-de-pesar-falecimento-do-querido-amigo-neto-da-oficina-de-inhobim\/","title":{"rendered":"Nota de Pesar: Falecimento do Querido Amigo Neto da Oficina de Inhobim"},"content":{"rendered":"<p>\u00c9 com imenso pesar que recebemos a triste not\u00edcia do falecimento do querido amigo Neto da oficina de Inhobim. Sua partida nesta quinta-feira deixa uma lacuna profunda em nossos cora\u00e7\u00f5es e na comunidade em que ele era t\u00e3o conhecido e estimado.<\/p>\n<p>Neto foi uma figura ic\u00f4nica em nossa regi\u00e3o, sendo reconhecido n\u00e3o apenas por seu trabalho na oficina, mas tamb\u00e9m por sua dedica\u00e7\u00e3o \u00e0 sua f\u00e9 como membro da igreja Batista. Sua presen\u00e7a era sempre acolhedora e inspiradora para todos que tiveram o privil\u00e9gio de conhec\u00ea-lo.<\/p>\n<p>Como irm\u00e3o de Paulo, Uilian e Arlidinho da oficina, Neto compartilhava la\u00e7os de sangue e afeto com uma fam\u00edlia que tamb\u00e9m \u00e9 parte importante da nossa comunidade. Seu casamento com Netinha e sua rela\u00e7\u00e3o de genro com Dona L\u00facia demonstravam o quanto ele era amado e valorizado dentro de seu c\u00edrculo familiar.<\/p>\n<p><img decoding=\"async\" loading=\"lazy\" class=\"alignnone wp-image-7901\" src=\"https:\/\/www.didasantos.com.br\/v1\/wp-content\/uploads\/2023\/06\/Nota-de-Pesar-Falecimento-do-Querido-Amigo-Neto-da-Oficina-de-Inhobim_1.jpg\" alt=\"\" width=\"649\" height=\"363\" srcset=\"https:\/\/www.didasantos.com.br\/v1\/wp-content\/uploads\/2023\/06\/Nota-de-Pesar-Falecimento-do-Querido-Amigo-Neto-da-Oficina-de-Inhobim_1.jpg 770w, https:\/\/www.didasantos.com.br\/v1\/wp-content\/uploads\/2023\/06\/Nota-de-Pesar-Falecimento-do-Querido-Amigo-Neto-da-Oficina-de-Inhobim_1-300x168.jpg 300w, https:\/\/www.didasantos.com.br\/v1\/wp-content\/uploads\/2023\/06\/Nota-de-Pesar-Falecimento-do-Querido-Amigo-Neto-da-Oficina-de-Inhobim_1-768x430.jpg 768w\" sizes=\"(max-width: 649px) 100vw, 649px\" \/><\/p>\n<p>Irm\u00e3os de Neto.<\/p>\n<p>Al\u00e9m disso, Neto era um amigo fiel e leal, especialmente pr\u00f3ximo de Dida Santos, com quem compartilhava momentos preciosos de camaradagem e cumplicidade. Sua aus\u00eancia ser\u00e1 sentida por todos que tiveram o privil\u00e9gio de compartilhar sua amizade.<\/p>\n<p>Neste momento de profunda tristeza, prestamos nossas mais sinceras condol\u00eancias \u00e0 fam\u00edlia e aos amigos de Neto. Que encontrem conforto em suas lembran\u00e7as e na certeza de que ele deixou um legado de bondade, amizade e afeto em nossas vidas.<\/p>\n<p>Neto, voc\u00ea ser\u00e1 eternamente lembrado como um ser humano extraordin\u00e1rio, cuja partida deixa um vazio imensur\u00e1vel em nossos cora\u00e7\u00f5es. Descanse em paz, nosso querido amigo.<\/p>\n","protected":false},"excerpt":{"rendered":"<p>\u00c9 com imenso pesar que recebemos a triste not\u00edcia do falecimento do querido amigo Neto da oficina de Inhobim. Sua partida nesta quinta-feira deixa uma lacuna profunda em nossos cora\u00e7\u00f5es e na comunidade em que ele era t\u00e3o conhecido e estimado. Neto foi uma figura ic\u00f4nica em nossa regi\u00e3o, sendo reconhecido n\u00e3o apenas por seu &hellip;<\/p>\n","protected":false},"author":3,"featured_media":7905,"comment_status":"closed","ping_status":"closed","sticky":false,"template":"","format":"standard","meta":{"_links_to":"","_links_to_target":""},"categories":[1],"tags":[],"_links":{"self":[{"href":"https:\/\/www.didasantos.com.br\/v1\/wp-json\/wp\/v2\/posts\/7899"}],"collection":[{"href":"https:\/\/www.didasantos.com.br\/v1\/wp-json\/wp\/v2\/posts"}],"about":[{"href":"https:\/\/www.didasantos.com.br\/v1\/wp-json\/wp\/v2\/types\/post"}],"author":[{"embeddable":true,"href":"https:\/\/www.didasantos.com.br\/v1\/wp-json\/wp\/v2\/users\/3"}],"replies":[{"embeddable":true,"href":"https:\/\/www.didasantos.com.br\/v1\/wp-json\/wp\/v2\/comments?post=7899"}],"version-history":[{"count":2,"href":"https:\/\/www.didasantos.com.br\/v1\/wp-json\/wp\/v2\/posts\/7899\/revisions"}],"predecessor-version":[{"id":7906,"href":"https:\/\/www.didasantos.com.br\/v1\/wp-json\/wp\/v2\/posts\/7899\/revisions\/7906"}],"wp:featuredmedia":[{"embeddable":true,"href":"https:\/\/www.didasantos.com.br\/v1\/wp-json\/wp\/v2\/media\/7905"}],"wp:attachment":[{"href":"https:\/\/www.didasantos.com.br\/v1\/wp-json\/wp\/v2\/media?parent=7899"}],"wp:term":[{"taxonomy":"category","embeddable":true,"href":"https:\/\/www.didasantos.com.br\/v1\/wp-json\/wp\/v2\/categories?post=7899"},{"taxonomy":"post_tag","embeddable":true,"href":"https:\/\/www.didasantos.com.br\/v1\/wp-json\/wp\/v2\/tags?post=7899"}],"curies":[{"name":"wp","href":"https:\/\/api.w.org\/{rel}","templated":true}]}}