{"id":7912,"date":"2023-06-01T12:32:51","date_gmt":"2023-06-01T15:32:51","guid":{"rendered":"https:\/\/www.didasantos.com.br\/v1\/?p=7912"},"modified":"2023-06-01T12:37:43","modified_gmt":"2023-06-01T15:37:43","slug":"prefeitura-prossegue-com-obra-de-recomposicao-na-galeria-de-drenagem-do-bairro-conveima-1","status":"publish","type":"post","link":"https:\/\/www.didasantos.com.br\/v1\/2023\/06\/01\/prefeitura-prossegue-com-obra-de-recomposicao-na-galeria-de-drenagem-do-bairro-conveima-1\/","title":{"rendered":"Prefeitura prossegue com obra de recomposi\u00e7\u00e3o na galeria de drenagem do bairro Conveima 1"},"content":{"rendered":"<p><img decoding=\"async\" loading=\"lazy\" class=\"wp-image-294059 colorbox-294071 alignleft\" src=\"https:\/\/www.pmvc.ba.gov.br\/wp-content\/uploads\/Drenagem-no-Conveima-31-05-2-1020x680.jpg\" sizes=\"(max-width: 1020px) 100vw, 1020px\" srcset=\"https:\/\/www.pmvc.ba.gov.br\/wp-content\/uploads\/Drenagem-no-Conveima-31-05-2-1020x680.jpg 1020w, https:\/\/www.pmvc.ba.gov.br\/wp-content\/uploads\/Drenagem-no-Conveima-31-05-2-200x133.jpg 200w, https:\/\/www.pmvc.ba.gov.br\/wp-content\/uploads\/Drenagem-no-Conveima-31-05-2-473x315.jpg 473w, https:\/\/www.pmvc.ba.gov.br\/wp-content\/uploads\/Drenagem-no-Conveima-31-05-2-768x512.jpg 768w, https:\/\/www.pmvc.ba.gov.br\/wp-content\/uploads\/Drenagem-no-Conveima-31-05-2-680x452.jpg 680w, https:\/\/www.pmvc.ba.gov.br\/wp-content\/uploads\/Drenagem-no-Conveima-31-05-2.jpg 1200w\" alt=\"\" width=\"567\" height=\"378\" \/><\/p>\n<p>&nbsp;<\/p>\n<p>&nbsp;<\/p>\n<p>&nbsp;<\/p>\n<p>&nbsp;<\/p>\n<p>&nbsp;<\/p>\n<p>&nbsp;<\/p>\n<p>&nbsp;<\/p>\n<p>&nbsp;<\/p>\n<p>A Prefeitura de Vit\u00f3ria da Conquista segue com a obra de recomposi\u00e7\u00e3o da galeria de drenagem situada na avenida Rio de Janeiro, no bairro Conveima 1, iniciada no dia 23 de maio. Atualmente, a equipe da Secretaria Municipal de Infraestrutura Urbana (Seinfra) trabalha na base da estrutura.<\/p>\n<p>A interven\u00e7\u00e3o, que faz parte do conjunto de obras destinadas a reverter os preju\u00edzos causados pelas chuvas em v\u00e1rias partes da cidade, dever\u00e1 tornar as estruturas dessas galerias mais resistentes e adequadas para o tipo de drenagem a que elas se destinam.<\/p>\n<p>No caso da galeria da avenida Rio de Janeiro, ser\u00e1 constru\u00edda uma caixa no ponto de ruptura e a interven\u00e7\u00e3o vai abranger toda a estrutura da base, das paredes da galeria e da laje, com todas as especifica\u00e7\u00f5es t\u00e9cnicas necess\u00e1rias para garantir mais seguran\u00e7a \u00e0 regi\u00e3o contemplada pela galeria.<\/p>\n<p><img decoding=\"async\" loading=\"lazy\" class=\"wp-image-294060 colorbox-294071 alignleft\" src=\"https:\/\/www.pmvc.ba.gov.br\/wp-content\/uploads\/Drenagem-no-Conveima-31-05-3-1020x680.jpg\" sizes=\"(max-width: 1020px) 100vw, 1020px\" srcset=\"https:\/\/www.pmvc.ba.gov.br\/wp-content\/uploads\/Drenagem-no-Conveima-31-05-3-1020x680.jpg 1020w, https:\/\/www.pmvc.ba.gov.br\/wp-content\/uploads\/Drenagem-no-Conveima-31-05-3-200x133.jpg 200w, https:\/\/www.pmvc.ba.gov.br\/wp-content\/uploads\/Drenagem-no-Conveima-31-05-3-473x315.jpg 473w, https:\/\/www.pmvc.ba.gov.br\/wp-content\/uploads\/Drenagem-no-Conveima-31-05-3-768x512.jpg 768w, https:\/\/www.pmvc.ba.gov.br\/wp-content\/uploads\/Drenagem-no-Conveima-31-05-3-680x452.jpg 680w, https:\/\/www.pmvc.ba.gov.br\/wp-content\/uploads\/Drenagem-no-Conveima-31-05-3.jpg 1200w\" alt=\"\" width=\"536\" height=\"357\" \/><\/p>\n<p>&nbsp;<\/p>\n<p>&nbsp;<\/p>\n<p>&nbsp;<\/p>\n<p>&nbsp;<\/p>\n<p>&nbsp;<\/p>\n<p>&nbsp;<\/p>\n<p>&nbsp;<\/p>\n<p>&nbsp;<\/p>\n<p>A Prefeitura j\u00e1 realizou duas obras de drenagem na galeria que abrange a principal avenida do Conveima 1.<\/p>\n<p>A mais recente delas foi conclu\u00edda em 2016 \u2013 e foi justamente essa estrutura que acabou sofrendo um rompimento, devido \u00e0 intensidade das chuvas. O problema afetou toda a rede de drenagem daquela regi\u00e3o. \u201cComo \u00e9 um material que n\u00e3o pode sofrer nenhum tipo de emenda, n\u00e3o podemos fazer a recomposi\u00e7\u00e3o com o mesmo material. Estamos construindo uma galeria, exatamente para que a gente fa\u00e7a a conex\u00e3o entre os trechos j\u00e1 existentes e n\u00e3o seja preciso fazer uma substitui\u00e7\u00e3o de toda a drenagem existente. Estamos trabalhando agora no sentido de fazer essa recomposi\u00e7\u00e3o para conseguir restabelecer a normalidade naquele trecho\u201d, explica o secret\u00e1rio municipal de Infraestrutura Urbana, Jackson Yoshiura.<\/p>\n<p>Trata-se de uma interven\u00e7\u00e3o priorit\u00e1ria do Governo Municipal, j\u00e1 que, por ser um dos bra\u00e7os do bin\u00e1rio da avenida Integra\u00e7\u00e3o, a avenida Rio de Janeiro ter\u00e1 um fluxo intenso de ve\u00edculos.<\/p>\n<div id=\"gallery-2\" class=\"gallery galleryid-294071 gallery-columns-2 gallery-size-large\">\n<dl class=\"gallery-item\">\n<dt class=\"gallery-icon landscape\"><a href=\"https:\/\/www.pmvc.ba.gov.br\/drenagem-no-conveima-31-05-7\/\"><img decoding=\"async\" loading=\"lazy\" class=\"attachment-large size-large colorbox-294071 \" src=\"https:\/\/www.pmvc.ba.gov.br\/wp-content\/uploads\/Drenagem-no-Conveima-31-05-7-1020x680.jpg\" sizes=\"(max-width: 1020px) 100vw, 1020px\" srcset=\"https:\/\/www.pmvc.ba.gov.br\/wp-content\/uploads\/Drenagem-no-Conveima-31-05-7-1020x680.jpg 1020w, https:\/\/www.pmvc.ba.gov.br\/wp-content\/uploads\/Drenagem-no-Conveima-31-05-7-200x133.jpg 200w, https:\/\/www.pmvc.ba.gov.br\/wp-content\/uploads\/Drenagem-no-Conveima-31-05-7-473x315.jpg 473w, https:\/\/www.pmvc.ba.gov.br\/wp-content\/uploads\/Drenagem-no-Conveima-31-05-7-768x512.jpg 768w, https:\/\/www.pmvc.ba.gov.br\/wp-content\/uploads\/Drenagem-no-Conveima-31-05-7-680x452.jpg 680w, https:\/\/www.pmvc.ba.gov.br\/wp-content\/uploads\/Drenagem-no-Conveima-31-05-7.jpg 1200w\" alt=\"\" width=\"1020\" height=\"680\" \/><\/a><\/dt>\n<\/dl>\n<dl class=\"gallery-item\">\n<dt class=\"gallery-icon landscape\"><a href=\"https:\/\/www.pmvc.ba.gov.br\/drenagem-no-conveima-31-05-1\/\"><img decoding=\"async\" loading=\"lazy\" class=\"attachment-large size-large colorbox-294071 \" src=\"https:\/\/www.pmvc.ba.gov.br\/wp-content\/uploads\/Drenagem-no-Conveima-31-05-1-1020x680.jpg\" sizes=\"(max-width: 1020px) 100vw, 1020px\" srcset=\"https:\/\/www.pmvc.ba.gov.br\/wp-content\/uploads\/Drenagem-no-Conveima-31-05-1-1020x680.jpg 1020w, https:\/\/www.pmvc.ba.gov.br\/wp-content\/uploads\/Drenagem-no-Conveima-31-05-1-200x133.jpg 200w, https:\/\/www.pmvc.ba.gov.br\/wp-content\/uploads\/Drenagem-no-Conveima-31-05-1-473x315.jpg 473w, https:\/\/www.pmvc.ba.gov.br\/wp-content\/uploads\/Drenagem-no-Conveima-31-05-1-768x512.jpg 768w, https:\/\/www.pmvc.ba.gov.br\/wp-content\/uploads\/Drenagem-no-Conveima-31-05-1-680x452.jpg 680w, https:\/\/www.pmvc.ba.gov.br\/wp-content\/uploads\/Drenagem-no-Conveima-31-05-1.jpg 1200w\" alt=\"\" width=\"1020\" height=\"680\" \/><\/a><\/dt>\n<\/dl>\n<dl class=\"gallery-item\">\n<dt class=\"gallery-icon landscape\"><a href=\"https:\/\/www.pmvc.ba.gov.br\/drenagem-no-conveima-31-05-5\/\"><img decoding=\"async\" loading=\"lazy\" class=\"attachment-large size-large colorbox-294071 \" src=\"https:\/\/www.pmvc.ba.gov.br\/wp-content\/uploads\/Drenagem-no-Conveima-31-05-5-1020x680.jpg\" sizes=\"(max-width: 1020px) 100vw, 1020px\" srcset=\"https:\/\/www.pmvc.ba.gov.br\/wp-content\/uploads\/Drenagem-no-Conveima-31-05-5-1020x680.jpg 1020w, https:\/\/www.pmvc.ba.gov.br\/wp-content\/uploads\/Drenagem-no-Conveima-31-05-5-200x133.jpg 200w, https:\/\/www.pmvc.ba.gov.br\/wp-content\/uploads\/Drenagem-no-Conveima-31-05-5-473x315.jpg 473w, https:\/\/www.pmvc.ba.gov.br\/wp-content\/uploads\/Drenagem-no-Conveima-31-05-5-768x512.jpg 768w, https:\/\/www.pmvc.ba.gov.br\/wp-content\/uploads\/Drenagem-no-Conveima-31-05-5-680x452.jpg 680w, https:\/\/www.pmvc.ba.gov.br\/wp-content\/uploads\/Drenagem-no-Conveima-31-05-5.jpg 1200w\" alt=\"\" width=\"1020\" height=\"680\" \/><\/a><\/dt>\n<\/dl>\n<dl class=\"gallery-item\">\n<dt class=\"gallery-icon landscape\"><a href=\"https:\/\/www.pmvc.ba.gov.br\/drenagem-no-conveima-31-05-4\/\"><img decoding=\"async\" loading=\"lazy\" class=\"attachment-large size-large colorbox-294071 \" src=\"https:\/\/www.pmvc.ba.gov.br\/wp-content\/uploads\/Drenagem-no-Conveima-31-05-4-1020x680.jpg\" sizes=\"(max-width: 1020px) 100vw, 1020px\" srcset=\"https:\/\/www.pmvc.ba.gov.br\/wp-content\/uploads\/Drenagem-no-Conveima-31-05-4-1020x680.jpg 1020w, https:\/\/www.pmvc.ba.gov.br\/wp-content\/uploads\/Drenagem-no-Conveima-31-05-4-200x133.jpg 200w, https:\/\/www.pmvc.ba.gov.br\/wp-content\/uploads\/Drenagem-no-Conveima-31-05-4-473x315.jpg 473w, https:\/\/www.pmvc.ba.gov.br\/wp-content\/uploads\/Drenagem-no-Conveima-31-05-4-768x512.jpg 768w, https:\/\/www.pmvc.ba.gov.br\/wp-content\/uploads\/Drenagem-no-Conveima-31-05-4-680x452.jpg 680w, https:\/\/www.pmvc.ba.gov.br\/wp-content\/uploads\/Drenagem-no-Conveima-31-05-4.jpg 1200w\" alt=\"\" width=\"1020\" height=\"680\" \/><\/a><\/dt>\n<\/dl>\n<\/div>\n","protected":false},"excerpt":{"rendered":"<p>&nbsp; &nbsp; &nbsp; &nbsp; &nbsp; &nbsp; &nbsp; &nbsp; A Prefeitura de Vit\u00f3ria da Conquista segue com a obra de recomposi\u00e7\u00e3o da galeria de drenagem situada na avenida Rio de Janeiro, no bairro Conveima 1, iniciada no dia 23 de maio. Atualmente, a equipe da Secretaria Municipal de Infraestrutura Urbana (Seinfra) trabalha na base da estrutura. &hellip;<\/p>\n","protected":false},"author":3,"featured_media":7913,"comment_status":"closed","ping_status":"closed","sticky":false,"template":"","format":"standard","meta":{"_links_to":"","_links_to_target":""},"categories":[22],"tags":[],"_links":{"self":[{"href":"https:\/\/www.didasantos.com.br\/v1\/wp-json\/wp\/v2\/posts\/7912"}],"collection":[{"href":"https:\/\/www.didasantos.com.br\/v1\/wp-json\/wp\/v2\/posts"}],"about":[{"href":"https:\/\/www.didasantos.com.br\/v1\/wp-json\/wp\/v2\/types\/post"}],"author":[{"embeddable":true,"href":"https:\/\/www.didasantos.com.br\/v1\/wp-json\/wp\/v2\/users\/3"}],"replies":[{"embeddable":true,"href":"https:\/\/www.didasantos.com.br\/v1\/wp-json\/wp\/v2\/comments?post=7912"}],"version-history":[{"count":4,"href":"https:\/\/www.didasantos.com.br\/v1\/wp-json\/wp\/v2\/posts\/7912\/revisions"}],"predecessor-version":[{"id":7917,"href":"https:\/\/www.didasantos.com.br\/v1\/wp-json\/wp\/v2\/posts\/7912\/revisions\/7917"}],"wp:featuredmedia":[{"embeddable":true,"href":"https:\/\/www.didasantos.com.br\/v1\/wp-json\/wp\/v2\/media\/7913"}],"wp:attachment":[{"href":"https:\/\/www.didasantos.com.br\/v1\/wp-json\/wp\/v2\/media?parent=7912"}],"wp:term":[{"taxonomy":"category","embeddable":true,"href":"https:\/\/www.didasantos.com.br\/v1\/wp-json\/wp\/v2\/categories?post=7912"},{"taxonomy":"post_tag","embeddable":true,"href":"https:\/\/www.didasantos.com.br\/v1\/wp-json\/wp\/v2\/tags?post=7912"}],"curies":[{"name":"wp","href":"https:\/\/api.w.org\/{rel}","templated":true}]}}