{"id":7927,"date":"2023-06-03T14:02:06","date_gmt":"2023-06-03T17:02:06","guid":{"rendered":"https:\/\/www.didasantos.com.br\/v1\/?p=7927"},"modified":"2023-06-03T14:02:06","modified_gmt":"2023-06-03T17:02:06","slug":"prefeitura-divulga-lista-de-artistas-selecionados-em-curadoria-para-animar-arraia-da-conquista","status":"publish","type":"post","link":"https:\/\/www.didasantos.com.br\/v1\/2023\/06\/03\/prefeitura-divulga-lista-de-artistas-selecionados-em-curadoria-para-animar-arraia-da-conquista\/","title":{"rendered":"Prefeitura divulga lista de artistas selecionados em curadoria para animar Arrai\u00e1 da Conquista"},"content":{"rendered":"<p>A Prefeitura de Vit\u00f3ria da Conquista, por meio da Secretaria Municipal de Cultura, Turismo, Esporte e Lazer (Sectel), j\u00e1 divulgou a lista dos artistas que ter\u00e3o contrato de um ano para participar dos eventos realizados ou apoiados pelo Governo Municipal \u2013 a exemplo do Arrai\u00e1 da Conquista, cujas atra\u00e7\u00f5es j\u00e1 come\u00e7am a se apresentar no dia 12, na pra\u00e7a Nove de Novembro.<\/p>\n<p>Para animar os festejos juninos deste ano, est\u00e3o sendo convocados 50 artistas entre os selecionados pela comiss\u00e3o de curadoria, a exemplo das bandas Forr\u00f3 Chegan\u00e7a, Forr\u00f3 do Mari\u00e1, Sertan\u00edlia, Rege de Anag\u00e9, Forr\u00f3 da Gota e Flor de Ibuia.\u00a0\u201cDos selecionados, uma parte j\u00e1 vai se apresentar agora, no Arrai\u00e1 da Conquista. Os outros ser\u00e3o chamados no decorrer do ano\u201d, explica o coordenador municipal de Cultura, Alecxandre Magno, que presidiu os trabalhos da comiss\u00e3o de curadoria.<\/p>\n<p>Ainda segundo Alecxandre, os artistas ser\u00e3o distribu\u00eddos entre os palcos da pra\u00e7a Nove de Novembro, do Centro Cultural Glauber Rocha e dos distritos rurais. \u201cAgora, vamos montar a grade de apresenta\u00e7\u00e3o\u201d, informa.<\/p>\n<p>O contrato de um ano inclui todos os eventos realizados e apoiados pelo munic\u00edpio. Os cach\u00eas dos contratados variam entre R$ 2 mil e R$ 15 mil, em nove categorias musicais diferentes. O investimento total estimado \u00e9 de R$ 635 mil, obedecendo ao calend\u00e1rio oficial de eventos e a disponibilidade or\u00e7ament\u00e1ria do munic\u00edpio. \u201c\u00c9 bom a gente refor\u00e7ar que o valor contempla todos os eventos do nosso calend\u00e1rio\u201d, refor\u00e7a.<\/p>\n<p>Entre os escolhidos, est\u00e3o artistas ligados a estilos variados, como ternos de reis, reggae, forr\u00f3, rock, pop e at\u00e9 m\u00fasica erudita, entre outros. Os crit\u00e9rios observados pelos avaliadores consideraram quatro t\u00f3picos: criatividade, inova\u00e7\u00e3o e singularidade; relev\u00e2ncia no contexto realizado; estrat\u00e9gia de democratiza\u00e7\u00e3o do acesso e acessibilidade; e capacidade do proponente para a execu\u00e7\u00e3o satisfat\u00f3ria do projeto.<\/p>\n<p>Participaram da comiss\u00e3o da curadoria, al\u00e9m de Alexcandre, os radialistas Marcelo Andrade, Sindilene Santos, Guilherme Barbosa e Sheila Bittencourt. Eles avaliaram os portf\u00f3lios e releases contidos nos 188 envelopes considerados habilitados.<\/p>\n<p>A lista de artistas selecionados e suplentes pode ser conferida\u00a0<a href=\"https:\/\/dom.pmvc.ba.gov.br\/diarios\/previsualizar\/wjPg43aQ\/3\"><strong>neste link<\/strong><\/a>.<\/p>\n<p><strong>Atra\u00e7\u00f5es Nacionais<\/strong><\/p>\n<p>Al\u00e9m dos shows que come\u00e7am no dia 12, na pra\u00e7a Nove de Novembro \u2013 abrangendo tr\u00eas datas importantes para o com\u00e9rcio: Dia dos Namorados, S\u00e3o Jo\u00e3o e S\u00e3o Pedro \u2013, o Arrai\u00e1 da Conquista ter\u00e1 atra\u00e7\u00f5es nacionais que v\u00e3o se apresentar no Centro Cultural Glauber Rocha, nos dias 20, 21, 22 e 23, com artistas como Fl\u00e1vio Jos\u00e9, Falamansa, Santanna Cantador e Tierry, numa estrutura preparada para receber, em m\u00e9dia, 20 mil pessoas por dia.\u00a0Na Zona Rural, o evento ocorrer\u00e1 nos dias 24 e 25.<\/p>\n<p><strong>Cadastramento de jornalistas<\/strong><\/p>\n<p>O cadastramento para os ve\u00edculos que v\u00e3o fazer a cobertura jornal\u00edstica do Arrai\u00e1 da Conquista est\u00e1 aberto at\u00e9 o dia 12. Para se cadastrar, os profissionais de comunica\u00e7\u00e3o dever\u00e3o entrar em contato com a Secretaria de Comunica\u00e7\u00e3o (Secom) pelo whatsapp (77) 8856-5193.\u00a0No caso de blogs e r\u00e1dios, o cadastro ser\u00e1 limitado a um profissional por ve\u00edculo jornal\u00edstico.<\/p>\n","protected":false},"excerpt":{"rendered":"<p>A Prefeitura de Vit\u00f3ria da Conquista, por meio da Secretaria Municipal de Cultura, Turismo, Esporte e Lazer (Sectel), j\u00e1 divulgou a lista dos artistas que ter\u00e3o contrato de um ano para participar dos eventos realizados ou apoiados pelo Governo Municipal \u2013 a exemplo do Arrai\u00e1 da Conquista, cujas atra\u00e7\u00f5es j\u00e1 come\u00e7am a se apresentar no &hellip;<\/p>\n","protected":false},"author":3,"featured_media":7928,"comment_status":"closed","ping_status":"closed","sticky":false,"template":"","format":"standard","meta":{"_links_to":"","_links_to_target":""},"categories":[22],"tags":[],"_links":{"self":[{"href":"https:\/\/www.didasantos.com.br\/v1\/wp-json\/wp\/v2\/posts\/7927"}],"collection":[{"href":"https:\/\/www.didasantos.com.br\/v1\/wp-json\/wp\/v2\/posts"}],"about":[{"href":"https:\/\/www.didasantos.com.br\/v1\/wp-json\/wp\/v2\/types\/post"}],"author":[{"embeddable":true,"href":"https:\/\/www.didasantos.com.br\/v1\/wp-json\/wp\/v2\/users\/3"}],"replies":[{"embeddable":true,"href":"https:\/\/www.didasantos.com.br\/v1\/wp-json\/wp\/v2\/comments?post=7927"}],"version-history":[{"count":1,"href":"https:\/\/www.didasantos.com.br\/v1\/wp-json\/wp\/v2\/posts\/7927\/revisions"}],"predecessor-version":[{"id":7929,"href":"https:\/\/www.didasantos.com.br\/v1\/wp-json\/wp\/v2\/posts\/7927\/revisions\/7929"}],"wp:featuredmedia":[{"embeddable":true,"href":"https:\/\/www.didasantos.com.br\/v1\/wp-json\/wp\/v2\/media\/7928"}],"wp:attachment":[{"href":"https:\/\/www.didasantos.com.br\/v1\/wp-json\/wp\/v2\/media?parent=7927"}],"wp:term":[{"taxonomy":"category","embeddable":true,"href":"https:\/\/www.didasantos.com.br\/v1\/wp-json\/wp\/v2\/categories?post=7927"},{"taxonomy":"post_tag","embeddable":true,"href":"https:\/\/www.didasantos.com.br\/v1\/wp-json\/wp\/v2\/tags?post=7927"}],"curies":[{"name":"wp","href":"https:\/\/api.w.org\/{rel}","templated":true}]}}