{"id":8260,"date":"2023-06-22T12:25:38","date_gmt":"2023-06-22T15:25:38","guid":{"rendered":"https:\/\/www.didasantos.com.br\/v1\/?p=8260"},"modified":"2023-06-22T12:58:45","modified_gmt":"2023-06-22T15:58:45","slug":"arraia-da-conquista-tradicao-do-forro-de-pai-para-filho-marca-primeira-noite-de-festa","status":"publish","type":"post","link":"https:\/\/www.didasantos.com.br\/v1\/2023\/06\/22\/arraia-da-conquista-tradicao-do-forro-de-pai-para-filho-marca-primeira-noite-de-festa\/","title":{"rendered":"Arrai\u00e1 da Conquista: tradi\u00e7\u00e3o do forr\u00f3 de pai para filho marca primeira noite de festa"},"content":{"rendered":"<p>\u00c9 comum na cultura nordestina ver um of\u00edcio ser passado de gera\u00e7\u00e3o para gera\u00e7\u00e3o. E com o forr\u00f3, uma das maiores tradi\u00e7\u00f5es do Nordeste, n\u00e3o poderia ser diferente. Assim, celebrado por pais e filhos, aconteceu a abertura do Arrai\u00e1 da Conquista nessa ter\u00e7a-feira (20), no Centro Cultural Glauber Rocha.<\/p>\n<div id=\"gallery-5\" class=\"gallery galleryid-297058 gallery-columns-2 gallery-size-large\">\n<dl class=\"gallery-item\">\n<dt class=\"gallery-icon landscape\"><a class=\"cboxElement\" href=\"https:\/\/www.pmvc.ba.gov.br\/wp-content\/uploads\/Flavio-Jos%C3%A9-20-06-2.jpg\"><img decoding=\"async\" loading=\"lazy\" class=\"attachment-large size-large colorbox-297058 \" src=\"https:\/\/www.pmvc.ba.gov.br\/wp-content\/uploads\/Flavio-Jos%C3%A9-20-06-2-1020x680.jpg\" sizes=\"(max-width: 1020px) 100vw, 1020px\" srcset=\"https:\/\/www.pmvc.ba.gov.br\/wp-content\/uploads\/Flavio-Jos\u00e9-20-06-2-1020x680.jpg 1020w, https:\/\/www.pmvc.ba.gov.br\/wp-content\/uploads\/Flavio-Jos\u00e9-20-06-2-200x133.jpg 200w, https:\/\/www.pmvc.ba.gov.br\/wp-content\/uploads\/Flavio-Jos\u00e9-20-06-2-473x315.jpg 473w, https:\/\/www.pmvc.ba.gov.br\/wp-content\/uploads\/Flavio-Jos\u00e9-20-06-2-768x512.jpg 768w, https:\/\/www.pmvc.ba.gov.br\/wp-content\/uploads\/Flavio-Jos\u00e9-20-06-2-680x452.jpg 680w, https:\/\/www.pmvc.ba.gov.br\/wp-content\/uploads\/Flavio-Jos\u00e9-20-06-2.jpg 1050w\" alt=\"\" width=\"1020\" height=\"680\" aria-describedby=\"gallery-5-297011\" \/><\/a><\/dt>\n<dd id=\"gallery-5-297011\" class=\"wp-caption-text gallery-caption\">Fl\u00e1vio Jos\u00e9<\/dd>\n<\/dl>\n<dl class=\"gallery-item\">\n<dt class=\"gallery-icon landscape\"><a class=\"cboxElement\" href=\"https:\/\/www.pmvc.ba.gov.br\/wp-content\/uploads\/Flavio-Jos%C3%A9-20-06-18.jpg\"><img decoding=\"async\" loading=\"lazy\" class=\"attachment-large size-large colorbox-297058 \" src=\"https:\/\/www.pmvc.ba.gov.br\/wp-content\/uploads\/Flavio-Jos%C3%A9-20-06-18-1020x680.jpg\" sizes=\"(max-width: 1020px) 100vw, 1020px\" srcset=\"https:\/\/www.pmvc.ba.gov.br\/wp-content\/uploads\/Flavio-Jos\u00e9-20-06-18-1020x680.jpg 1020w, https:\/\/www.pmvc.ba.gov.br\/wp-content\/uploads\/Flavio-Jos\u00e9-20-06-18-200x133.jpg 200w, https:\/\/www.pmvc.ba.gov.br\/wp-content\/uploads\/Flavio-Jos\u00e9-20-06-18-473x315.jpg 473w, https:\/\/www.pmvc.ba.gov.br\/wp-content\/uploads\/Flavio-Jos\u00e9-20-06-18-768x512.jpg 768w, https:\/\/www.pmvc.ba.gov.br\/wp-content\/uploads\/Flavio-Jos\u00e9-20-06-18-680x452.jpg 680w, https:\/\/www.pmvc.ba.gov.br\/wp-content\/uploads\/Flavio-Jos\u00e9-20-06-18.jpg 1050w\" alt=\"\" width=\"1020\" height=\"680\" \/><\/a><\/dt>\n<\/dl>\n<\/div>\n<p>A primeira m\u00fasica tocada na noite foi o cl\u00e1ssico \u201cEu s\u00f3 quero um Xod\u00f3\u201d, assinado por Dominguinhos e interpretado por sua filha, a cantora Liv Morais. Dominguinhos, que \u00e9 um dos maiores nomes do forr\u00f3 de todos os tempos, foi lembrado com v\u00e1rias outras can\u00e7\u00f5es que, segundo a pr\u00f3pria cantora, \u201cforam uma declara\u00e7\u00e3o de amor ao pai\u201d, falecido em 2013.<\/p>\n<p>O mesmo apelo ao tradicionalismo do forr\u00f3 partiu da segunda apresenta\u00e7\u00e3o, do cantor Val Macambira. Paramentado com um figurino especial, ele fez um show repleto de cores, coreografia e muita anima\u00e7\u00e3o. \u201cGostaria de parabenizar a Prefeitura pelo cuidado em manter a tradi\u00e7\u00e3o do S\u00e3o Jo\u00e3o com essas atra\u00e7\u00f5es\u201d, salientou o cantor.<\/p>\n<div id=\"gallery-6\" class=\"gallery galleryid-297058 gallery-columns-3 gallery-size-large\">\n<dl class=\"gallery-item\">\n<dt class=\"gallery-icon landscape\"><a class=\"cboxElement\" href=\"https:\/\/www.pmvc.ba.gov.br\/wp-content\/uploads\/Liv-Moraes_Nem-20-06-2.jpg\"><img decoding=\"async\" loading=\"lazy\" class=\"attachment-large size-large colorbox-297058 \" src=\"https:\/\/www.pmvc.ba.gov.br\/wp-content\/uploads\/Liv-Moraes_Nem-20-06-2-1020x680.jpg\" sizes=\"(max-width: 1020px) 100vw, 1020px\" srcset=\"https:\/\/www.pmvc.ba.gov.br\/wp-content\/uploads\/Liv-Moraes_Nem-20-06-2-1020x680.jpg 1020w, https:\/\/www.pmvc.ba.gov.br\/wp-content\/uploads\/Liv-Moraes_Nem-20-06-2-200x133.jpg 200w, https:\/\/www.pmvc.ba.gov.br\/wp-content\/uploads\/Liv-Moraes_Nem-20-06-2-473x315.jpg 473w, https:\/\/www.pmvc.ba.gov.br\/wp-content\/uploads\/Liv-Moraes_Nem-20-06-2-768x512.jpg 768w, https:\/\/www.pmvc.ba.gov.br\/wp-content\/uploads\/Liv-Moraes_Nem-20-06-2-680x452.jpg 680w, https:\/\/www.pmvc.ba.gov.br\/wp-content\/uploads\/Liv-Moraes_Nem-20-06-2.jpg 1050w\" alt=\"\" width=\"1020\" height=\"680\" aria-describedby=\"gallery-6-296952\" \/><\/a><\/dt>\n<dd id=\"gallery-6-296952\" class=\"wp-caption-text gallery-caption\">Liv Morais<\/dd>\n<\/dl>\n<dl class=\"gallery-item\">\n<dt class=\"gallery-icon landscape\"><a class=\"cboxElement\" href=\"https:\/\/www.pmvc.ba.gov.br\/wp-content\/uploads\/Lara-Am%C3%A9lia_Nem-20-06-6.jpg\"><img decoding=\"async\" loading=\"lazy\" class=\"attachment-large size-large colorbox-297058 \" src=\"https:\/\/www.pmvc.ba.gov.br\/wp-content\/uploads\/Lara-Am%C3%A9lia_Nem-20-06-6-1020x680.jpg\" sizes=\"(max-width: 1020px) 100vw, 1020px\" srcset=\"https:\/\/www.pmvc.ba.gov.br\/wp-content\/uploads\/Lara-Am\u00e9lia_Nem-20-06-6-1020x680.jpg 1020w, https:\/\/www.pmvc.ba.gov.br\/wp-content\/uploads\/Lara-Am\u00e9lia_Nem-20-06-6-200x133.jpg 200w, https:\/\/www.pmvc.ba.gov.br\/wp-content\/uploads\/Lara-Am\u00e9lia_Nem-20-06-6-473x315.jpg 473w, https:\/\/www.pmvc.ba.gov.br\/wp-content\/uploads\/Lara-Am\u00e9lia_Nem-20-06-6-768x512.jpg 768w, https:\/\/www.pmvc.ba.gov.br\/wp-content\/uploads\/Lara-Am\u00e9lia_Nem-20-06-6-680x452.jpg 680w, https:\/\/www.pmvc.ba.gov.br\/wp-content\/uploads\/Lara-Am\u00e9lia_Nem-20-06-6.jpg 1050w\" alt=\"\" width=\"1020\" height=\"680\" aria-describedby=\"gallery-6-297044\" \/><\/a><\/dt>\n<dd id=\"gallery-6-297044\" class=\"wp-caption-text gallery-caption\">Lara Am\u00e9lia<\/dd>\n<\/dl>\n<dl class=\"gallery-item\">\n<dt class=\"gallery-icon landscape\"><a class=\"cboxElement\" href=\"https:\/\/www.pmvc.ba.gov.br\/wp-content\/uploads\/Val-Macambira-20-06_Nem-10.jpg\"><img decoding=\"async\" loading=\"lazy\" class=\"attachment-large size-large colorbox-297058 \" src=\"https:\/\/www.pmvc.ba.gov.br\/wp-content\/uploads\/Val-Macambira-20-06_Nem-10-1020x680.jpg\" sizes=\"(max-width: 1020px) 100vw, 1020px\" srcset=\"https:\/\/www.pmvc.ba.gov.br\/wp-content\/uploads\/Val-Macambira-20-06_Nem-10-1020x680.jpg 1020w, https:\/\/www.pmvc.ba.gov.br\/wp-content\/uploads\/Val-Macambira-20-06_Nem-10-200x133.jpg 200w, https:\/\/www.pmvc.ba.gov.br\/wp-content\/uploads\/Val-Macambira-20-06_Nem-10-473x315.jpg 473w, https:\/\/www.pmvc.ba.gov.br\/wp-content\/uploads\/Val-Macambira-20-06_Nem-10-768x512.jpg 768w, https:\/\/www.pmvc.ba.gov.br\/wp-content\/uploads\/Val-Macambira-20-06_Nem-10-680x452.jpg 680w, https:\/\/www.pmvc.ba.gov.br\/wp-content\/uploads\/Val-Macambira-20-06_Nem-10.jpg 1050w\" alt=\"\" width=\"1020\" height=\"680\" aria-describedby=\"gallery-6-296988\" \/><\/a><\/dt>\n<dd id=\"gallery-6-296988\" class=\"wp-caption-text gallery-caption\">Val Macambira<\/dd>\n<\/dl>\n<\/div>\n<p>Encerrando a noite, a forrozeira Lara Am\u00e9lia trouxe uma roupagem moderna e pesada aos cl\u00e1ssicos do forr\u00f3. Lara, que \u00e9 filha de Fl\u00e1vio Jos\u00e9, destacou a responsabilidade e a felicidade de tocar em um mesmo evento que o pai. \u201cVit\u00f3ria da Conquista \u00e9 um palco que eu gostaria de vir h\u00e1 muito tempo. Noto que est\u00e3o aparecendo novos artistas que, assim como eu, t\u00eam a pretens\u00e3o de deixar o forr\u00f3 cada vez mais vivo\u201d, complementou a cantora.<\/p>\n<p>A prefeita Sheila Lemos participou da festa, cumprimentou os artistas e fez quest\u00e3o de visitar as barracas e cada ponto da festa. \u201c\u00c9 uma alegria muito grande proporcionar esse Arrai\u00e1, com artistas de primeira qualidade, e principalmente com o compromisso de resgatar a tradi\u00e7\u00e3o do verdadeiro S\u00e3o Jo\u00e3o\u201d, afirmou a prefeita.<\/p>\n<p>Grande atra\u00e7\u00e3o da noite \u2013 Outro grande \u00edcone do forr\u00f3, Fl\u00e1vio Jos\u00e9, arrebatou a multid\u00e3o, que lotou o espa\u00e7o para ouvir os grandes sucessos do artista. Fl\u00e1vio, al\u00e9m de m\u00fasico, \u00e9 um militante da tradi\u00e7\u00e3o do forr\u00f3, e em entrevista \u00e0 imprensa fez quest\u00e3o de enfatizar a necessidade da preserva\u00e7\u00e3o da cultura nordestina. Ele cumprimentou a prefeita Sheila Lemos pela organiza\u00e7\u00e3o do evento: \u201cEstou muito feliz em tocar aqui mais uma vez, nesta terra de grandes artistas e de um povo que tanto ama essa festa\u201d, destacou Fl\u00e1vio Jos\u00e9.<\/p>\n<div id=\"gallery-7\" class=\"gallery galleryid-297058 gallery-columns-2 gallery-size-large\">\n<dl class=\"gallery-item\">\n<dt class=\"gallery-icon landscape\"><a class=\"cboxElement\" href=\"https:\/\/www.pmvc.ba.gov.br\/wp-content\/uploads\/WhatsApp-Image-2023-06-20-at-23.28.00.jpeg\"><img decoding=\"async\" loading=\"lazy\" class=\"attachment-large size-large colorbox-297058 \" src=\"https:\/\/www.pmvc.ba.gov.br\/wp-content\/uploads\/WhatsApp-Image-2023-06-20-at-23.28.00-907x680.jpeg\" sizes=\"(max-width: 907px) 100vw, 907px\" srcset=\"https:\/\/www.pmvc.ba.gov.br\/wp-content\/uploads\/WhatsApp-Image-2023-06-20-at-23.28.00-907x680.jpeg 907w, https:\/\/www.pmvc.ba.gov.br\/wp-content\/uploads\/WhatsApp-Image-2023-06-20-at-23.28.00-420x315.jpeg 420w, https:\/\/www.pmvc.ba.gov.br\/wp-content\/uploads\/WhatsApp-Image-2023-06-20-at-23.28.00-768x576.jpeg 768w, https:\/\/www.pmvc.ba.gov.br\/wp-content\/uploads\/WhatsApp-Image-2023-06-20-at-23.28.00.jpeg 1600w\" alt=\"\" width=\"907\" height=\"680\" aria-describedby=\"gallery-7-297060\" \/><\/a><\/dt>\n<dd id=\"gallery-7-297060\" class=\"wp-caption-text gallery-caption\">Davi e Isa\u00edas<\/dd>\n<\/dl>\n<dl class=\"gallery-item\">\n<dt class=\"gallery-icon landscape\"><a class=\"cboxElement\" href=\"https:\/\/www.pmvc.ba.gov.br\/wp-content\/uploads\/Prefeita-com-Flavio-Jos%C3%A9-20-06-1.jpg\"><img decoding=\"async\" loading=\"lazy\" class=\"attachment-large size-large colorbox-297058 \" src=\"https:\/\/www.pmvc.ba.gov.br\/wp-content\/uploads\/Prefeita-com-Flavio-Jos%C3%A9-20-06-1-1020x680.jpg\" sizes=\"(max-width: 1020px) 100vw, 1020px\" srcset=\"https:\/\/www.pmvc.ba.gov.br\/wp-content\/uploads\/Prefeita-com-Flavio-Jos\u00e9-20-06-1-1020x680.jpg 1020w, https:\/\/www.pmvc.ba.gov.br\/wp-content\/uploads\/Prefeita-com-Flavio-Jos\u00e9-20-06-1-200x133.jpg 200w, https:\/\/www.pmvc.ba.gov.br\/wp-content\/uploads\/Prefeita-com-Flavio-Jos\u00e9-20-06-1-473x315.jpg 473w, https:\/\/www.pmvc.ba.gov.br\/wp-content\/uploads\/Prefeita-com-Flavio-Jos\u00e9-20-06-1-768x512.jpg 768w, https:\/\/www.pmvc.ba.gov.br\/wp-content\/uploads\/Prefeita-com-Flavio-Jos\u00e9-20-06-1-680x452.jpg 680w, https:\/\/www.pmvc.ba.gov.br\/wp-content\/uploads\/Prefeita-com-Flavio-Jos\u00e9-20-06-1.jpg 1050w\" alt=\"\" width=\"1020\" height=\"680\" aria-describedby=\"gallery-7-296992\" \/><\/a><\/dt>\n<dd id=\"gallery-7-296992\" class=\"wp-caption-text gallery-caption\">Sheila e Fl\u00e1vio Jos\u00e9<\/dd>\n<\/dl>\n<\/div>\n<p>O pequeno Davi Marques esteve no camarim para conhecer seu \u00eddolo e, junto com os pais, Lidiane e Lisandro Marques, e o av\u00f4, Isa\u00edas, foram recebidos pelo artista. Isa\u00edas contou que tem o costume de passar para o neto as m\u00fasicas de Fl\u00e1vio Jos\u00e9 e tamb\u00e9m o presenteou com um pequeno acordeom. \u201cDesde novinho, ele dorme embalado ao som da sanfona de Fl\u00e1vio Jos\u00e9 e \u00e9 apaixonado pelo instrumento\u201d, revelou o av\u00f4.<\/p>\n<p>\u201cEssa \u00e9 a realiza\u00e7\u00e3o de um sonho para toda a nossa fam\u00edlia, e tenho certeza que n\u00f3s, e tamb\u00e9m ele, guardaremos o momento para a posteridade\u201d, completou Lidiane.<\/p>\n<div id=\"gallery-8\" class=\"gallery galleryid-297058 gallery-columns-4 gallery-size-large\">\n<dl class=\"gallery-item\">\n<dt class=\"gallery-icon landscape\"><a class=\"cboxElement\" href=\"https:\/\/www.pmvc.ba.gov.br\/wp-content\/uploads\/Shows-de-Fl%C3%A1vio-Jos%C3%A9-e-Lara-Am%C3%A9lia-12.jpg\"><img decoding=\"async\" loading=\"lazy\" class=\"attachment-large size-large colorbox-297058 \" src=\"https:\/\/www.pmvc.ba.gov.br\/wp-content\/uploads\/Shows-de-Fl%C3%A1vio-Jos%C3%A9-e-Lara-Am%C3%A9lia-12-1020x680.jpg\" sizes=\"(max-width: 1020px) 100vw, 1020px\" srcset=\"https:\/\/www.pmvc.ba.gov.br\/wp-content\/uploads\/Shows-de-Fl\u00e1vio-Jos\u00e9-e-Lara-Am\u00e9lia-12-1020x680.jpg 1020w, https:\/\/www.pmvc.ba.gov.br\/wp-content\/uploads\/Shows-de-Fl\u00e1vio-Jos\u00e9-e-Lara-Am\u00e9lia-12-200x133.jpg 200w, https:\/\/www.pmvc.ba.gov.br\/wp-content\/uploads\/Shows-de-Fl\u00e1vio-Jos\u00e9-e-Lara-Am\u00e9lia-12-473x315.jpg 473w, https:\/\/www.pmvc.ba.gov.br\/wp-content\/uploads\/Shows-de-Fl\u00e1vio-Jos\u00e9-e-Lara-Am\u00e9lia-12-768x512.jpg 768w, https:\/\/www.pmvc.ba.gov.br\/wp-content\/uploads\/Shows-de-Fl\u00e1vio-Jos\u00e9-e-Lara-Am\u00e9lia-12-680x452.jpg 680w, https:\/\/www.pmvc.ba.gov.br\/wp-content\/uploads\/Shows-de-Fl\u00e1vio-Jos\u00e9-e-Lara-Am\u00e9lia-12.jpg 1200w\" alt=\"\" width=\"1020\" height=\"680\" \/><\/a><\/dt>\n<\/dl>\n<dl class=\"gallery-item\">\n<dt class=\"gallery-icon landscape\"><a class=\"cboxElement\" href=\"https:\/\/www.pmvc.ba.gov.br\/wp-content\/uploads\/Shows-de-Fl%C3%A1vio-Jos%C3%A9-e-Lara-Am%C3%A9lia-11.jpg\"><img decoding=\"async\" loading=\"lazy\" class=\"attachment-large size-large colorbox-297058 \" src=\"https:\/\/www.pmvc.ba.gov.br\/wp-content\/uploads\/Shows-de-Fl%C3%A1vio-Jos%C3%A9-e-Lara-Am%C3%A9lia-11-1020x680.jpg\" sizes=\"(max-width: 1020px) 100vw, 1020px\" srcset=\"https:\/\/www.pmvc.ba.gov.br\/wp-content\/uploads\/Shows-de-Fl\u00e1vio-Jos\u00e9-e-Lara-Am\u00e9lia-11-1020x680.jpg 1020w, https:\/\/www.pmvc.ba.gov.br\/wp-content\/uploads\/Shows-de-Fl\u00e1vio-Jos\u00e9-e-Lara-Am\u00e9lia-11-200x133.jpg 200w, https:\/\/www.pmvc.ba.gov.br\/wp-content\/uploads\/Shows-de-Fl\u00e1vio-Jos\u00e9-e-Lara-Am\u00e9lia-11-473x315.jpg 473w, https:\/\/www.pmvc.ba.gov.br\/wp-content\/uploads\/Shows-de-Fl\u00e1vio-Jos\u00e9-e-Lara-Am\u00e9lia-11-768x512.jpg 768w, https:\/\/www.pmvc.ba.gov.br\/wp-content\/uploads\/Shows-de-Fl\u00e1vio-Jos\u00e9-e-Lara-Am\u00e9lia-11-680x452.jpg 680w, https:\/\/www.pmvc.ba.gov.br\/wp-content\/uploads\/Shows-de-Fl\u00e1vio-Jos\u00e9-e-Lara-Am\u00e9lia-11.jpg 1200w\" alt=\"\" width=\"1020\" height=\"680\" \/><\/a><\/dt>\n<\/dl>\n<dl class=\"gallery-item\">\n<dt class=\"gallery-icon landscape\"><a class=\"cboxElement\" href=\"https:\/\/www.pmvc.ba.gov.br\/wp-content\/uploads\/Val-Macambira-20-06_Nem-7.jpg\"><img decoding=\"async\" loading=\"lazy\" class=\"attachment-large size-large colorbox-297058 \" src=\"https:\/\/www.pmvc.ba.gov.br\/wp-content\/uploads\/Val-Macambira-20-06_Nem-7-1020x680.jpg\" sizes=\"(max-width: 1020px) 100vw, 1020px\" srcset=\"https:\/\/www.pmvc.ba.gov.br\/wp-content\/uploads\/Val-Macambira-20-06_Nem-7-1020x680.jpg 1020w, https:\/\/www.pmvc.ba.gov.br\/wp-content\/uploads\/Val-Macambira-20-06_Nem-7-200x133.jpg 200w, https:\/\/www.pmvc.ba.gov.br\/wp-content\/uploads\/Val-Macambira-20-06_Nem-7-473x315.jpg 473w, https:\/\/www.pmvc.ba.gov.br\/wp-content\/uploads\/Val-Macambira-20-06_Nem-7-768x512.jpg 768w, https:\/\/www.pmvc.ba.gov.br\/wp-content\/uploads\/Val-Macambira-20-06_Nem-7-680x452.jpg 680w, https:\/\/www.pmvc.ba.gov.br\/wp-content\/uploads\/Val-Macambira-20-06_Nem-7.jpg 1050w\" alt=\"\" width=\"1020\" height=\"680\" \/><\/a><\/dt>\n<\/dl>\n<dl class=\"gallery-item\">\n<dt class=\"gallery-icon landscape\"><a class=\"cboxElement\" href=\"https:\/\/www.pmvc.ba.gov.br\/wp-content\/uploads\/Val-Macambira-20-06_Nem-2.jpg\"><img decoding=\"async\" loading=\"lazy\" class=\"attachment-large size-large colorbox-297058 \" src=\"https:\/\/www.pmvc.ba.gov.br\/wp-content\/uploads\/Val-Macambira-20-06_Nem-2-1020x680.jpg\" sizes=\"(max-width: 1020px) 100vw, 1020px\" srcset=\"https:\/\/www.pmvc.ba.gov.br\/wp-content\/uploads\/Val-Macambira-20-06_Nem-2-1020x680.jpg 1020w, https:\/\/www.pmvc.ba.gov.br\/wp-content\/uploads\/Val-Macambira-20-06_Nem-2-200x133.jpg 200w, https:\/\/www.pmvc.ba.gov.br\/wp-content\/uploads\/Val-Macambira-20-06_Nem-2-473x315.jpg 473w, https:\/\/www.pmvc.ba.gov.br\/wp-content\/uploads\/Val-Macambira-20-06_Nem-2-768x512.jpg 768w, https:\/\/www.pmvc.ba.gov.br\/wp-content\/uploads\/Val-Macambira-20-06_Nem-2-680x452.jpg 680w, https:\/\/www.pmvc.ba.gov.br\/wp-content\/uploads\/Val-Macambira-20-06_Nem-2.jpg 1050w\" alt=\"\" width=\"1020\" height=\"680\" \/><\/a><\/dt>\n<\/dl>\n<dl class=\"gallery-item\">\n<dt class=\"gallery-icon landscape\"><a class=\"cboxElement\" href=\"https:\/\/www.pmvc.ba.gov.br\/wp-content\/uploads\/Liv-Moraes_Nem-20-06-1.jpg\"><img decoding=\"async\" loading=\"lazy\" class=\"attachment-large size-large colorbox-297058 \" src=\"https:\/\/www.pmvc.ba.gov.br\/wp-content\/uploads\/Liv-Moraes_Nem-20-06-1-1020x680.jpg\" sizes=\"(max-width: 1020px) 100vw, 1020px\" srcset=\"https:\/\/www.pmvc.ba.gov.br\/wp-content\/uploads\/Liv-Moraes_Nem-20-06-1-1020x680.jpg 1020w, https:\/\/www.pmvc.ba.gov.br\/wp-content\/uploads\/Liv-Moraes_Nem-20-06-1-200x133.jpg 200w, https:\/\/www.pmvc.ba.gov.br\/wp-content\/uploads\/Liv-Moraes_Nem-20-06-1-473x315.jpg 473w, https:\/\/www.pmvc.ba.gov.br\/wp-content\/uploads\/Liv-Moraes_Nem-20-06-1-768x512.jpg 768w, https:\/\/www.pmvc.ba.gov.br\/wp-content\/uploads\/Liv-Moraes_Nem-20-06-1-680x452.jpg 680w, https:\/\/www.pmvc.ba.gov.br\/wp-content\/uploads\/Liv-Moraes_Nem-20-06-1.jpg 1050w\" alt=\"\" width=\"1020\" height=\"680\" \/><\/a><\/dt>\n<\/dl>\n<dl class=\"gallery-item\">\n<dt class=\"gallery-icon landscape\"><a class=\"cboxElement\" href=\"https:\/\/www.pmvc.ba.gov.br\/wp-content\/uploads\/Liv-Moraes_Nem-20-06-9.jpg\"><img decoding=\"async\" loading=\"lazy\" class=\"attachment-large size-large colorbox-297058 \" src=\"https:\/\/www.pmvc.ba.gov.br\/wp-content\/uploads\/Liv-Moraes_Nem-20-06-9-1020x680.jpg\" sizes=\"(max-width: 1020px) 100vw, 1020px\" srcset=\"https:\/\/www.pmvc.ba.gov.br\/wp-content\/uploads\/Liv-Moraes_Nem-20-06-9-1020x680.jpg 1020w, https:\/\/www.pmvc.ba.gov.br\/wp-content\/uploads\/Liv-Moraes_Nem-20-06-9-200x133.jpg 200w, https:\/\/www.pmvc.ba.gov.br\/wp-content\/uploads\/Liv-Moraes_Nem-20-06-9-473x315.jpg 473w, https:\/\/www.pmvc.ba.gov.br\/wp-content\/uploads\/Liv-Moraes_Nem-20-06-9-768x512.jpg 768w, https:\/\/www.pmvc.ba.gov.br\/wp-content\/uploads\/Liv-Moraes_Nem-20-06-9-680x452.jpg 680w, https:\/\/www.pmvc.ba.gov.br\/wp-content\/uploads\/Liv-Moraes_Nem-20-06-9.jpg 1050w\" alt=\"\" width=\"1020\" height=\"680\" \/><\/a><\/dt>\n<\/dl>\n<dl class=\"gallery-item\">\n<dt class=\"gallery-icon landscape\"><a class=\"cboxElement\" href=\"https:\/\/www.pmvc.ba.gov.br\/wp-content\/uploads\/Prefeita-e-bastidores-do-Arrai%C3%A1-da-Conquista-5.jpg\"><img decoding=\"async\" loading=\"lazy\" class=\"attachment-large size-large colorbox-297058 \" src=\"https:\/\/www.pmvc.ba.gov.br\/wp-content\/uploads\/Prefeita-e-bastidores-do-Arrai%C3%A1-da-Conquista-5-1020x680.jpg\" sizes=\"(max-width: 1020px) 100vw, 1020px\" srcset=\"https:\/\/www.pmvc.ba.gov.br\/wp-content\/uploads\/Prefeita-e-bastidores-do-Arrai\u00e1-da-Conquista-5-1020x680.jpg 1020w, https:\/\/www.pmvc.ba.gov.br\/wp-content\/uploads\/Prefeita-e-bastidores-do-Arrai\u00e1-da-Conquista-5-200x133.jpg 200w, https:\/\/www.pmvc.ba.gov.br\/wp-content\/uploads\/Prefeita-e-bastidores-do-Arrai\u00e1-da-Conquista-5-473x315.jpg 473w, https:\/\/www.pmvc.ba.gov.br\/wp-content\/uploads\/Prefeita-e-bastidores-do-Arrai\u00e1-da-Conquista-5-768x512.jpg 768w, https:\/\/www.pmvc.ba.gov.br\/wp-content\/uploads\/Prefeita-e-bastidores-do-Arrai\u00e1-da-Conquista-5-680x452.jpg 680w, https:\/\/www.pmvc.ba.gov.br\/wp-content\/uploads\/Prefeita-e-bastidores-do-Arrai\u00e1-da-Conquista-5.jpg 1200w\" alt=\"\" width=\"1020\" height=\"680\" \/><\/a><\/dt>\n<\/dl>\n<dl class=\"gallery-item\">\n<dt class=\"gallery-icon landscape\"><a class=\"cboxElement\" href=\"https:\/\/www.pmvc.ba.gov.br\/wp-content\/uploads\/Prefeita-e-bastidores-do-Arrai%C3%A1-da-Conquista-8.jpg\"><img decoding=\"async\" loading=\"lazy\" class=\"attachment-large size-large colorbox-297058 \" src=\"https:\/\/www.pmvc.ba.gov.br\/wp-content\/uploads\/Prefeita-e-bastidores-do-Arrai%C3%A1-da-Conquista-8-1020x680.jpg\" sizes=\"(max-width: 1020px) 100vw, 1020px\" srcset=\"https:\/\/www.pmvc.ba.gov.br\/wp-content\/uploads\/Prefeita-e-bastidores-do-Arrai\u00e1-da-Conquista-8-1020x680.jpg 1020w, https:\/\/www.pmvc.ba.gov.br\/wp-content\/uploads\/Prefeita-e-bastidores-do-Arrai\u00e1-da-Conquista-8-200x133.jpg 200w, https:\/\/www.pmvc.ba.gov.br\/wp-content\/uploads\/Prefeita-e-bastidores-do-Arrai\u00e1-da-Conquista-8-473x315.jpg 473w, https:\/\/www.pmvc.ba.gov.br\/wp-content\/uploads\/Prefeita-e-bastidores-do-Arrai\u00e1-da-Conquista-8-768x512.jpg 768w, https:\/\/www.pmvc.ba.gov.br\/wp-content\/uploads\/Prefeita-e-bastidores-do-Arrai\u00e1-da-Conquista-8-680x452.jpg 680w, https:\/\/www.pmvc.ba.gov.br\/wp-content\/uploads\/Prefeita-e-bastidores-do-Arrai\u00e1-da-Conquista-8.jpg 1200w\" alt=\"\" width=\"1020\" height=\"680\" \/><\/a><\/dt>\n<\/dl>\n<dl class=\"gallery-item\">\n<dt class=\"gallery-icon landscape\"><a class=\"cboxElement\" href=\"https:\/\/www.pmvc.ba.gov.br\/wp-content\/uploads\/Prefeita-e-bastidores-do-Arrai%C3%A1-da-Conquista-9.jpg\"><img decoding=\"async\" loading=\"lazy\" class=\"attachment-large size-large colorbox-297058 \" src=\"https:\/\/www.pmvc.ba.gov.br\/wp-content\/uploads\/Prefeita-e-bastidores-do-Arrai%C3%A1-da-Conquista-9-1020x680.jpg\" sizes=\"(max-width: 1020px) 100vw, 1020px\" srcset=\"https:\/\/www.pmvc.ba.gov.br\/wp-content\/uploads\/Prefeita-e-bastidores-do-Arrai\u00e1-da-Conquista-9-1020x680.jpg 1020w, https:\/\/www.pmvc.ba.gov.br\/wp-content\/uploads\/Prefeita-e-bastidores-do-Arrai\u00e1-da-Conquista-9-200x133.jpg 200w, https:\/\/www.pmvc.ba.gov.br\/wp-content\/uploads\/Prefeita-e-bastidores-do-Arrai\u00e1-da-Conquista-9-473x315.jpg 473w, https:\/\/www.pmvc.ba.gov.br\/wp-content\/uploads\/Prefeita-e-bastidores-do-Arrai\u00e1-da-Conquista-9-768x512.jpg 768w, https:\/\/www.pmvc.ba.gov.br\/wp-content\/uploads\/Prefeita-e-bastidores-do-Arrai\u00e1-da-Conquista-9-680x452.jpg 680w, https:\/\/www.pmvc.ba.gov.br\/wp-content\/uploads\/Prefeita-e-bastidores-do-Arrai\u00e1-da-Conquista-9.jpg 1200w\" alt=\"\" width=\"1020\" height=\"680\" \/><\/a><\/dt>\n<\/dl>\n<dl class=\"gallery-item\">\n<dt class=\"gallery-icon landscape\"><a class=\"cboxElement\" href=\"https:\/\/www.pmvc.ba.gov.br\/wp-content\/uploads\/Prefeita-e-bastidores-do-Arrai%C3%A1-da-Conquista-4.jpg\"><img decoding=\"async\" loading=\"lazy\" class=\"attachment-large size-large colorbox-297058 \" src=\"https:\/\/www.pmvc.ba.gov.br\/wp-content\/uploads\/Prefeita-e-bastidores-do-Arrai%C3%A1-da-Conquista-4-1020x680.jpg\" sizes=\"(max-width: 1020px) 100vw, 1020px\" srcset=\"https:\/\/www.pmvc.ba.gov.br\/wp-content\/uploads\/Prefeita-e-bastidores-do-Arrai\u00e1-da-Conquista-4-1020x680.jpg 1020w, https:\/\/www.pmvc.ba.gov.br\/wp-content\/uploads\/Prefeita-e-bastidores-do-Arrai\u00e1-da-Conquista-4-200x133.jpg 200w, https:\/\/www.pmvc.ba.gov.br\/wp-content\/uploads\/Prefeita-e-bastidores-do-Arrai\u00e1-da-Conquista-4-473x315.jpg 473w, https:\/\/www.pmvc.ba.gov.br\/wp-content\/uploads\/Prefeita-e-bastidores-do-Arrai\u00e1-da-Conquista-4-768x512.jpg 768w, https:\/\/www.pmvc.ba.gov.br\/wp-content\/uploads\/Prefeita-e-bastidores-do-Arrai\u00e1-da-Conquista-4-680x452.jpg 680w, https:\/\/www.pmvc.ba.gov.br\/wp-content\/uploads\/Prefeita-e-bastidores-do-Arrai\u00e1-da-Conquista-4.jpg 1200w\" alt=\"\" width=\"1020\" height=\"680\" \/><\/a><\/dt>\n<\/dl>\n<dl class=\"gallery-item\">\n<dt class=\"gallery-icon landscape\"><a class=\"cboxElement\" href=\"https:\/\/www.pmvc.ba.gov.br\/wp-content\/uploads\/Prefeita-e-bastidores-do-Arrai%C3%A1-da-Conquista-3.jpg\"><img decoding=\"async\" loading=\"lazy\" class=\"attachment-large size-large colorbox-297058 \" src=\"https:\/\/www.pmvc.ba.gov.br\/wp-content\/uploads\/Prefeita-e-bastidores-do-Arrai%C3%A1-da-Conquista-3-1020x680.jpg\" sizes=\"(max-width: 1020px) 100vw, 1020px\" srcset=\"https:\/\/www.pmvc.ba.gov.br\/wp-content\/uploads\/Prefeita-e-bastidores-do-Arrai\u00e1-da-Conquista-3-1020x680.jpg 1020w, https:\/\/www.pmvc.ba.gov.br\/wp-content\/uploads\/Prefeita-e-bastidores-do-Arrai\u00e1-da-Conquista-3-200x133.jpg 200w, https:\/\/www.pmvc.ba.gov.br\/wp-content\/uploads\/Prefeita-e-bastidores-do-Arrai\u00e1-da-Conquista-3-473x315.jpg 473w, https:\/\/www.pmvc.ba.gov.br\/wp-content\/uploads\/Prefeita-e-bastidores-do-Arrai\u00e1-da-Conquista-3-768x512.jpg 768w, https:\/\/www.pmvc.ba.gov.br\/wp-content\/uploads\/Prefeita-e-bastidores-do-Arrai\u00e1-da-Conquista-3-680x452.jpg 680w, https:\/\/www.pmvc.ba.gov.br\/wp-content\/uploads\/Prefeita-e-bastidores-do-Arrai\u00e1-da-Conquista-3.jpg 1200w\" alt=\"\" width=\"1020\" height=\"680\" \/><\/a><\/dt>\n<\/dl>\n<dl class=\"gallery-item\">\n<dt class=\"gallery-icon landscape\"><a class=\"cboxElement\" href=\"https:\/\/www.pmvc.ba.gov.br\/wp-content\/uploads\/Prefeita-e-bastidores-do-Arrai%C3%A1-da-Conquista-1.jpg\"><img decoding=\"async\" loading=\"lazy\" class=\"attachment-large size-large colorbox-297058 \" src=\"https:\/\/www.pmvc.ba.gov.br\/wp-content\/uploads\/Prefeita-e-bastidores-do-Arrai%C3%A1-da-Conquista-1-1020x680.jpg\" sizes=\"(max-width: 1020px) 100vw, 1020px\" srcset=\"https:\/\/www.pmvc.ba.gov.br\/wp-content\/uploads\/Prefeita-e-bastidores-do-Arrai\u00e1-da-Conquista-1-1020x680.jpg 1020w, https:\/\/www.pmvc.ba.gov.br\/wp-content\/uploads\/Prefeita-e-bastidores-do-Arrai\u00e1-da-Conquista-1-200x133.jpg 200w, https:\/\/www.pmvc.ba.gov.br\/wp-content\/uploads\/Prefeita-e-bastidores-do-Arrai\u00e1-da-Conquista-1-473x315.jpg 473w, https:\/\/www.pmvc.ba.gov.br\/wp-content\/uploads\/Prefeita-e-bastidores-do-Arrai\u00e1-da-Conquista-1-768x512.jpg 768w, https:\/\/www.pmvc.ba.gov.br\/wp-content\/uploads\/Prefeita-e-bastidores-do-Arrai\u00e1-da-Conquista-1-680x452.jpg 680w, https:\/\/www.pmvc.ba.gov.br\/wp-content\/uploads\/Prefeita-e-bastidores-do-Arrai\u00e1-da-Conquista-1.jpg 1200w\" alt=\"\" width=\"1020\" height=\"680\" \/><\/a><\/dt>\n<\/dl>\n<dl class=\"gallery-item\">\n<dt class=\"gallery-icon landscape\"><a class=\"cboxElement\" href=\"https:\/\/www.pmvc.ba.gov.br\/wp-content\/uploads\/SC2_1255.jpg\"><img decoding=\"async\" loading=\"lazy\" class=\"attachment-large size-large colorbox-297058 \" src=\"https:\/\/www.pmvc.ba.gov.br\/wp-content\/uploads\/SC2_1255-1020x680.jpg\" sizes=\"(max-width: 1020px) 100vw, 1020px\" srcset=\"https:\/\/www.pmvc.ba.gov.br\/wp-content\/uploads\/SC2_1255-1020x680.jpg 1020w, https:\/\/www.pmvc.ba.gov.br\/wp-content\/uploads\/SC2_1255-200x133.jpg 200w, https:\/\/www.pmvc.ba.gov.br\/wp-content\/uploads\/SC2_1255-473x315.jpg 473w, https:\/\/www.pmvc.ba.gov.br\/wp-content\/uploads\/SC2_1255-768x512.jpg 768w, https:\/\/www.pmvc.ba.gov.br\/wp-content\/uploads\/SC2_1255-680x452.jpg 680w, https:\/\/www.pmvc.ba.gov.br\/wp-content\/uploads\/SC2_1255.jpg 1050w\" alt=\"\" width=\"1020\" height=\"680\" \/><\/a><\/dt>\n<\/dl>\n<dl class=\"gallery-item\">\n<dt class=\"gallery-icon landscape\"><a class=\"cboxElement\" href=\"https:\/\/www.pmvc.ba.gov.br\/wp-content\/uploads\/Val-Macambira-20-06_Nem-14.jpg\"><img decoding=\"async\" loading=\"lazy\" class=\"attachment-large size-large colorbox-297058 \" src=\"https:\/\/www.pmvc.ba.gov.br\/wp-content\/uploads\/Val-Macambira-20-06_Nem-14-1020x680.jpg\" sizes=\"(max-width: 1020px) 100vw, 1020px\" srcset=\"https:\/\/www.pmvc.ba.gov.br\/wp-content\/uploads\/Val-Macambira-20-06_Nem-14-1020x680.jpg 1020w, https:\/\/www.pmvc.ba.gov.br\/wp-content\/uploads\/Val-Macambira-20-06_Nem-14-200x133.jpg 200w, https:\/\/www.pmvc.ba.gov.br\/wp-content\/uploads\/Val-Macambira-20-06_Nem-14-473x315.jpg 473w, https:\/\/www.pmvc.ba.gov.br\/wp-content\/uploads\/Val-Macambira-20-06_Nem-14-768x512.jpg 768w, https:\/\/www.pmvc.ba.gov.br\/wp-content\/uploads\/Val-Macambira-20-06_Nem-14-680x452.jpg 680w, https:\/\/www.pmvc.ba.gov.br\/wp-content\/uploads\/Val-Macambira-20-06_Nem-14.jpg 1050w\" alt=\"\" width=\"1020\" height=\"680\" \/><\/a><\/dt>\n<\/dl>\n<dl class=\"gallery-item\">\n<dt class=\"gallery-icon landscape\"><a class=\"cboxElement\" href=\"https:\/\/www.pmvc.ba.gov.br\/wp-content\/uploads\/Flavio-Jos%C3%A9-20-06-4.jpg\"><img decoding=\"async\" loading=\"lazy\" class=\"attachment-large size-large colorbox-297058 \" src=\"https:\/\/www.pmvc.ba.gov.br\/wp-content\/uploads\/Flavio-Jos%C3%A9-20-06-4-1020x680.jpg\" sizes=\"(max-width: 1020px) 100vw, 1020px\" srcset=\"https:\/\/www.pmvc.ba.gov.br\/wp-content\/uploads\/Flavio-Jos\u00e9-20-06-4-1020x680.jpg 1020w, https:\/\/www.pmvc.ba.gov.br\/wp-content\/uploads\/Flavio-Jos\u00e9-20-06-4-200x133.jpg 200w, https:\/\/www.pmvc.ba.gov.br\/wp-content\/uploads\/Flavio-Jos\u00e9-20-06-4-473x315.jpg 473w, https:\/\/www.pmvc.ba.gov.br\/wp-content\/uploads\/Flavio-Jos\u00e9-20-06-4-768x512.jpg 768w, https:\/\/www.pmvc.ba.gov.br\/wp-content\/uploads\/Flavio-Jos\u00e9-20-06-4-680x452.jpg 680w, https:\/\/www.pmvc.ba.gov.br\/wp-content\/uploads\/Flavio-Jos\u00e9-20-06-4.jpg 1050w\" alt=\"\" width=\"1020\" height=\"680\" \/><\/a><\/dt>\n<\/dl>\n<dl class=\"gallery-item\">\n<dt class=\"gallery-icon landscape\"><a class=\"cboxElement\" href=\"https:\/\/www.pmvc.ba.gov.br\/wp-content\/uploads\/Flavio-Jos%C3%A9-20-06-12.jpg\"><img decoding=\"async\" loading=\"lazy\" class=\"attachment-large size-large colorbox-297058 \" src=\"https:\/\/www.pmvc.ba.gov.br\/wp-content\/uploads\/Flavio-Jos%C3%A9-20-06-12-1020x680.jpg\" sizes=\"(max-width: 1020px) 100vw, 1020px\" srcset=\"https:\/\/www.pmvc.ba.gov.br\/wp-content\/uploads\/Flavio-Jos\u00e9-20-06-12-1020x680.jpg 1020w, https:\/\/www.pmvc.ba.gov.br\/wp-content\/uploads\/Flavio-Jos\u00e9-20-06-12-200x133.jpg 200w, https:\/\/www.pmvc.ba.gov.br\/wp-content\/uploads\/Flavio-Jos\u00e9-20-06-12-473x315.jpg 473w, https:\/\/www.pmvc.ba.gov.br\/wp-content\/uploads\/Flavio-Jos\u00e9-20-06-12-768x512.jpg 768w, https:\/\/www.pmvc.ba.gov.br\/wp-content\/uploads\/Flavio-Jos\u00e9-20-06-12-680x452.jpg 680w, https:\/\/www.pmvc.ba.gov.br\/wp-content\/uploads\/Flavio-Jos\u00e9-20-06-12.jpg 1050w\" alt=\"\" width=\"1020\" height=\"680\" \/><\/a><\/dt>\n<\/dl>\n<dl class=\"gallery-item\">\n<dt class=\"gallery-icon landscape\"><a class=\"cboxElement\" href=\"https:\/\/www.pmvc.ba.gov.br\/wp-content\/uploads\/Flavio-Jos%C3%A9-20-06-7.jpg\"><img decoding=\"async\" loading=\"lazy\" class=\"attachment-large size-large colorbox-297058 \" src=\"https:\/\/www.pmvc.ba.gov.br\/wp-content\/uploads\/Flavio-Jos%C3%A9-20-06-7-1020x680.jpg\" sizes=\"(max-width: 1020px) 100vw, 1020px\" srcset=\"https:\/\/www.pmvc.ba.gov.br\/wp-content\/uploads\/Flavio-Jos\u00e9-20-06-7-1020x680.jpg 1020w, https:\/\/www.pmvc.ba.gov.br\/wp-content\/uploads\/Flavio-Jos\u00e9-20-06-7-200x133.jpg 200w, https:\/\/www.pmvc.ba.gov.br\/wp-content\/uploads\/Flavio-Jos\u00e9-20-06-7-473x315.jpg 473w, https:\/\/www.pmvc.ba.gov.br\/wp-content\/uploads\/Flavio-Jos\u00e9-20-06-7-768x512.jpg 768w, https:\/\/www.pmvc.ba.gov.br\/wp-content\/uploads\/Flavio-Jos\u00e9-20-06-7-680x452.jpg 680w, https:\/\/www.pmvc.ba.gov.br\/wp-content\/uploads\/Flavio-Jos\u00e9-20-06-7.jpg 1050w\" alt=\"\" width=\"1020\" height=\"680\" \/><\/a><\/dt>\n<\/dl>\n<dl class=\"gallery-item\">\n<dt class=\"gallery-icon landscape\"><a class=\"cboxElement\" href=\"https:\/\/www.pmvc.ba.gov.br\/wp-content\/uploads\/Flavio-Jos%C3%A9-20-06-8.jpg\"><img decoding=\"async\" loading=\"lazy\" class=\"attachment-large size-large colorbox-297058 \" src=\"https:\/\/www.pmvc.ba.gov.br\/wp-content\/uploads\/Flavio-Jos%C3%A9-20-06-8-1020x680.jpg\" sizes=\"(max-width: 1020px) 100vw, 1020px\" srcset=\"https:\/\/www.pmvc.ba.gov.br\/wp-content\/uploads\/Flavio-Jos\u00e9-20-06-8-1020x680.jpg 1020w, https:\/\/www.pmvc.ba.gov.br\/wp-content\/uploads\/Flavio-Jos\u00e9-20-06-8-200x133.jpg 200w, https:\/\/www.pmvc.ba.gov.br\/wp-content\/uploads\/Flavio-Jos\u00e9-20-06-8-473x315.jpg 473w, https:\/\/www.pmvc.ba.gov.br\/wp-content\/uploads\/Flavio-Jos\u00e9-20-06-8-768x512.jpg 768w, https:\/\/www.pmvc.ba.gov.br\/wp-content\/uploads\/Flavio-Jos\u00e9-20-06-8-680x452.jpg 680w, https:\/\/www.pmvc.ba.gov.br\/wp-content\/uploads\/Flavio-Jos\u00e9-20-06-8.jpg 1050w\" alt=\"\" width=\"1020\" height=\"680\" \/><\/a><\/dt>\n<\/dl>\n<dl class=\"gallery-item\">\n<dt class=\"gallery-icon landscape\"><a class=\"cboxElement\" href=\"https:\/\/www.pmvc.ba.gov.br\/wp-content\/uploads\/Shows-de-Fl%C3%A1vio-Jos%C3%A9-e-Lara-Am%C3%A9lia-7.jpg\"><img decoding=\"async\" loading=\"lazy\" class=\"attachment-large size-large colorbox-297058 \" src=\"https:\/\/www.pmvc.ba.gov.br\/wp-content\/uploads\/Shows-de-Fl%C3%A1vio-Jos%C3%A9-e-Lara-Am%C3%A9lia-7-1020x680.jpg\" sizes=\"(max-width: 1020px) 100vw, 1020px\" srcset=\"https:\/\/www.pmvc.ba.gov.br\/wp-content\/uploads\/Shows-de-Fl\u00e1vio-Jos\u00e9-e-Lara-Am\u00e9lia-7-1020x680.jpg 1020w, https:\/\/www.pmvc.ba.gov.br\/wp-content\/uploads\/Shows-de-Fl\u00e1vio-Jos\u00e9-e-Lara-Am\u00e9lia-7-200x133.jpg 200w, https:\/\/www.pmvc.ba.gov.br\/wp-content\/uploads\/Shows-de-Fl\u00e1vio-Jos\u00e9-e-Lara-Am\u00e9lia-7-473x315.jpg 473w, https:\/\/www.pmvc.ba.gov.br\/wp-content\/uploads\/Shows-de-Fl\u00e1vio-Jos\u00e9-e-Lara-Am\u00e9lia-7-768x512.jpg 768w, https:\/\/www.pmvc.ba.gov.br\/wp-content\/uploads\/Shows-de-Fl\u00e1vio-Jos\u00e9-e-Lara-Am\u00e9lia-7-680x452.jpg 680w, https:\/\/www.pmvc.ba.gov.br\/wp-content\/uploads\/Shows-de-Fl\u00e1vio-Jos\u00e9-e-Lara-Am\u00e9lia-7.jpg 1200w\" alt=\"\" width=\"1020\" height=\"680\" \/><\/a><\/dt>\n<\/dl>\n<dl class=\"gallery-item\">\n<dt class=\"gallery-icon landscape\"><a class=\"cboxElement\" href=\"https:\/\/www.pmvc.ba.gov.br\/wp-content\/uploads\/WhatsApp-Image-2023-06-20-at-23.28.08.jpeg\"><img decoding=\"async\" loading=\"lazy\" class=\"attachment-large size-large colorbox-297058 \" src=\"https:\/\/www.pmvc.ba.gov.br\/wp-content\/uploads\/WhatsApp-Image-2023-06-20-at-23.28.08-907x680.jpeg\" sizes=\"(max-width: 907px) 100vw, 907px\" srcset=\"https:\/\/www.pmvc.ba.gov.br\/wp-content\/uploads\/WhatsApp-Image-2023-06-20-at-23.28.08-907x680.jpeg 907w, https:\/\/www.pmvc.ba.gov.br\/wp-content\/uploads\/WhatsApp-Image-2023-06-20-at-23.28.08-420x315.jpeg 420w, https:\/\/www.pmvc.ba.gov.br\/wp-content\/uploads\/WhatsApp-Image-2023-06-20-at-23.28.08-768x576.jpeg 768w, https:\/\/www.pmvc.ba.gov.br\/wp-content\/uploads\/WhatsApp-Image-2023-06-20-at-23.28.08.jpeg 1600w\" alt=\"\" width=\"907\" height=\"680\" \/><\/a><\/dt>\n<\/dl>\n<dl class=\"gallery-item\">\n<dt class=\"gallery-icon landscape\"><a class=\"cboxElement\" href=\"https:\/\/www.pmvc.ba.gov.br\/wp-content\/uploads\/Prefeita-e-bastidores-do-Arrai%C3%A1-da-Conquista-2.jpg\"><img decoding=\"async\" loading=\"lazy\" class=\"attachment-large size-large colorbox-297058 \" src=\"https:\/\/www.pmvc.ba.gov.br\/wp-content\/uploads\/Prefeita-e-bastidores-do-Arrai%C3%A1-da-Conquista-2-1020x680.jpg\" sizes=\"(max-width: 1020px) 100vw, 1020px\" srcset=\"https:\/\/www.pmvc.ba.gov.br\/wp-content\/uploads\/Prefeita-e-bastidores-do-Arrai\u00e1-da-Conquista-2-1020x680.jpg 1020w, https:\/\/www.pmvc.ba.gov.br\/wp-content\/uploads\/Prefeita-e-bastidores-do-Arrai\u00e1-da-Conquista-2-200x133.jpg 200w, https:\/\/www.pmvc.ba.gov.br\/wp-content\/uploads\/Prefeita-e-bastidores-do-Arrai\u00e1-da-Conquista-2-473x315.jpg 473w, https:\/\/www.pmvc.ba.gov.br\/wp-content\/uploads\/Prefeita-e-bastidores-do-Arrai\u00e1-da-Conquista-2-768x512.jpg 768w, https:\/\/www.pmvc.ba.gov.br\/wp-content\/uploads\/Prefeita-e-bastidores-do-Arrai\u00e1-da-Conquista-2-680x452.jpg 680w, https:\/\/www.pmvc.ba.gov.br\/wp-content\/uploads\/Prefeita-e-bastidores-do-Arrai\u00e1-da-Conquista-2.jpg 1200w\" alt=\"\" width=\"1020\" height=\"680\" \/><\/a><\/dt>\n<\/dl>\n<dl class=\"gallery-item\">\n<dt class=\"gallery-icon landscape\"><a class=\"cboxElement\" href=\"https:\/\/www.pmvc.ba.gov.br\/wp-content\/uploads\/Shows-de-Fl%C3%A1vio-Jos%C3%A9-e-Lara-Am%C3%A9lia-8.jpg\"><img decoding=\"async\" loading=\"lazy\" class=\"attachment-large size-large colorbox-297058 \" src=\"https:\/\/www.pmvc.ba.gov.br\/wp-content\/uploads\/Shows-de-Fl%C3%A1vio-Jos%C3%A9-e-Lara-Am%C3%A9lia-8-1020x680.jpg\" sizes=\"(max-width: 1020px) 100vw, 1020px\" srcset=\"https:\/\/www.pmvc.ba.gov.br\/wp-content\/uploads\/Shows-de-Fl\u00e1vio-Jos\u00e9-e-Lara-Am\u00e9lia-8-1020x680.jpg 1020w, https:\/\/www.pmvc.ba.gov.br\/wp-content\/uploads\/Shows-de-Fl\u00e1vio-Jos\u00e9-e-Lara-Am\u00e9lia-8-200x133.jpg 200w, https:\/\/www.pmvc.ba.gov.br\/wp-content\/uploads\/Shows-de-Fl\u00e1vio-Jos\u00e9-e-Lara-Am\u00e9lia-8-473x315.jpg 473w, https:\/\/www.pmvc.ba.gov.br\/wp-content\/uploads\/Shows-de-Fl\u00e1vio-Jos\u00e9-e-Lara-Am\u00e9lia-8-768x512.jpg 768w, https:\/\/www.pmvc.ba.gov.br\/wp-content\/uploads\/Shows-de-Fl\u00e1vio-Jos\u00e9-e-Lara-Am\u00e9lia-8-680x452.jpg 680w, https:\/\/www.pmvc.ba.gov.br\/wp-content\/uploads\/Shows-de-Fl\u00e1vio-Jos\u00e9-e-Lara-Am\u00e9lia-8.jpg 1200w\" alt=\"\" width=\"1020\" height=\"680\" \/><\/a><\/dt>\n<\/dl>\n<dl class=\"gallery-item\">\n<dt class=\"gallery-icon landscape\"><a class=\"cboxElement\" href=\"https:\/\/www.pmvc.ba.gov.br\/wp-content\/uploads\/For%C3%A7as-de-Seguran%C3%A7a-S%C3%A3o-Jo%C3%A3o-20-06-4.jpg\"><img decoding=\"async\" loading=\"lazy\" class=\"attachment-large size-large colorbox-297058 \" src=\"https:\/\/www.pmvc.ba.gov.br\/wp-content\/uploads\/For%C3%A7as-de-Seguran%C3%A7a-S%C3%A3o-Jo%C3%A3o-20-06-4-1020x680.jpg\" sizes=\"(max-width: 1020px) 100vw, 1020px\" srcset=\"https:\/\/www.pmvc.ba.gov.br\/wp-content\/uploads\/For\u00e7as-de-Seguran\u00e7a-S\u00e3o-Jo\u00e3o-20-06-4-1020x680.jpg 1020w, https:\/\/www.pmvc.ba.gov.br\/wp-content\/uploads\/For\u00e7as-de-Seguran\u00e7a-S\u00e3o-Jo\u00e3o-20-06-4-200x133.jpg 200w, https:\/\/www.pmvc.ba.gov.br\/wp-content\/uploads\/For\u00e7as-de-Seguran\u00e7a-S\u00e3o-Jo\u00e3o-20-06-4-473x315.jpg 473w, https:\/\/www.pmvc.ba.gov.br\/wp-content\/uploads\/For\u00e7as-de-Seguran\u00e7a-S\u00e3o-Jo\u00e3o-20-06-4-768x512.jpg 768w, https:\/\/www.pmvc.ba.gov.br\/wp-content\/uploads\/For\u00e7as-de-Seguran\u00e7a-S\u00e3o-Jo\u00e3o-20-06-4-680x452.jpg 680w, https:\/\/www.pmvc.ba.gov.br\/wp-content\/uploads\/For\u00e7as-de-Seguran\u00e7a-S\u00e3o-Jo\u00e3o-20-06-4.jpg 1050w\" alt=\"\" width=\"1020\" height=\"680\" \/><\/a><\/dt>\n<\/dl>\n<dl class=\"gallery-item\">\n<dt class=\"gallery-icon landscape\"><a class=\"cboxElement\" href=\"https:\/\/www.pmvc.ba.gov.br\/wp-content\/uploads\/For%C3%A7as-de-Seguran%C3%A7a-S%C3%A3o-Jo%C3%A3o-20-06-5.jpg\"><img decoding=\"async\" loading=\"lazy\" class=\"attachment-large size-large colorbox-297058 \" src=\"https:\/\/www.pmvc.ba.gov.br\/wp-content\/uploads\/For%C3%A7as-de-Seguran%C3%A7a-S%C3%A3o-Jo%C3%A3o-20-06-5-1020x680.jpg\" sizes=\"(max-width: 1020px) 100vw, 1020px\" srcset=\"https:\/\/www.pmvc.ba.gov.br\/wp-content\/uploads\/For\u00e7as-de-Seguran\u00e7a-S\u00e3o-Jo\u00e3o-20-06-5-1020x680.jpg 1020w, https:\/\/www.pmvc.ba.gov.br\/wp-content\/uploads\/For\u00e7as-de-Seguran\u00e7a-S\u00e3o-Jo\u00e3o-20-06-5-200x133.jpg 200w, https:\/\/www.pmvc.ba.gov.br\/wp-content\/uploads\/For\u00e7as-de-Seguran\u00e7a-S\u00e3o-Jo\u00e3o-20-06-5-473x315.jpg 473w, https:\/\/www.pmvc.ba.gov.br\/wp-content\/uploads\/For\u00e7as-de-Seguran\u00e7a-S\u00e3o-Jo\u00e3o-20-06-5-768x512.jpg 768w, https:\/\/www.pmvc.ba.gov.br\/wp-content\/uploads\/For\u00e7as-de-Seguran\u00e7a-S\u00e3o-Jo\u00e3o-20-06-5-680x452.jpg 680w, https:\/\/www.pmvc.ba.gov.br\/wp-content\/uploads\/For\u00e7as-de-Seguran\u00e7a-S\u00e3o-Jo\u00e3o-20-06-5.jpg 1050w\" alt=\"\" width=\"1020\" height=\"680\" \/><\/a><\/dt>\n<\/dl>\n<dl class=\"gallery-item\">\n<dt class=\"gallery-icon landscape\"><a class=\"cboxElement\" href=\"https:\/\/www.pmvc.ba.gov.br\/wp-content\/uploads\/Prefeita-e-bastidores-do-Arrai%C3%A1-da-Conquista-6.jpg\"><img decoding=\"async\" loading=\"lazy\" class=\"attachment-large size-large colorbox-297058 \" src=\"https:\/\/www.pmvc.ba.gov.br\/wp-content\/uploads\/Prefeita-e-bastidores-do-Arrai%C3%A1-da-Conquista-6-1020x680.jpg\" sizes=\"(max-width: 1020px) 100vw, 1020px\" srcset=\"https:\/\/www.pmvc.ba.gov.br\/wp-content\/uploads\/Prefeita-e-bastidores-do-Arrai\u00e1-da-Conquista-6-1020x680.jpg 1020w, https:\/\/www.pmvc.ba.gov.br\/wp-content\/uploads\/Prefeita-e-bastidores-do-Arrai\u00e1-da-Conquista-6-200x133.jpg 200w, https:\/\/www.pmvc.ba.gov.br\/wp-content\/uploads\/Prefeita-e-bastidores-do-Arrai\u00e1-da-Conquista-6-473x315.jpg 473w, https:\/\/www.pmvc.ba.gov.br\/wp-content\/uploads\/Prefeita-e-bastidores-do-Arrai\u00e1-da-Conquista-6-768x512.jpg 768w, https:\/\/www.pmvc.ba.gov.br\/wp-content\/uploads\/Prefeita-e-bastidores-do-Arrai\u00e1-da-Conquista-6-680x452.jpg 680w, https:\/\/www.pmvc.ba.gov.br\/wp-content\/uploads\/Prefeita-e-bastidores-do-Arrai\u00e1-da-Conquista-6.jpg 1200w\" alt=\"\" width=\"1020\" height=\"680\" \/><\/a><\/dt>\n<\/dl>\n<\/div>\n","protected":false},"excerpt":{"rendered":"<p>\u00c9 comum na cultura nordestina ver um of\u00edcio ser passado de gera\u00e7\u00e3o para gera\u00e7\u00e3o. E com o forr\u00f3, uma das maiores tradi\u00e7\u00f5es do Nordeste, n\u00e3o poderia ser diferente. Assim, celebrado por pais e filhos, aconteceu a abertura do Arrai\u00e1 da Conquista nessa ter\u00e7a-feira (20), no Centro Cultural Glauber Rocha. Fl\u00e1vio Jos\u00e9 A primeira m\u00fasica tocada &hellip;<\/p>\n","protected":false},"author":3,"featured_media":8261,"comment_status":"closed","ping_status":"closed","sticky":false,"template":"","format":"standard","meta":{"_links_to":"","_links_to_target":""},"categories":[22],"tags":[],"_links":{"self":[{"href":"https:\/\/www.didasantos.com.br\/v1\/wp-json\/wp\/v2\/posts\/8260"}],"collection":[{"href":"https:\/\/www.didasantos.com.br\/v1\/wp-json\/wp\/v2\/posts"}],"about":[{"href":"https:\/\/www.didasantos.com.br\/v1\/wp-json\/wp\/v2\/types\/post"}],"author":[{"embeddable":true,"href":"https:\/\/www.didasantos.com.br\/v1\/wp-json\/wp\/v2\/users\/3"}],"replies":[{"embeddable":true,"href":"https:\/\/www.didasantos.com.br\/v1\/wp-json\/wp\/v2\/comments?post=8260"}],"version-history":[{"count":1,"href":"https:\/\/www.didasantos.com.br\/v1\/wp-json\/wp\/v2\/posts\/8260\/revisions"}],"predecessor-version":[{"id":8262,"href":"https:\/\/www.didasantos.com.br\/v1\/wp-json\/wp\/v2\/posts\/8260\/revisions\/8262"}],"wp:featuredmedia":[{"embeddable":true,"href":"https:\/\/www.didasantos.com.br\/v1\/wp-json\/wp\/v2\/media\/8261"}],"wp:attachment":[{"href":"https:\/\/www.didasantos.com.br\/v1\/wp-json\/wp\/v2\/media?parent=8260"}],"wp:term":[{"taxonomy":"category","embeddable":true,"href":"https:\/\/www.didasantos.com.br\/v1\/wp-json\/wp\/v2\/categories?post=8260"},{"taxonomy":"post_tag","embeddable":true,"href":"https:\/\/www.didasantos.com.br\/v1\/wp-json\/wp\/v2\/tags?post=8260"}],"curies":[{"name":"wp","href":"https:\/\/api.w.org\/{rel}","templated":true}]}}