{"id":8291,"date":"2023-06-24T11:18:45","date_gmt":"2023-06-24T14:18:45","guid":{"rendered":"https:\/\/www.didasantos.com.br\/v1\/?p=8291"},"modified":"2023-06-24T11:18:45","modified_gmt":"2023-06-24T14:18:45","slug":"escola-meninos-da-vila-e-inaugurada-em-vitoria-da-conquista-com-a-presenca-de-paulo-almeida","status":"publish","type":"post","link":"https:\/\/www.didasantos.com.br\/v1\/2023\/06\/24\/escola-meninos-da-vila-e-inaugurada-em-vitoria-da-conquista-com-a-presenca-de-paulo-almeida\/","title":{"rendered":"Escola Meninos da Vila \u00e9 inaugurada em Vit\u00f3ria da Conquista com a presen\u00e7a de Paulo Almeida"},"content":{"rendered":"<p>Vit\u00f3ria da Conquista, na Bahia, acaba de se tornar o mais novo munic\u00edpio a receber uma nova unidade das Escolas Meninos da Vila. A inaugura\u00e7\u00e3o aconteceu no \u00faltimo s\u00e1bado (17) e contou com a presen\u00e7a de Paulo Almeida, bicampe\u00e3o brasileiro com o Santos nos anos de 2002 e 2004, que participou da aula inaugural.<\/p>\n<p>Paulo Almeida, capit\u00e3o da renomada equipe santista de 2002, expressou sua felicidade com a abertura da primeira escola Meninos da Vila na Bahia: &#8220;\u00c9 uma grande alegria presenciar a inaugura\u00e7\u00e3o da primeira escola Meninos da Vila na Bahia. Desejo toda a sorte do mundo para a equipe que trouxe esse projeto para Vit\u00f3ria da Conquista e para os jovens que ter\u00e3o a oportunidade de aprender grandes valores&#8221;, completou o ex-camisa 5.<\/p>\n<p>A nova unidade estar\u00e1 localizada na Rua Rio Ita\u00fana, n\u00b0 89, Bairro Candeias. Silvio Muniz Monteiro, Gabriel Fernandes Ramos e Peterson Gobira da Silva ser\u00e3o os representantes respons\u00e1veis pela escola. Para entrar em contato, o telefone dispon\u00edvel \u00e9 (77) 8815-3401.<\/p>\n<p>Com a inaugura\u00e7\u00e3o dessa nova unidade em Vit\u00f3ria da Conquista, as Escolas Meninos da Vila refor\u00e7am seu compromisso em oferecer educa\u00e7\u00e3o de qualidade aliada ao futebol, possibilitando o desenvolvimento de habilidades esportivas e pessoais para jovens talentos da regi\u00e3o. A chegada da escola representa uma grande oportunidade para os aspirantes a jogadores de futebol da cidade e arredores, que agora ter\u00e3o acesso a treinamentos especializados e acompanhamento pedag\u00f3gico, contribuindo para seu crescimento e forma\u00e7\u00e3o integral.<\/p>\n<p>As Escolas Meninos da Vila t\u00eam se destacado como refer\u00eancia no ensino de futebol, proporcionando uma forma\u00e7\u00e3o s\u00f3lida e preparando jovens atletas para os desafios do esporte. Com a inaugura\u00e7\u00e3o em Vit\u00f3ria da Conquista, a iniciativa ganha ainda mais for\u00e7a, levando a expertise do projeto para uma nova comunidade e abrindo portas para o sonho de muitos garotos e garotas apaixonados pelo futebol.<\/p>\n<p>Fonte: <a href=\"https:\/\/www.santosfc.com.br\/com-a-presenca-de-paulo-almeida-escola-meninos-da-vila-e-inaugurada-em-vitoria-da-conquista\/\" target=\"_blank\" rel=\"noopener\">www.santosfc.com.br\/<\/a><\/p>\n","protected":false},"excerpt":{"rendered":"<p>Vit\u00f3ria da Conquista, na Bahia, acaba de se tornar o mais novo munic\u00edpio a receber uma nova unidade das Escolas Meninos da Vila. A inaugura\u00e7\u00e3o aconteceu no \u00faltimo s\u00e1bado (17) e contou com a presen\u00e7a de Paulo Almeida, bicampe\u00e3o brasileiro com o Santos nos anos de 2002 e 2004, que participou da aula inaugural. Paulo &hellip;<\/p>\n","protected":false},"author":3,"featured_media":8292,"comment_status":"closed","ping_status":"closed","sticky":false,"template":"","format":"standard","meta":{"_links_to":"","_links_to_target":""},"categories":[24],"tags":[],"_links":{"self":[{"href":"https:\/\/www.didasantos.com.br\/v1\/wp-json\/wp\/v2\/posts\/8291"}],"collection":[{"href":"https:\/\/www.didasantos.com.br\/v1\/wp-json\/wp\/v2\/posts"}],"about":[{"href":"https:\/\/www.didasantos.com.br\/v1\/wp-json\/wp\/v2\/types\/post"}],"author":[{"embeddable":true,"href":"https:\/\/www.didasantos.com.br\/v1\/wp-json\/wp\/v2\/users\/3"}],"replies":[{"embeddable":true,"href":"https:\/\/www.didasantos.com.br\/v1\/wp-json\/wp\/v2\/comments?post=8291"}],"version-history":[{"count":1,"href":"https:\/\/www.didasantos.com.br\/v1\/wp-json\/wp\/v2\/posts\/8291\/revisions"}],"predecessor-version":[{"id":8293,"href":"https:\/\/www.didasantos.com.br\/v1\/wp-json\/wp\/v2\/posts\/8291\/revisions\/8293"}],"wp:featuredmedia":[{"embeddable":true,"href":"https:\/\/www.didasantos.com.br\/v1\/wp-json\/wp\/v2\/media\/8292"}],"wp:attachment":[{"href":"https:\/\/www.didasantos.com.br\/v1\/wp-json\/wp\/v2\/media?parent=8291"}],"wp:term":[{"taxonomy":"category","embeddable":true,"href":"https:\/\/www.didasantos.com.br\/v1\/wp-json\/wp\/v2\/categories?post=8291"},{"taxonomy":"post_tag","embeddable":true,"href":"https:\/\/www.didasantos.com.br\/v1\/wp-json\/wp\/v2\/tags?post=8291"}],"curies":[{"name":"wp","href":"https:\/\/api.w.org\/{rel}","templated":true}]}}