{"id":8428,"date":"2023-07-04T17:30:27","date_gmt":"2023-07-04T20:30:27","guid":{"rendered":"https:\/\/www.didasantos.com.br\/v1\/?p=8428"},"modified":"2023-07-04T18:02:00","modified_gmt":"2023-07-04T21:02:00","slug":"prazo-para-inscricao-no-concurso-de-professores-e-pedagogos-termina-nesta-quinta-6","status":"publish","type":"post","link":"https:\/\/www.didasantos.com.br\/v1\/2023\/07\/04\/prazo-para-inscricao-no-concurso-de-professores-e-pedagogos-termina-nesta-quinta-6\/","title":{"rendered":"Prazo para inscri\u00e7\u00e3o no concurso de professores e pedagogos termina nesta quinta, 6"},"content":{"rendered":"<p>O prazo de inscri\u00e7\u00e3o no concurso p\u00fablico para preenchimento de 214 vagas e forma\u00e7\u00e3o de cadastro reserva para o quadro do Magist\u00e9rio P\u00fablico Municipal e de pedagogo termina nesta quinta-feira (6). Os interessados podem se inscrever pelo\u00a0<a href=\"https:\/\/www.institutoaocp.org.br\/concurso.jsp?id=562\">site do Instituto AOCP<\/a>.<\/p>\n<p>O concurso \u00e9 destinado ao preenchimento de vagas no n\u00edvel II, com forma\u00e7\u00e3o normal superior, pedagogia, licenciatura plena-habilita\u00e7\u00e3o espec\u00edfica. A sele\u00e7\u00e3o destina 5% das vagas para pessoas com defici\u00eancia e tem prazo de validade de dois anos.<\/p>\n<p>A prova objetiva ser\u00e1 aplicada no dia 13 de agosto. Al\u00e9m da prova objetiva, o concurso tamb\u00e9m abranger\u00e1 prova de t\u00edtulos, de car\u00e1ter classificat\u00f3rio, para todos os cargos.<\/p>\n<p>Confira mais informa\u00e7\u00f5es no\u00a0<a href=\"https:\/\/www.pmvc.ba.gov.br\/wp-content\/uploads\/EDITAL-DE-ABERTURA-N%C2%BA-001-2023-ANEXO-I-e-ANEXO-II.pdf\">Edital n\u00ba 001\/2023<\/a>.<\/p>\n","protected":false},"excerpt":{"rendered":"<p>O prazo de inscri\u00e7\u00e3o no concurso p\u00fablico para preenchimento de 214 vagas e forma\u00e7\u00e3o de cadastro reserva para o quadro do Magist\u00e9rio P\u00fablico Municipal e de pedagogo termina nesta quinta-feira (6). Os interessados podem se inscrever pelo\u00a0site do Instituto AOCP. O concurso \u00e9 destinado ao preenchimento de vagas no n\u00edvel II, com forma\u00e7\u00e3o normal superior, &hellip;<\/p>\n","protected":false},"author":3,"featured_media":8429,"comment_status":"closed","ping_status":"closed","sticky":false,"template":"","format":"standard","meta":{"_links_to":"","_links_to_target":""},"categories":[22],"tags":[],"_links":{"self":[{"href":"https:\/\/www.didasantos.com.br\/v1\/wp-json\/wp\/v2\/posts\/8428"}],"collection":[{"href":"https:\/\/www.didasantos.com.br\/v1\/wp-json\/wp\/v2\/posts"}],"about":[{"href":"https:\/\/www.didasantos.com.br\/v1\/wp-json\/wp\/v2\/types\/post"}],"author":[{"embeddable":true,"href":"https:\/\/www.didasantos.com.br\/v1\/wp-json\/wp\/v2\/users\/3"}],"replies":[{"embeddable":true,"href":"https:\/\/www.didasantos.com.br\/v1\/wp-json\/wp\/v2\/comments?post=8428"}],"version-history":[{"count":1,"href":"https:\/\/www.didasantos.com.br\/v1\/wp-json\/wp\/v2\/posts\/8428\/revisions"}],"predecessor-version":[{"id":8430,"href":"https:\/\/www.didasantos.com.br\/v1\/wp-json\/wp\/v2\/posts\/8428\/revisions\/8430"}],"wp:featuredmedia":[{"embeddable":true,"href":"https:\/\/www.didasantos.com.br\/v1\/wp-json\/wp\/v2\/media\/8429"}],"wp:attachment":[{"href":"https:\/\/www.didasantos.com.br\/v1\/wp-json\/wp\/v2\/media?parent=8428"}],"wp:term":[{"taxonomy":"category","embeddable":true,"href":"https:\/\/www.didasantos.com.br\/v1\/wp-json\/wp\/v2\/categories?post=8428"},{"taxonomy":"post_tag","embeddable":true,"href":"https:\/\/www.didasantos.com.br\/v1\/wp-json\/wp\/v2\/tags?post=8428"}],"curies":[{"name":"wp","href":"https:\/\/api.w.org\/{rel}","templated":true}]}}