{"id":8436,"date":"2023-07-04T18:32:13","date_gmt":"2023-07-04T21:32:13","guid":{"rendered":"https:\/\/www.didasantos.com.br\/v1\/?p=8436"},"modified":"2023-07-04T18:32:13","modified_gmt":"2023-07-04T21:32:13","slug":"lamento-na-regiao-de-conquista-jovem-cometeu-suicidio","status":"publish","type":"post","link":"https:\/\/www.didasantos.com.br\/v1\/2023\/07\/04\/lamento-na-regiao-de-conquista-jovem-cometeu-suicidio\/","title":{"rendered":"Lamento na regi\u00e3o de Conquista: Jovem cometeu suic\u00eddio"},"content":{"rendered":"<p>O Departamento de Pol\u00edcia T\u00e9cnica foi acionado para responder a uma ocorr\u00eancia em uma resid\u00eancia, onde um jovem tirou a pr\u00f3pria vida, sendo encontrado com sinais de enforcamento.<\/p>\n<p>De acordo com o Blog do Rodrigo Ferraz, o incidente aconteceu na cidade vizinha de Planalto, cuja identidade do jovem foi mantida em sigilo.<\/p>\n<p>O corpo foi encaminhado ao DPT de Vit\u00f3ria da Conquista, a terceira maior cidade da Bahia.<\/p>\n<p>A comunidade de Planalto est\u00e1 profundamente comovida e triste com essa not\u00edcia. A cidade, que fica a apenas 40 km de Vit\u00f3ria da Conquista, vive um momento de grande como\u00e7\u00e3o.<\/p>\n<p>Pedimos respeito \u00e0 privacidade da fam\u00edlia nesse momento delicado e manteremos todos informados com mais detalhes assim que estiverem dispon\u00edveis.<\/p>\n<p>Fonte: Blog do Rodrigo Ferraz<\/p>\n","protected":false},"excerpt":{"rendered":"<p>O Departamento de Pol\u00edcia T\u00e9cnica foi acionado para responder a uma ocorr\u00eancia em uma resid\u00eancia, onde um jovem tirou a pr\u00f3pria vida, sendo encontrado com sinais de enforcamento. De acordo com o Blog do Rodrigo Ferraz, o incidente aconteceu na cidade vizinha de Planalto, cuja identidade do jovem foi mantida em sigilo. O corpo foi &hellip;<\/p>\n","protected":false},"author":3,"featured_media":8437,"comment_status":"closed","ping_status":"closed","sticky":false,"template":"","format":"standard","meta":{"_links_to":"","_links_to_target":""},"categories":[21],"tags":[],"_links":{"self":[{"href":"https:\/\/www.didasantos.com.br\/v1\/wp-json\/wp\/v2\/posts\/8436"}],"collection":[{"href":"https:\/\/www.didasantos.com.br\/v1\/wp-json\/wp\/v2\/posts"}],"about":[{"href":"https:\/\/www.didasantos.com.br\/v1\/wp-json\/wp\/v2\/types\/post"}],"author":[{"embeddable":true,"href":"https:\/\/www.didasantos.com.br\/v1\/wp-json\/wp\/v2\/users\/3"}],"replies":[{"embeddable":true,"href":"https:\/\/www.didasantos.com.br\/v1\/wp-json\/wp\/v2\/comments?post=8436"}],"version-history":[{"count":1,"href":"https:\/\/www.didasantos.com.br\/v1\/wp-json\/wp\/v2\/posts\/8436\/revisions"}],"predecessor-version":[{"id":8438,"href":"https:\/\/www.didasantos.com.br\/v1\/wp-json\/wp\/v2\/posts\/8436\/revisions\/8438"}],"wp:featuredmedia":[{"embeddable":true,"href":"https:\/\/www.didasantos.com.br\/v1\/wp-json\/wp\/v2\/media\/8437"}],"wp:attachment":[{"href":"https:\/\/www.didasantos.com.br\/v1\/wp-json\/wp\/v2\/media?parent=8436"}],"wp:term":[{"taxonomy":"category","embeddable":true,"href":"https:\/\/www.didasantos.com.br\/v1\/wp-json\/wp\/v2\/categories?post=8436"},{"taxonomy":"post_tag","embeddable":true,"href":"https:\/\/www.didasantos.com.br\/v1\/wp-json\/wp\/v2\/tags?post=8436"}],"curies":[{"name":"wp","href":"https:\/\/api.w.org\/{rel}","templated":true}]}}